{"id":49022,"date":"2014-12-31T12:06:10","date_gmt":"2014-12-31T15:06:10","guid":{"rendered":"http:\/\/aconteceunovale.com.br\/portal\/?p=49022"},"modified":"2014-12-31T12:06:10","modified_gmt":"2014-12-31T15:06:10","slug":"previsao-do-tempo-para-minas-gerais-nesta-quarta-feira-31-de-dezembro","status":"publish","type":"post","link":"https:\/\/aconteceunovale.com.br\/portal\/?p=49022","title":{"rendered":"Previs\u00e3o do tempo para Minas Gerais nesta quarta-feira, 31 de dezembro"},"content":{"rendered":"<h4><strong><em>As temperaturas permanecem elevadas e a m\u00e1xima pode atingir 36\u00b0C no setor Norte do Estado<\/em><\/strong><\/h4>\n<p>Nesta quarta-feira, o dia amanhece com muitas nuvens na maior parte do Sudeste do Brasil, decorrente da atua\u00e7\u00e3o de um sistema de baixa press\u00e3o continental. No decorrer do dia, podem ocorrer chuvas localizadas e de curta dura\u00e7\u00e3o em parte dos estados. Em Minas Gerais c\u00e9u fica nublado a parcialmente nublado e ocorrem pancadas de chuva e trovoadas isoladas nas mesorregi\u00f5es Noroeste, Tri\u00e2ngulo, Oeste, Sul, Campo das Vertentes e Zona da Mata. <\/p>\n<p>Na Metropolitana de Belo Horizonte e Central Mineira, o tempo fica com muitas nuvens e pode chover a qualquer momento, no entanto sem acumulados significativos, especialmente na capital. As temperaturas permanecem elevadas e a m\u00e1xima pode atingir 36\u00b0C no setor Norte do Estado. A umidade do ar oscila em torno de 30% nas horas mais quentes do per\u00edodo. Na capital mineira, o dia ser\u00e1 de c\u00e9u nublado a parcialmente nublado com possibilidade de chuvas localizadas e de curta dura\u00e7\u00e3o. As temperaturas oscilam entre 19 e 32\u00b0C.<\/p>\n","protected":false},"excerpt":{"rendered":"<p>As temperaturas permanecem elevadas e a m\u00e1xima pode atingir 36\u00b0C no setor Norte do Estado Nesta quarta-feira, o dia amanhece com muitas nuvens na maior parte do Sudeste do Brasil, decorrente da atua\u00e7\u00e3o de um sistema de baixa press\u00e3o continental. No decorrer do dia, podem ocorrer chuvas localizadas e de curta dura\u00e7\u00e3o em parte dos [&hellip;]<\/p>\n","protected":false},"author":1,"featured_media":15765,"comment_status":"open","ping_status":"closed","sticky":false,"template":"","format":"standard","meta":{"amp_status":"","footnotes":""},"categories":[123],"tags":[1839,28461,28460,28462,28463],"class_list":["post-49022","post","type-post","status-publish","format-standard","has-post-thumbnail","hentry","category-gerais","tag-previsao-do-tempo-para-minas-gerais","tag-previsao-do-tempo-para-minas-gerais-na-virada-de-ano","tag-previsao-do-tempo-para-minas-gerais-nesta-quarta-feira-31-de-dezembro","tag-previsao-do-tempo-para-minas-gerais-no-ano-novo","tag-previsao-do-tempo-para-minas-gerais-no-reveillon"],"_links":{"self":[{"href":"https:\/\/aconteceunovale.com.br\/portal\/index.php?rest_route=\/wp\/v2\/posts\/49022","targetHints":{"allow":["GET"]}}],"collection":[{"href":"https:\/\/aconteceunovale.com.br\/portal\/index.php?rest_route=\/wp\/v2\/posts"}],"about":[{"href":"https:\/\/aconteceunovale.com.br\/portal\/index.php?rest_route=\/wp\/v2\/types\/post"}],"author":[{"embeddable":true,"href":"https:\/\/aconteceunovale.com.br\/portal\/index.php?rest_route=\/wp\/v2\/users\/1"}],"replies":[{"embeddable":true,"href":"https:\/\/aconteceunovale.com.br\/portal\/index.php?rest_route=%2Fwp%2Fv2%2Fcomments&post=49022"}],"version-history":[{"count":0,"href":"https:\/\/aconteceunovale.com.br\/portal\/index.php?rest_route=\/wp\/v2\/posts\/49022\/revisions"}],"wp:featuredmedia":[{"embeddable":true,"href":"https:\/\/aconteceunovale.com.br\/portal\/index.php?rest_route=\/wp\/v2\/media\/15765"}],"wp:attachment":[{"href":"https:\/\/aconteceunovale.com.br\/portal\/index.php?rest_route=%2Fwp%2Fv2%2Fmedia&parent=49022"}],"wp:term":[{"taxonomy":"category","embeddable":true,"href":"https:\/\/aconteceunovale.com.br\/portal\/index.php?rest_route=%2Fwp%2Fv2%2Fcategories&post=49022"},{"taxonomy":"post_tag","embeddable":true,"href":"https:\/\/aconteceunovale.com.br\/portal\/index.php?rest_route=%2Fwp%2Fv2%2Ftags&post=49022"}],"curies":[{"name":"wp","href":"https:\/\/api.w.org\/{rel}","templated":true}]}}