{"id":49019,"date":"2014-12-31T12:02:24","date_gmt":"2014-12-31T15:02:24","guid":{"rendered":"http:\/\/aconteceunovale.com.br\/portal\/?p=49019"},"modified":"2014-12-31T12:02:24","modified_gmt":"2014-12-31T15:02:24","slug":"emater-contribui-para-a-retirada-de-milhares-de-familias-mineiras-da-miseria","status":"publish","type":"post","link":"https:\/\/aconteceunovale.com.br\/portal\/?p=49019","title":{"rendered":"Emater contribui para a retirada de milhares de fam\u00edlias mineiras da mis\u00e9ria"},"content":{"rendered":"<h4><strong><em>A Empresa de Assist\u00eancia T\u00e9cnica e Extens\u00e3o Rural do Estado de Minas Gerais trabalha no planejamento de projetos de gera\u00e7\u00e3o de renda<\/em><\/strong><\/h4>\n<p>Com 2,4 mil reais na m\u00e3o e boas ideias, milhares de fam\u00edlias de Minas Gerais conseguem sair da extrema pobreza, pondo em pr\u00e1tica projetos de gera\u00e7\u00e3o de renda. Para isso, contam com o trabalho da Empresa de Assist\u00eancia T\u00e9cnica e Extens\u00e3o Rural do Estado de Minas Gerais (Emater-MG), no planejamento e execu\u00e7\u00e3o das a\u00e7\u00f5es.<\/p>\n<p><img decoding=\"async\" src=\"http:\/\/aconteceunovale.com.br\/portal\/wp-content\/uploads\/2014\/12\/emater-mg-contribui-para-a-retirada-de-milhares-de-familias-da-miseria.jpg\" alt=\"\" \/><em>A cria\u00e7\u00e3o de aves \u00e9 um dos projetos produtivos apresentados \u00e0s fam\u00edlias em situa\u00e7\u00e3o de vulnerabilidade social &#8211; Foto: Divulga\u00e7\u00e3o\/Emater de Estado de Minas Gerais<\/em><br \/>\n<\/br><\/p>\n<p>No Plano Brasil Sem Mis\u00e9ria, por exemplo, a Emater-MG j\u00e1 atendeu, em um ano, cerca de 8,2 mil fam\u00edlias, de munic\u00edpios das regi\u00f5es Norte, Nordeste e Leste do Estado, al\u00e9m de Curvelo e Una\u00ed. Pelo acordo de coopera\u00e7\u00e3o t\u00e9cnica firmado em novembro de 2013 entre a Emater-MG, o Minist\u00e9rio de Desenvolvimento Agr\u00e1rio (MDA) e o Minist\u00e9rio do Desenvolvimento Social (MDS), a empresa faz o diagn\u00f3stico e o planejamento de projetos produtivos das fam\u00edlias que podem ser beneficiadas, al\u00e9m de orientar a execu\u00e7\u00e3o dos mesmos.<\/p>\n<p>A meta do acordo com a Emater-MG, de dois anos, \u00e9 atender 9,4 mil fam\u00edlias em situa\u00e7\u00e3o de vulnerabilidade social, ou seja, que tenham renda mensal de at\u00e9 77 reais por pessoa. De acordo com o coordenador do projeto na Emater-MG, Danilo Alvarenga. Em um ano, j\u00e1 foram cumpridos 80% da meta de libera\u00e7\u00e3o de projetos. Em 2015, al\u00e9m de atender os 20% que ainda n\u00e3o receberam recursos, ser\u00e3o realizadas as visitas de acompanhamento em todos os empreendimentos, para conferir a sustentabilidade dos investimentos.<\/p>\n<p>Pelas regras do Plano Brasil Sem Mis\u00e9ria, o dinheiro deve ser utilizado em projetos produtivos que gerem renda, e n\u00e3o necessariamente agropecu\u00e1rios. Mas estes s\u00e3o a maioria. Os mais comuns, segundo Danilo Alvarenga, s\u00e3o cria\u00e7\u00e3o de frango caipira, apicultura, cria\u00e7\u00e3o de porcos, aquisi\u00e7\u00e3o de novilhas. Tamb\u00e9m j\u00e1 foram atendidos projetos de aquisi\u00e7\u00e3o de m\u00e1quinas de costura, e at\u00e9 de sal\u00e3o de beleza.<\/p>\n<p>\u201c\u00c9 um programa que gera resultados sustent\u00e1veis em pouco tempo. Por exemplo, na avicultura, com 800 reais \u00e9 poss\u00edvel construir um galinheiro, al\u00e9m de comprar os pintinhos e a ra\u00e7\u00e3o. Tr\u00eas a quatro meses depois os produtores j\u00e1 come\u00e7am a venda dos frangos\u201d, afirma Alvarenga. Ele explica que, no acompanhamento com os t\u00e9cnicos de Ater, os benefici\u00e1rios s\u00e3o orientados a investir parte das receitas no pr\u00f3prio neg\u00f3cio, ou seja, no custeio da atividade.<\/p>\n<p>De acordo com a cartilha informativa do Brasil Sem Mis\u00e9ria, na primeira etapa do projeto, o agente de Ater (no caso de Minas, a Emater-MG) faz, junto com a fam\u00edlia, um diagn\u00f3stico sobre as condi\u00e7\u00f5es atuais da produ\u00e7\u00e3o, identificando pontos fortes e dificuldades. Na segunda, com base no diagn\u00f3stico, a fam\u00edlia e o t\u00e9cnico elaboram conjuntamente um projeto detalhado para organizar ou ampliar a produ\u00e7\u00e3o, com estabelecimento de etapas para a estrutura\u00e7\u00e3o produtiva da fam\u00edlia. Por fim, o agente de Ater acompanha a fam\u00edlia durante o desenvolvimento do projeto, para que ele seja executado da melhor forma poss\u00edvel, podendo orient\u00e1-la inclusive quanto a formas de comercializar os excedentes, para aumentar a renda.<\/p>\n<p>O pagamento \u00e9 feito pelo Minist\u00e9rio do Desenvolvimento Social e Combate \u00e0 Fome (MDS) diretamente aos agricultores, por meio do cart\u00e3o do Bolsa Fam\u00edlia ou pelo Cart\u00e3o Cidad\u00e3o. Cada fam\u00edlia pode receber 2,4 mil reais, divididos em duas parcelas. N\u00e3o se trata de empr\u00e9stimo, ou seja, n\u00e3o \u00e9 preciso devolver o dinheiro, mas s\u00f3 recebem a outra parcela as fam\u00edlias que se envolverem e participarem ativamente do desenvolvimento do projeto. Os recursos devem ser usados na compra de insumos e equipamentos (como sementes, adubos, ferramentas, animais e matrizes) ou na contrata\u00e7\u00e3o de pequenos servi\u00e7os necess\u00e1rios \u00e0 implanta\u00e7\u00e3o do projeto.<\/p>\n<h4>Padaria<\/h4>\n<p>Um grupo de agricultoras do povoado de Timorante, munic\u00edpio de Bandeira (Vale do Jequitinhonha), se organizou para come\u00e7ar a fabrica\u00e7\u00e3o de p\u00e3es, biscoitos, bolos e doces. Segundo a extensionista da Emater-MG Lucianara Guimar\u00e3es, a Prefeitura municipal de Bandeira vai ceder um im\u00f3vel e providenciar a reforma e adequa\u00e7\u00e3o de um espa\u00e7o onde funcionar\u00e1 a cozinha comunit\u00e1ria. \u201cO Brasil Sem Mis\u00e9ria tem contribu\u00eddo bastante para a melhoria da qualidade de vida e a gera\u00e7\u00e3o de emprego e renda\u201d, afirma.<\/p>\n<p>Lucianara foi a respons\u00e1vel pela capacita\u00e7\u00e3o para produ\u00e7\u00e3o de farinha e farin\u00e1ceos, realizada em novembro, no munic\u00edpio de Bandeira. A Emater-MG tamb\u00e9m orienta os produtores da regi\u00e3o para participarem do Programa Nacional de Alimenta\u00e7\u00e3o Escolar e do Programa de Aquisi\u00e7\u00e3o de Alimentos. O objetivo \u00e9 tamb\u00e9m incentivar a agrega\u00e7\u00e3o de valor \u00e0 produ\u00e7\u00e3o agr\u00edcola, para gerar mais emprego e renda.<\/p>\n<h4>Quilombolas<\/h4>\n<p>A comunidade de Po\u00e7\u00f5es, no munic\u00edpio de Francisco S\u00e1, tamb\u00e9m foi selecionada para participar do plano, com a proposta de melhorar as condi\u00e7\u00f5es de vida dos moradores, remanescentes dos antigos quilombos da \u00e9poca da escravatura. Ap\u00f3s um diagn\u00f3stico da realidade rural na regi\u00e3o, foi detectado potencial de desenvolvimento e necessidade de mais servi\u00e7os de assist\u00eancia t\u00e9cnica e extens\u00e3o rural, pois apenas cerca de 20% das fam\u00edlias praticavam mais de duas atividades produtivas durante o ano-safra. A maioria praticava somente uma atividade, como bovinocultura ou lavoura, explica Jos\u00e9 Eust\u00e1quio Barbosa, extensionista da Emater-MG em Francisco S\u00e1.<\/p>\n<p>Os investimentos foram concentrados em atividades como avicultura, bovinocultura, suinocultura, todas acompanhadas pela equipe da Emater-MG, e com recursos do Brasil Sem Mis\u00e9ria. \u201cAl\u00e9m da assist\u00eancia t\u00e9cnica, a Emater-MG organizou oficinas, dias de campo e reuni\u00f5es, com o objetivo de, principalmente, aumentar a qualidade de vida, com a educa\u00e7\u00e3o alimentar, al\u00e9m do resgate cultural\u201d, explica a extensionista de Bem-estar social, Cleide Neves.<\/p>\n<p><em>(Ag\u00eancia Minas)<\/em><\/p>\n","protected":false},"excerpt":{"rendered":"<p>A Empresa de Assist\u00eancia T\u00e9cnica e Extens\u00e3o Rural do Estado de Minas Gerais trabalha no planejamento de projetos de gera\u00e7\u00e3o de renda Com 2,4 mil reais na m\u00e3o e boas ideias, milhares de fam\u00edlias de Minas Gerais conseguem sair da extrema pobreza, pondo em pr\u00e1tica projetos de gera\u00e7\u00e3o de renda. Para isso, contam com o [&hellip;]<\/p>\n","protected":false},"author":1,"featured_media":49020,"comment_status":"open","ping_status":"closed","sticky":false,"template":"","format":"standard","meta":{"amp_status":"","footnotes":""},"categories":[123],"tags":[28451,353,28459,28457,197,1018,734,28450,28452,1395,28458,28455,28453,28454,28456,222],"class_list":["post-49019","post","type-post","status-publish","format-standard","has-post-thumbnail","hentry","category-gerais","tag-a-empresa-de-assistencia-tecnica-e-extensao-rural-do-estado-de-minas-gerais-trabalha-no-planejamento-de-projetos-de-geracao-de-renda","tag-bandeira","tag-cleide-neves","tag-comunidade-de-pocoes","tag-curvelo","tag-destaque","tag-emater","tag-emater-contribui-para-a-retirada-de-milhares-de-familias-mineiras-da-miseria","tag-empresa-de-assistencia-tecnica-e-extensao-rural-do-estado-de-minas-gerais","tag-francisco-sa","tag-jose-eustaquio-barbosa","tag-lucianara-guimaraes","tag-plano-brasil-sem-miseria","tag-povoado-de-timorante","tag-prefeitura-municipal-de-bandeira","tag-unai"],"_links":{"self":[{"href":"https:\/\/aconteceunovale.com.br\/portal\/index.php?rest_route=\/wp\/v2\/posts\/49019","targetHints":{"allow":["GET"]}}],"collection":[{"href":"https:\/\/aconteceunovale.com.br\/portal\/index.php?rest_route=\/wp\/v2\/posts"}],"about":[{"href":"https:\/\/aconteceunovale.com.br\/portal\/index.php?rest_route=\/wp\/v2\/types\/post"}],"author":[{"embeddable":true,"href":"https:\/\/aconteceunovale.com.br\/portal\/index.php?rest_route=\/wp\/v2\/users\/1"}],"replies":[{"embeddable":true,"href":"https:\/\/aconteceunovale.com.br\/portal\/index.php?rest_route=%2Fwp%2Fv2%2Fcomments&post=49019"}],"version-history":[{"count":0,"href":"https:\/\/aconteceunovale.com.br\/portal\/index.php?rest_route=\/wp\/v2\/posts\/49019\/revisions"}],"wp:featuredmedia":[{"embeddable":true,"href":"https:\/\/aconteceunovale.com.br\/portal\/index.php?rest_route=\/wp\/v2\/media\/49020"}],"wp:attachment":[{"href":"https:\/\/aconteceunovale.com.br\/portal\/index.php?rest_route=%2Fwp%2Fv2%2Fmedia&parent=49019"}],"wp:term":[{"taxonomy":"category","embeddable":true,"href":"https:\/\/aconteceunovale.com.br\/portal\/index.php?rest_route=%2Fwp%2Fv2%2Fcategories&post=49019"},{"taxonomy":"post_tag","embeddable":true,"href":"https:\/\/aconteceunovale.com.br\/portal\/index.php?rest_route=%2Fwp%2Fv2%2Ftags&post=49019"}],"curies":[{"name":"wp","href":"https:\/\/api.w.org\/{rel}","templated":true}]}}