{"id":49014,"date":"2014-12-30T22:52:30","date_gmt":"2014-12-31T01:52:30","guid":{"rendered":"http:\/\/aconteceunovale.com.br\/portal\/?p=49014"},"modified":"2015-01-17T13:05:33","modified_gmt":"2015-01-17T16:05:33","slug":"ivete-sangalo-abre-oficialmente-a-temporada-em-porto-seguro","status":"publish","type":"post","link":"https:\/\/aconteceunovale.com.br\/portal\/?p=49014","title":{"rendered":"Ivete Sangalo abre oficialmente a temporada em Porto Seguro"},"content":{"rendered":"<h4><strong><em>A cantora lotou a Arena Ax\u00e9 Moi com o show da turn\u00ea IS 20 \u2013 Multi Show<\/em><\/strong><\/h4>\n<p>Mais um show c\u00e9lebre na Arena Ax\u00e9 Moi. Abrindo a temporada de Ver\u00e3o em Porto Seguro, Ivete Sangalo se apresentou com o Show IS 20 anos \u2013 Multi Show. Recorde de p\u00fablico, o evento reuniu pessoas de v\u00e1rias partes do Brasil que j\u00e1 chegaram \u00e0 cidade para aproveitar a temporada de Ver\u00e3o 2015 que s\u00f3 est\u00e1 come\u00e7ando.<\/p>\n<p><img decoding=\"async\" src=\"http:\/\/aconteceunovale.com.br\/portal\/wp-content\/uploads\/2014\/12\/show_ivete_porto_1.jpg\" alt=\"\" \/><em>Ivete abriu a temporada de Ver\u00e3o em Porto Seguro &#8211; Foto: Divulga\u00e7\u00e3o<\/em><br \/>\n<\/br><\/p>\n<p>Antes do show, a artista recebeu a imprensa e f\u00e3s, incluindo a Taila Santos, de S\u00e3o Paulo, que venceu a promo\u00e7\u00e3o realizada pela Arena Ax\u00e9 Moi com os clientes que efetuaram a pr\u00e9 &#8211; reserva de ingressos para o evento. \u201c\u00c9 uma emo\u00e7\u00e3o inesquec\u00edvel. Eu nem esperava e estou muito feliz\u201d, Taila. <\/p>\n<p>Segundo Ivete Sangalo, o nome Ax\u00e9 Moi faz parte da sua hist\u00f3ria e tem grande significado na carreira, n\u00e3o s\u00f3 dela, \u2018como de todo artista que passa pela casa\u2019. \u201c\u00c9 sempre um prazer estar aqui na Arena, com gente de todo o pa\u00eds. Quando postei que estaria em Porto Seguro, pessoas de outros estados, mas tamb\u00e9m aqui de Feira de Santana, Salvador e outras partes da Bahia me responderam que estariam chegando aqui tamb\u00e9m. Porto Seguro tem esta particularidade\u201d, afirmou a cantora. <\/p>\n<p>A apresenta\u00e7\u00e3o contou com um repert\u00f3rio vast\u00edssimo composto por novas e antigas can\u00e7\u00f5es de sucesso da artista, a exemplo dos sucessos \u201cDan\u00e7ando\u201d, \u201cMuito obrigado, ax\u00e9\u201d, \u201cTempo de alegria\u201d, e \u201cAmor que n\u00e3o sai\u201d.<\/p>\n<p><img decoding=\"async\" src=\"http:\/\/aconteceunovale.com.br\/portal\/wp-content\/uploads\/2014\/12\/show_ivete_porto_2.jpg\" alt=\"\" \/><em>Ivete abriu a temporada de Ver\u00e3o em Porto Seguro &#8211; Foto: Divulga\u00e7\u00e3o<\/em><br \/>\n<\/br><\/p>\n<h4>Programa\u00e7\u00e3o<\/h4>\n<p>A folia continua na noite da virada, 31 de dezembro. A Cabana Ax\u00e9 Moi preparou uma festa \u201cp\u00e9 na areia\u201d, com as tradicionais oferendas a Iemanj\u00e1 baianas t\u00edpicas, m\u00fasica ao vivo (Banda Regional, DJ), dan\u00e7as e coreografias a cargo dos artistas do Axe Moi, mesa de frutas tropicais, decora\u00e7\u00e3o tem\u00e1tica e muita, muita anima\u00e7\u00e3o. <\/p>\n<p>No dia 1\u00ba de janeiro, come\u00e7a o Reveillon Ax\u00e9 Moi 2015. Thiaguinho, Saulo, Cl\u00e1udia Leite, Avi\u00f5es, Bell Marques e Tomate comandar\u00e3o a festa at\u00e9 o dia 3 de janeiro na Arena Ax\u00e9 Moi. Nos dias 5 e 26 de janeiro tem luau na Cabana Ax\u00e9 Moi. Banda Regional ao vivo, DJ eletr\u00f4nico no lounge, Cia de Dan\u00e7a, Mesa de frutas, animadores exclusivos e muito mais.<\/p>\n<p>No dia 12 de janeiro tem Chopada do Eva e no dia 19 de janeiro tem Chopada do Jamil e uma noites. Dois eventos open bar de Skol, \u00e1gua e refrigerante no Ax\u00e9 Moi praia. Quem compra o ingresso ganha uma caneca t\u00e9rmica exclusiva do Ax\u00e9 Moi. <\/p>\n<p>No dia 2 de fevereiro tem o luau de Iemanj\u00e1, na Cabana Ax\u00e9 Moi. Dias 18; 19 e 20 de fevereiro a cidade ferve com o Carnaporto Ax\u00e9 Moi 2015. As atra\u00e7\u00f5es s\u00e3o: Monobloco, Jammil, Bell Marques, Cheiro de Amor, Banda Eva, Saulo, Cl\u00e1udia Leitte, tomate e mais uma atra\u00e7\u00e3o a definir. O evento promete ser mais um sucesso de p\u00fablico. <\/p>\n<p>Confira toda programa\u00e7\u00e3o no site <a href=\"http:\/\/www.axemoi.com.br\" target=\"_blank\">www.axemoi.com.br<\/a> ou ligue para (73) 3288-8930 e saiba mais.<\/p>\n<p><img decoding=\"async\" src=\"http:\/\/aconteceunovale.com.br\/portal\/wp-content\/uploads\/2014\/12\/show_ivete_porto_3.jpg\" alt=\"\" \/><em>Ivete abriu a temporada de Ver\u00e3o em Porto Seguro &#8211; Foto: Divulga\u00e7\u00e3o<\/em><\/p>\n","protected":false},"excerpt":{"rendered":"<p>A cantora lotou a Arena Ax\u00e9 Moi com o show da turn\u00ea IS 20 \u2013 Multi Show Mais um show c\u00e9lebre na Arena Ax\u00e9 Moi. Abrindo a temporada de Ver\u00e3o em Porto Seguro, Ivete Sangalo se apresentou com o Show IS 20 anos \u2013 Multi Show. Recorde de p\u00fablico, o evento reuniu pessoas de v\u00e1rias [&hellip;]<\/p>\n","protected":false},"author":1,"featured_media":49015,"comment_status":"open","ping_status":"closed","sticky":false,"template":"","format":"standard","meta":{"amp_status":"","footnotes":""},"categories":[125],"tags":[19281,28446,28447,28448,19275,28440,28449,423,7925,28444,28445,28443,28441,28442],"class_list":["post-49014","post","type-post","status-publish","format-standard","has-post-thumbnail","hentry","category-noticias","tag-arena-axe-moi","tag-cabana-axe-moi","tag-chopada-do-eva","tag-chopada-do-jamil-e-uma-noites","tag-ivete-sangalo","tag-ivete-sangalo-abre-oficialmente-a-temporada-em-porto-seguro","tag-luau-de-iemanja","tag-porto-seguro","tag-reveillon-axe-moi-2015","tag-show-is-20-anos-multi-show","tag-taila-santos","tag-temporada-de-verao-em-porto-seguro","tag-temporada-em-porto-seguro","tag-turne-is-20-multi-show"],"_links":{"self":[{"href":"https:\/\/aconteceunovale.com.br\/portal\/index.php?rest_route=\/wp\/v2\/posts\/49014","targetHints":{"allow":["GET"]}}],"collection":[{"href":"https:\/\/aconteceunovale.com.br\/portal\/index.php?rest_route=\/wp\/v2\/posts"}],"about":[{"href":"https:\/\/aconteceunovale.com.br\/portal\/index.php?rest_route=\/wp\/v2\/types\/post"}],"author":[{"embeddable":true,"href":"https:\/\/aconteceunovale.com.br\/portal\/index.php?rest_route=\/wp\/v2\/users\/1"}],"replies":[{"embeddable":true,"href":"https:\/\/aconteceunovale.com.br\/portal\/index.php?rest_route=%2Fwp%2Fv2%2Fcomments&post=49014"}],"version-history":[{"count":0,"href":"https:\/\/aconteceunovale.com.br\/portal\/index.php?rest_route=\/wp\/v2\/posts\/49014\/revisions"}],"wp:featuredmedia":[{"embeddable":true,"href":"https:\/\/aconteceunovale.com.br\/portal\/index.php?rest_route=\/wp\/v2\/media\/49015"}],"wp:attachment":[{"href":"https:\/\/aconteceunovale.com.br\/portal\/index.php?rest_route=%2Fwp%2Fv2%2Fmedia&parent=49014"}],"wp:term":[{"taxonomy":"category","embeddable":true,"href":"https:\/\/aconteceunovale.com.br\/portal\/index.php?rest_route=%2Fwp%2Fv2%2Fcategories&post=49014"},{"taxonomy":"post_tag","embeddable":true,"href":"https:\/\/aconteceunovale.com.br\/portal\/index.php?rest_route=%2Fwp%2Fv2%2Ftags&post=49014"}],"curies":[{"name":"wp","href":"https:\/\/api.w.org\/{rel}","templated":true}]}}