{"id":49006,"date":"2014-12-30T22:07:11","date_gmt":"2014-12-31T01:07:11","guid":{"rendered":"http:\/\/aconteceunovale.com.br\/portal\/?p=49006"},"modified":"2014-12-30T22:07:11","modified_gmt":"2014-12-31T01:07:11","slug":"motorista-morre-apos-desviar-de-carro-e-bater-em-arvore-no-municipio-de-presidente-juscelino","status":"publish","type":"post","link":"https:\/\/aconteceunovale.com.br\/portal\/?p=49006","title":{"rendered":"Motorista morre ap\u00f3s desviar de carro e bater em \u00e1rvore no munic\u00edpio de Presidente Juscelino"},"content":{"rendered":"<h4><strong><em>Motorista que teria provocado acidente, e que ainda n\u00e3o foi identificado, fugiu sem prestar socorro \u00e0s v\u00edtimas.<\/em><\/strong><\/h4>\n<p>Uma mulher morreu ap\u00f3s tentar desviar de um carro que seguia na contram\u00e3o e, em seguida, cair em uma ribanceira \u00e0s margens da BR-259, no munic\u00edpio de Presidente Juscelino, na regi\u00e3o Central de Minas Gerais, na tarde desta ter\u00e7a-feira (30). Outra mulher que estava no banco do carona ficou ferida e foi socorrida por equipes do Corpo de Bombeiros.<\/p>\n<p>Conforme informa\u00e7\u00f5es da corpora\u00e7\u00e3o, Ana Cristina Alves Costa, 26 anos, que conduzia uma Chevrolet Onix, de cor preta, com placa de Belo Horizonte, quando se deparou com outro ve\u00edculo na contram\u00e3o. A motorista jogou o carro para o acostamento, mas n\u00e3o conseguiu parar e caiu em uma ribanceira. O ve\u00edculo andou cerca de cinco quil\u00f4metros e s\u00f3 parou ao bater em uma \u00e1rvore.<\/p>\n<p>A passageira do ve\u00edculo  \u00c9rica Poliana de Abreu, 30 anos, ficou presa dentro do carro e foi socorrida por bombeiros da cidade de Varginha. Ela foi encaminhada com escoria\u00e7\u00f5es para o Pronto-atendimento de Curvelo. O corpo de Ana Cristina foi levado pela funer\u00e1ria Mada Pax ao Instituto M\u00e9dico Legal (IML) de Curvelo.<\/p>\n<p>O outro ve\u00edculo n\u00e3o ficou no local do acidente. At\u00e9 agora, o carro que teria provocado o acidente n\u00e3o foi identificado. (O Tempo)<\/p>\n","protected":false},"excerpt":{"rendered":"<p>Motorista que teria provocado acidente, e que ainda n\u00e3o foi identificado, fugiu sem prestar socorro \u00e0s v\u00edtimas. Uma mulher morreu ap\u00f3s tentar desviar de um carro que seguia na contram\u00e3o e, em seguida, cair em uma ribanceira \u00e0s margens da BR-259, no munic\u00edpio de Presidente Juscelino, na regi\u00e3o Central de Minas Gerais, na tarde desta [&hellip;]<\/p>\n","protected":false},"author":1,"featured_media":42404,"comment_status":"open","ping_status":"closed","sticky":false,"template":"","format":"standard","meta":{"amp_status":"","footnotes":""},"categories":[123],"tags":[28423,194,197,28424,28425,4892],"class_list":["post-49006","post","type-post","status-publish","format-standard","has-post-thumbnail","hentry","category-gerais","tag-ana-cristina-alves-costa","tag-belo-horizonte","tag-curvelo","tag-erica-poliana-de-abreu","tag-motorista-morre-apos-desviar-de-carro-e-bater-em-arvore-no-municipio-de-presidente-juscelino","tag-presidente-juscelino"],"_links":{"self":[{"href":"https:\/\/aconteceunovale.com.br\/portal\/index.php?rest_route=\/wp\/v2\/posts\/49006","targetHints":{"allow":["GET"]}}],"collection":[{"href":"https:\/\/aconteceunovale.com.br\/portal\/index.php?rest_route=\/wp\/v2\/posts"}],"about":[{"href":"https:\/\/aconteceunovale.com.br\/portal\/index.php?rest_route=\/wp\/v2\/types\/post"}],"author":[{"embeddable":true,"href":"https:\/\/aconteceunovale.com.br\/portal\/index.php?rest_route=\/wp\/v2\/users\/1"}],"replies":[{"embeddable":true,"href":"https:\/\/aconteceunovale.com.br\/portal\/index.php?rest_route=%2Fwp%2Fv2%2Fcomments&post=49006"}],"version-history":[{"count":0,"href":"https:\/\/aconteceunovale.com.br\/portal\/index.php?rest_route=\/wp\/v2\/posts\/49006\/revisions"}],"wp:featuredmedia":[{"embeddable":true,"href":"https:\/\/aconteceunovale.com.br\/portal\/index.php?rest_route=\/wp\/v2\/media\/42404"}],"wp:attachment":[{"href":"https:\/\/aconteceunovale.com.br\/portal\/index.php?rest_route=%2Fwp%2Fv2%2Fmedia&parent=49006"}],"wp:term":[{"taxonomy":"category","embeddable":true,"href":"https:\/\/aconteceunovale.com.br\/portal\/index.php?rest_route=%2Fwp%2Fv2%2Fcategories&post=49006"},{"taxonomy":"post_tag","embeddable":true,"href":"https:\/\/aconteceunovale.com.br\/portal\/index.php?rest_route=%2Fwp%2Fv2%2Ftags&post=49006"}],"curies":[{"name":"wp","href":"https:\/\/api.w.org\/{rel}","templated":true}]}}