{"id":48998,"date":"2014-12-30T21:43:48","date_gmt":"2014-12-31T00:43:48","guid":{"rendered":"http:\/\/aconteceunovale.com.br\/portal\/?p=48998"},"modified":"2014-12-30T21:43:48","modified_gmt":"2014-12-31T00:43:48","slug":"dois-tremores-de-terra-sao-registrados-em-montes-claros","status":"publish","type":"post","link":"https:\/\/aconteceunovale.com.br\/portal\/?p=48998","title":{"rendered":"Dois tremores de terra s\u00e3o registrados em Montes Claros"},"content":{"rendered":"<h4><strong><em>De acordo com observat\u00f3rio, abalos foram de baixa intensidade. Defesa Civil diz que n\u00e3o foi acionada por causa dos tremores.<\/em><\/strong><\/h4>\n<p>O Observat\u00f3rio Sismol\u00f3gico da Universidade de Bras\u00edlia (Unb) confirmou a ocorr\u00eancia de dois tremores de terra na tarde desta ter\u00e7a-feira (30) em Montes Claros, Norte de Minas Gerais. Segundo o observat\u00f3rio, os abalos tiveram baixa intensidade, com magnitude menor que 2 graus.<\/p>\n<p>De acordo com as o observat\u00f3rio, o primeiro tremor foi por volta das 13h32 e o segundo \u00e0s 15h22. Os abalos foram registrados pela esta\u00e7\u00e3o sismogr\u00e1fica de Itacarambi.<\/p>\n<p>Montes Claros possui atualmente pelo menos cinco sism\u00f3grafos instalados. Os aparelhos enviam os dados \u00e0 esta\u00e7\u00e3o sismogr\u00e1fica da Universidade Estadual de Montes Claros (Unimontes), mas o respons\u00e1vel pelo setor n\u00e3o foi encontrado para dar detalhes sobres os abalos desta tarde.<\/p>\n<p>Segundo o coordenador da Defesa Civil municipal, Mattson Malveira, que o \u00f3rg\u00e3o n\u00e3o foi acionado para atuar em decorr\u00eancia dos tremores nesta ter\u00e7a-feira. Malveira disse tamb\u00e9m que existem relatos sobre a ocorr\u00eancia de outro abalo, \u00e0s 17h22, mas ainda n\u00e3o foi confirmado pela Unb.<\/p>\n<p>Os tremores foram sentidos em alguns bairros da cidade, no entanto nenhuma ocorr\u00eancia foi registrada.<\/p>\n<p><img decoding=\"async\" src=\"http:\/\/aconteceunovale.com.br\/portal\/wp-content\/uploads\/2014\/01\/montes_claros_mg_23.jpg\" alt=\"\" \/>Tremores foram de baixa intensidade, segundo Obsis (Foto: F\u00e1bio Mar\u00e7al \/ Prefeitura de Moc)<br \/>\n<\/br><\/p>\n<p><strong><em>(Inter TV Grande Minas)<\/em><\/strong><\/p>\n","protected":false},"excerpt":{"rendered":"<p>De acordo com observat\u00f3rio, abalos foram de baixa intensidade. Defesa Civil diz que n\u00e3o foi acionada por causa dos tremores. O Observat\u00f3rio Sismol\u00f3gico da Universidade de Bras\u00edlia (Unb) confirmou a ocorr\u00eancia de dois tremores de terra na tarde desta ter\u00e7a-feira (30) em Montes Claros, Norte de Minas Gerais. Segundo o observat\u00f3rio, os abalos tiveram baixa [&hellip;]<\/p>\n","protected":false},"author":1,"featured_media":19256,"comment_status":"open","ping_status":"closed","sticky":false,"template":"","format":"standard","meta":{"amp_status":"","footnotes":""},"categories":[1236],"tags":[28411,28412,28414,210,28413,763,18174],"class_list":["post-48998","post","type-post","status-publish","format-standard","has-post-thumbnail","hentry","category-norte_de_minas","tag-dois-tremores-de-terra-sao-registrados-em-montes-claros","tag-estacao-sismografica-de-itacarambi","tag-mattson-malveira","tag-montes-claros","tag-observatorio-sismologico-da-universidade-de-brasilia","tag-unimontes","tag-universidade-estadual-de-montes-claros"],"_links":{"self":[{"href":"https:\/\/aconteceunovale.com.br\/portal\/index.php?rest_route=\/wp\/v2\/posts\/48998","targetHints":{"allow":["GET"]}}],"collection":[{"href":"https:\/\/aconteceunovale.com.br\/portal\/index.php?rest_route=\/wp\/v2\/posts"}],"about":[{"href":"https:\/\/aconteceunovale.com.br\/portal\/index.php?rest_route=\/wp\/v2\/types\/post"}],"author":[{"embeddable":true,"href":"https:\/\/aconteceunovale.com.br\/portal\/index.php?rest_route=\/wp\/v2\/users\/1"}],"replies":[{"embeddable":true,"href":"https:\/\/aconteceunovale.com.br\/portal\/index.php?rest_route=%2Fwp%2Fv2%2Fcomments&post=48998"}],"version-history":[{"count":0,"href":"https:\/\/aconteceunovale.com.br\/portal\/index.php?rest_route=\/wp\/v2\/posts\/48998\/revisions"}],"wp:featuredmedia":[{"embeddable":true,"href":"https:\/\/aconteceunovale.com.br\/portal\/index.php?rest_route=\/wp\/v2\/media\/19256"}],"wp:attachment":[{"href":"https:\/\/aconteceunovale.com.br\/portal\/index.php?rest_route=%2Fwp%2Fv2%2Fmedia&parent=48998"}],"wp:term":[{"taxonomy":"category","embeddable":true,"href":"https:\/\/aconteceunovale.com.br\/portal\/index.php?rest_route=%2Fwp%2Fv2%2Fcategories&post=48998"},{"taxonomy":"post_tag","embeddable":true,"href":"https:\/\/aconteceunovale.com.br\/portal\/index.php?rest_route=%2Fwp%2Fv2%2Ftags&post=48998"}],"curies":[{"name":"wp","href":"https:\/\/api.w.org\/{rel}","templated":true}]}}