{"id":48993,"date":"2014-12-30T21:30:17","date_gmt":"2014-12-31T00:30:17","guid":{"rendered":"http:\/\/aconteceunovale.com.br\/portal\/?p=48993"},"modified":"2014-12-30T21:30:17","modified_gmt":"2014-12-31T00:30:17","slug":"fernando-pimentel-anuncia-secretariado-do-novo-governo-de-minas-gerais","status":"publish","type":"post","link":"https:\/\/aconteceunovale.com.br\/portal\/?p=48993","title":{"rendered":"Fernando Pimentel anuncia secretariado do novo governo de Minas Gerais"},"content":{"rendered":"<h4><strong><em>Maioria dos cargos ser\u00e3o ocupados pelo PT e PMDB. R\u00e9u no mensal\u00e3o tucano assume Fazenda.<\/em><\/strong><\/h4>\n<p>O governador eleito de Minas Gerais, Fernando Pimentel (PT), anunciou nesta ter\u00e7a-feira (3) por meio de nota os nomes que v\u00e3o compor o secretariado e indicou nomes para a presid\u00eancia das estatais e do Controlador-Geral do Estado no mandato que se inicia em 1\u00ba de janeiro.<\/p>\n<p>Integrantes do Partido dos Trabalhadores ficaram com a maioria das pastas, seguidos por nomes do PMDB \u2013 partido que comp\u00f5e a chapa eleita com o vice Ant\u00f4nio Andrade. A equipe de Pimentel tem nomes que o acompanham desde a Prefeitura de Belo Horizonte como Murilo Valadares (Transporte e Obras) e Helv\u00e9cio Magalh\u00e3es (Planejamento). O ex-ministro Nilm\u00e1rio Miranda, assim como o cargo que ocupou em n\u00edvel federal vai ser o respons\u00e1vel pela pasta dos Direitos Humanos.<\/p>\n<p>O escolhido por Pimentel para ocupar a pasta da Fazenda \u00e9 Jos\u00e9 Afonso Bicalho. O ex-presidente do Banco do Estado de Minas Gerais (Bemge) \u00e9 r\u00e9u no mensal\u00e3o tucano e acompanha Pimentel desde o Minist\u00e9rio do Desenvolvimento. Segundo a den\u00fancia referente ao caso, ele \u00e9 acusado de peculato quando era presidente do Bemge por ter transferido R$ 500 mil para ag\u00eancias de publicidade de Val\u00e9rio. Ainda segundo o Minist\u00e9rio P\u00fablico, o esquema desviou recursos para a campanha eleitoral de Azeredo, que concorria \u00e0 reelei\u00e7\u00e3o em 1998. A assessoria de Pimentel afirmou que n\u00e3o vai comentar o caso.<\/p>\n<p>O Controlador-Geral do munic\u00edpio de S\u00e3o Paulo na gest\u00e3o Fernando Haddad (PT) foi indicado para ocupar o mesmo cargo no Governo de Minas. M\u00e1rio Spinelli ficou conhecido por conduzir as investiga\u00e7\u00f5es que resultaram na pris\u00e3o de cinco servidores suspeitos de propina.<\/p>\n<p>Entre os quadros do PMDB que v\u00e3o compor o 1\u00ba escal\u00e3o est\u00e3o o ex-prefeito de Ouro Preto \u00c2ngelo Oswaldo (Cultura) e o deputado estadual S\u00e1vio Souza Cruz (Meio Ambiente).<\/p>\n<p>Bernardo Santana (PR), o primeiro secret\u00e1rio anunciado por Pimentel vai ocupar a Defesa Social. O PCdoB vai ficar com a pasta do Turismo (Geraldo Pimenta) e o PRB, assim como em n\u00edvel federal, ter\u00e1 o secret\u00e1rio de Esportes: Carlos Henrique.<\/p>\n<p>Quatro secretarias foram criadas: Recursos Humanos, Desenvolvimento Agr\u00e1rio, Direitos e Cidadania e Esportes, que foi desmembrada do Turismo.  No caso dos secret\u00e1rios indicados para estas quatro pastas, eles ser\u00e3o empossados ap\u00f3s a cria\u00e7\u00e3o das secretarias.<\/p>\n<p>Segundo a assessoria do novo governo, as novas pastas n\u00e3o v\u00e3o alterar o n\u00famero de secretarias, pois o Escrit\u00f3rio de Prioridades ser\u00e1 extinto e a Ouvidoria-Geral tamb\u00e9m vai deixar de existir, mas suas atribui\u00e7\u00f5es ser\u00e3o assumidas pela futura Secretaria de Direitos e Cidadania. A Representa\u00e7\u00e3o do estado em Bras\u00edlia e a Intend\u00eancia da Cidade Administrativa v\u00e3o perder o status de secretaria.<\/p>\n<p>As nomea\u00e7\u00f5es ser\u00e3o publicadas em edi\u00e7\u00e3o extra do Di\u00e1rio Oficial no dia 1\u00ba de Janeiro.<\/p>\n<h4>Estatais<\/h4>\n<p>Tamb\u00e9m foram indicados os nomes para a presid\u00eancia do Banco de Desenvolvimento de Minas Gerais (BDMG), da Companhia Energ\u00e9tica de Minas Gerais (Cemig), da Companhia de Desenvolvimento Econ\u00f4mico de Minas Gerais (Codemig), da Companhia de Saneamento de Minas Gerais (Copasa) e da Companhia de Tecnologia da Informa\u00e7\u00e3o do Estado de Minas Gerais (Prodemge). As nomea\u00e7\u00f5es dos presidentes das estatais dependem de aprova\u00e7\u00e3o dos nomes em assembleia geral, no caso da Copasa e da Cemig, ou dos conselhos de administra\u00e7\u00e3o, no caso da Prodemge e da Codemig e do BDMG.<\/p>\n<h4>Veja todos os nomes<\/h4>\n<p><strong>Secretaria de Estado de Casa Civil e de Rela\u00e7\u00f5es Institucionais<\/strong><br \/>\nMarco Ant\u00f4nio Rezende Teixeira &#8211; advogado formado pela Universidade Federal de Minas Gerais (UFMG). \u00c9 servidor da Companhia Brasileira de Trens Urbanos (CBTU). Foi diretor jur\u00eddico e superintendente da Superintend\u00eancia de Desenvolvimento da Capital (Sudecap) e ex-procurador-geral do munic\u00edpio de Belo Horizonte.<\/p>\n<p><strong>Secretaria de Estado de Governo<\/strong><br \/>\nOdair Cunha \u2013 Advogado, ele foi eleito para o quarto mandato consecutivo de deputado federal nas elei\u00e7\u00f5es de outubro. Foi assessor jur\u00eddico de Prefeituras e C\u00e2maras Municipais.<\/p>\n<p><strong>Secretaria de Estado de Planejamento e Gest\u00e3o<\/strong><br \/>\nHelv\u00e9cio Magalh\u00e3es &#8211; M\u00e9dico formado pela UFMG e Doutor em Sa\u00fade P\u00fablica pela Universidade Estadual de Campinas (Unicamp). \u00c9 servidor concursado da Prefeitura de Belo Horizonte, onde foi secret\u00e1rio municipal de Sa\u00fade e secret\u00e1rio de Planejamento e Or\u00e7amento. No Minist\u00e9rio da Sa\u00fade, foi secret\u00e1rio de Aten\u00e7\u00e3o \u00e0 Sa\u00fade no governo Dilma Rousseff.<\/p>\n<p><strong>Secretaria-Geral da Governadoria<\/strong><br \/>\nEduardo Serrano &#8211; gestor p\u00fablico formado pela Funda\u00e7\u00e3o Get\u00falio Vargas. Foi chefe de gabinete do Minist\u00e9rio do Desenvolvimento, Ind\u00fastria e Com\u00e9rcio Exterior.<\/p>\n<p><strong>Secretaria de Estado de Fazenda<\/strong><br \/>\nJos\u00e9 Afonso Bicalho &#8211; economista formado pela Universidade Federal de Minas Gerais (UFMG). Mestre em Economia pelo Centro de Desenvolvimento e Planejamento Regional (Cedeplar), da UFMG. Doutor em Economia pela Universidade de Manchester, Inglaterra. Foi secret\u00e1rio-adjunto e secret\u00e1rio de Fazenda de Minas Gerais (1990-1994). Presidiu os bancos BEMGE e Credireal (1994-1998). Foi secret\u00e1rio de Finan\u00e7as da prefeitura de Belo Horizonte (2005-2012). Foi assessor econ\u00f4mico do Minist\u00e9rio do Desenvolvimento, Ind\u00fastria e Com\u00e9rcio Exterior.<\/p>\n<p><strong>Secretaria de Estado da Educa\u00e7\u00e3o<\/strong><br \/>\nMaca\u00e9 Evaristo \u2013 assistente social formada pela Pontif\u00edcia Universidade Cat\u00f3lica de Minas Gerais (PUC Minas). Mestre em Educa\u00e7\u00e3o pela UFMG. \u00c9 secretaria de Educa\u00e7\u00e3o Continuada, Alfabetiza\u00e7\u00e3o, Diversidade e Inclus\u00e3o (SECADI) do Minist\u00e9rio da Educa\u00e7\u00e3o no governo Dilma Rousseff. \u00c9 professora da rede estadual de ensino desde 1984. Foi Secret\u00e1ria de Educa\u00e7\u00e3o de Belo Horizonte (MG) e uma das respons\u00e1veis pelo programa de Educa\u00e7\u00e3o Integral da capital mineira. Coordenou o programa de implanta\u00e7\u00e3o de escolas ind\u00edgenas de Minas Gerais entre 1997 e 2004.<\/p>\n<p><strong>Secretaria de Estado da Sa\u00fade<\/strong><br \/>\nFausto Pereira dos Santos &#8211; m\u00e9dico sanitarista formado pela UFMG. \u00c9 doutor em Sa\u00fade Coletiva pela Unicamp. \u00c9 secret\u00e1rio de Aten\u00e7\u00e3o \u00e0 Sa\u00fade do Minist\u00e9rio da Sa\u00fade. Foi secret\u00e1rio-adjunto de Sa\u00fade da Prefeitura de Belo Horizonte. Presidiu a Ag\u00eancia Nacional de Sa\u00fade Suplementar (ANS) por dois mandatos.<\/p>\n<p><strong>Secretaria de Estado de Defesa Social<\/strong><br \/>\nBernardo Santana de Vasconcellos &#8211; advogado, ele foi eleito deputado federal para a atual legislatura (2011-2015). \u00c9 p\u00f3s-graduado em Direito de Empresa, pela Pontif\u00edcia Universidade Cat\u00f3lica de Minas Gerais, e em Dire\u00e7\u00e3o Estrat\u00e9gica e Marketing, pela Funda\u00e7\u00e3o Get\u00falio Vargas.<\/p>\n<p><strong>Secretaria de Estado de Transportes e Obras P\u00fablicas<\/strong><br \/>\nMurilo Valadares &#8211; engenheiro civil formado pela UFMG. \u00c9 secret\u00e1rio de Obras de Ribeir\u00e3o das Neves. Ex-administrador regional da Prefeitura de Belo Horizonte, ex- diretor da SLU, ex-superintendente da Sudecap, ex-secret\u00e1rio de Pol\u00edticas Urbanas.<\/p>\n<p><strong>Secretaria de Estado da Cultura<\/strong><br \/>\n\u00c2ngelo Oswaldo &#8211; jornalista, ele \u00e9 formado pelo Instituto Franc\u00eas de Imprensa, e advogado, formado pela UFMG. Presidiu o Instituto Brasileiro de Museus (Ibram), \u00f3rg\u00e3o do Minist\u00e9rio da Cultura, no governo Dilma Rousseff. Foi prefeito de Ouro Preto (1993-1996; 2005-2008; 2009-2012) e secret\u00e1rio estadual de Cultura no governo Itamar Franco (1999-2002). Presidiu o Instituto do Patrim\u00f4nio Hist\u00f3rico e Art\u00edstico Nacional (Iphan) no governo Jos\u00e9 Sarney. \u00c9 presidente da Associa\u00e7\u00e3o Brasileira de Cidades Hist\u00f3ricas.<\/p>\n<p><strong>Secretaria de Estado de Direitos e Cidadania-Geral<\/strong><br \/>\nNilm\u00e1rio Miranda &#8211; jornalista. \u00c9 mestre em Ci\u00eancias Pol\u00edticas pela UFMG. Foi deputado estadual (1987-1990), deputado federal (1991-2003) e Secret\u00e1rio Nacional dos Direitos Humanos no governo Lu\u00eds In\u00e1cio Lula da Silva. Voltou \u00e0 C\u00e2mara dos Deputados em 2013. Como deputado federal, presidiu a Comiss\u00e3o Externa para os Mortos e Desaparecidos Pol\u00edticos da C\u00e2mara dos Deputados e foi autor do projeto de lei que criou a Comiss\u00e3o de Direitos Humanos de Minorias, que presidiu em 1995 e em 1999.<\/p>\n<p><strong>Secretaria de Estado de Agricultura, Pecu\u00e1ria e Abastecimento<\/strong><br \/>\nJo\u00e3o Cruz Reis Filho &#8211; engenheiro agr\u00f4nomo. \u00c9 mestre e doutor em Gen\u00e9tica e Melhoramento pela Universidade Federal de Vi\u00e7osa. \u00c9 fiscal federal agropecu\u00e1rio do minist\u00e9rio da Agricultura, Pecu\u00e1ria e Abastecimento, onde chefia a assessoria de gest\u00e3o estrat\u00e9gica.<\/p>\n<p><strong>Secretaria de Estado de Turismo<\/strong><br \/>\nGeraldo Pimenta \u2013 o m\u00e9dico formado pela UFMG \u00e9 deputado estadual. Foi vereador em Betim e secret\u00e1rio municipal de Assist\u00eancia Social na gest\u00e3o da prefeita Maria do Carmo Lara. Assume o cargo nesta quinta-feira.<\/p>\n<p><strong>Secretaria de Estado de Esportes<\/strong><br \/>\nCarlos Henrique \u2013 deputado estadual eleito para o segundo mandato consecutivo nas elei\u00e7\u00f5es de outubro passado. Foi vereador de Belo Horizonte por tr\u00eas mandatos consecutivos, eleito em 2000, 2004 e 2008. \u00c9 pastor evang\u00e9lico. Assumir\u00e1 o cargo somente ap\u00f3s a cria\u00e7\u00e3o da secretaria.<\/p>\n<p><strong>Secretaria de Estado de Ci\u00eancia, Tecnologia e Ensino Superior<\/strong><br \/>\nMiguel Corr\u00eaa Jr. &#8211; formado em Hist\u00f3ria pelo Centro Universit\u00e1rio Uni-BH. Exerce o segundo mandato consecutivo de deputado federal. Foi reeleito em outubro passado. Foi vereador em Belo Horizonte.<\/p>\n<p><strong>Secretaria de Estado de Desenvolvimento e Integra\u00e7\u00e3o do Norte e Nordeste de Minas Gerais<\/strong><br \/>\nPaulo Guedes \u2013 exerce o segundo mandato consecutivo na Assembleia Legislativa de Minas Gerais. Nas \u00faltimas elei\u00e7\u00f5es, foi o deputado estadual mais votado do Estado. Foi vereador e presidente da C\u00e2mara Municipal de Manga, munic\u00edpio onde nasceu, no Norte de Minas. Foi coordenador estadual do Departamento Nacional de Obras Contra as Secas (Dnocs).<\/p>\n<p><strong>Secretaria de Estado de Desenvolvimento Econ\u00f4mico<\/strong><br \/>\nAltamir R\u00f4so &#8211; empres\u00e1rio, engenheiro e economista, preside a regional Vale do Rio Grande da Federa\u00e7\u00e3o das Ind\u00fastrias do Estado de Minas Gerais (Fiemg), em Uberaba.<\/p>\n<p><strong>Secretaria de Estado de Desenvolvimento Regional, Pol\u00edtica Urbana e Gest\u00e3o Metropolitana<\/strong><br \/>\nTadeu Leite \u2013 empres\u00e1rio, exerce o primeiro mandato como deputado estadual. Em outubro, foi eleito para o segundo mandato.<\/p>\n<p><strong>Secretaria de Estado de Meio Ambiente e Desenvolvimento Sustent\u00e1vel<\/strong><br \/>\nS\u00e1vio Souza Cruz &#8211; engenheiro metal\u00fargico e especialista em engenharia ambiental formado pela UFMG. Exerce o quarto mandato consecutivo de deputado estadual. Foi reeleito em outubro passado. Foi secret\u00e1rio de Estado de Planejamento e secret\u00e1rio de Estado de Recursos Humanos e Administra\u00e7\u00e3o no governo Itamar Franco (1999-2002). Foi professor de Qu\u00edmica e F\u00edsica da rede de ensino privado e de Engenharia Ambiental da PUC Minas.<\/p>\n<p><strong>Secretaria de Estado de Trabalho e Desenvolvimento Social<\/strong><br \/>\nAndr\u00e9 Quint\u00e3o &#8211; assistente social e soci\u00f3logo exerce o terceiro mandato de deputado estadual. Nas \u00faltimas elei\u00e7\u00f5es, foi eleito para o quarto mandato. Foi secret\u00e1rio de Desenvolvimento Social de Belo Horizonte na gest\u00e3o Patrus Ananias (1993-1996). Cumpriu dois mandatos de vereador na capital mineira. \u00c9 servidor concursado da prefeitura de Belo Horizonte.<\/p>\n<p><strong>Secretaria de Estado de Recursos Humanos<\/strong><br \/>\nGamaliel Herval &#8211; advogado formado pela PUC Minas. \u00c9 presidente da Ceasa (Centrais de Abastecimento de Minas Gerais). Foi presidente da Eletrosul e integrou o conselho de administra\u00e7\u00e3o da Eletrobras. Foi reitor da Universidade Cat\u00f3lica de Minas Gerais.<\/p>\n<p><strong>Secretaria de Estado de Desenvolvimento Agr\u00e1rio<\/strong><br \/>\nGl\u00eanio Martins de Lima Mariano &#8211; t\u00e9cnico em agropecu\u00e1ria e especialista em Pol\u00edticas P\u00fablicas e Gest\u00e3o Governamental pela UFMG. Foi chefe de gabinete, chefe da Divis\u00e3o de Desenvolvimento de Assentamento e superintende regional substituto do Incra (Instituto Nacional de Coloniza\u00e7\u00e3o e Reforma Agr\u00e1ria) em Minas Gerais.<\/p>\n<p><strong>Controladoria-Geral do Estado<\/strong><br \/>\nM\u00e1rio Spinelli &#8211; engenheiro Civil e Matem\u00e1tico \u00e9 mestre em Administra\u00e7\u00e3o P\u00fablica pela Funda\u00e7\u00e3o Jo\u00e3o Pinheiro e p\u00f3s-graduado em Engenharia de Seguran\u00e7a do Trabalho pela Universidade Federal Fluminense. \u00c9 Controlador-geral do Munic\u00edpio de S\u00e3o Paulo. \u00c9 servidor concursado da Controladoria-Geral da Uni\u00e3o (CGU), onde foi secret\u00e1rio de Preven\u00e7\u00e3o da Corrup\u00e7\u00e3o e Informa\u00e7\u00f5es Estrat\u00e9gicas. Integrou o Conselho de Controle de Atividades Financeiras (Coaf), \u00f3rg\u00e3o do minist\u00e9rio da Fazenda.<\/p>\n<p><strong>Presidente da Cemig (Companhia Energ\u00e9tica de Minas Gerais)<\/strong><br \/>\nMauro Borges Lemos &#8211; economista formado pela UFMG. Doutor em Economia pela Universidade de Londres, com p\u00f3s-doutorado pela Universidade de Illinois, nos Estados Unidos, e Universidade de Paris. \u00c9 professor titular do Departamento de Ci\u00eancias Econ\u00f4micas da UFMG. Foi ministro do Desenvolvimento, Ind\u00fastria e Com\u00e9rcio Exterior (2014). Foi presidente da Ag\u00eancia Brasileira de Desenvolvimento Industrial (ABDI), de 2011 a 2014. Presidiu o Conselho de Administra\u00e7\u00e3o do BNDES e do BNDESPAR. Possui trabalhos cient\u00edficos publicados em livros e peri\u00f3dicos especializados no Brasil e no exterior.<\/p>\n<p><strong>Presidente da Codemig (Companhia de Desenvolvimento Econ\u00f4mico de Minas Gerais)<\/strong><br \/>\nMarco Ant\u00f4nio Castello Branco &#8211; engenheiro Metalurgista formado pela UFMG. Especialista e doutor em siderurgia pela Faculdade de Engenharia de Minas, Metalurgia e Mec\u00e2nica da Universidade T\u00e9cnica de Clausthal, Alemanha. Fez carreira na iniciativa privada, assumindo a presid\u00eancia da Mannesmann do Brasil no ano 200, ap\u00f3s fus\u00e3o da empresa com o grupo franc\u00eas Vallourec. De 2004 a 2008, integrou a alta administra\u00e7\u00e3o do grupo na Fran\u00e7a. Foi diretor-presidente da Usiminas de 2008 a 2010.<\/p>\n<p><strong>Presidente da Prodemge (Companhia de Tecnologia da Informa\u00e7\u00e3o do estado de Minas Gerais)<\/strong><br \/>\nPaulo de Moura Ramos &#8211; economista formado pela PUC Minas. Foi coordenador de Rela\u00e7\u00f5es do Trabalho e secret\u00e1rio de Governo da prefeitura de Belo Horizonte. Foi presidente da Prodabel (Empresa de Inform\u00e1tica e Informa\u00e7\u00e3o do Munic\u00edpio de Belo Horizonte). Foi vereador em Contagem-MG (1989-1992).<\/p>\n<p><strong>Presidente da Copasa (Companhia de Saneamento de Minas Gerais)<\/strong><br \/>\nSinara Meirelles &#8211; engenheira civil formada pela UFMG. Foi Superintendente de Limpeza Urbana da prefeitura de Belo Horizonte entre 2005 e 2009. Integrou o Conselho Municipal de Meio Ambiente de Belo Horizonte.<\/p>\n<p><strong>Presidente do BDMG (Banco de Desenvolvimento de Minas Gerais)<\/strong><br \/>\nMarco Aur\u00e9lio Crocco &#8211; economista formado pela UFMG. Mestre em Economia Industrial e da Tecnologia pela Universidade Federal do Rio de Janeiro (UFRJ). Doutor em Economia pela Universidade de Londres. \u00c9 especialista em economia monet\u00e1ria e desenvolvimento econ\u00f4mico regional. \u00c9 professor titular do Departamento de Ci\u00eancias Econ\u00f4micas da UFMG e pesquisador n\u00edvel 1 do Conselho Nacional de Desenvolvimento Cient\u00edfico e Tecnol\u00f3gico (CNPq). Coordenou a elabora\u00e7\u00e3o do programa de governo do ent\u00e3o candidato Fernando Pimentel na disputa do governo do Estado. \u00c9 representante no Brasil da Regional Studies Association (Associa\u00e7\u00e3o de Estudos Regionais), sediada em Londres.<\/p>\n<p><strong><em>(Fonte: Portal G1)<\/em><\/strong><\/p>\n","protected":false},"excerpt":{"rendered":"<p>Maioria dos cargos ser\u00e3o ocupados pelo PT e PMDB. R\u00e9u no mensal\u00e3o tucano assume Fazenda. O governador eleito de Minas Gerais, Fernando Pimentel (PT), anunciou nesta ter\u00e7a-feira (3) por meio de nota os nomes que v\u00e3o compor o secretariado e indicou nomes para a presid\u00eancia das estatais e do Controlador-Geral do Estado no mandato que [&hellip;]<\/p>\n","protected":false},"author":1,"featured_media":46413,"comment_status":"open","ping_status":"closed","sticky":false,"template":"","format":"standard","meta":{"amp_status":"","footnotes":""},"categories":[123],"tags":[28386,14216,28372,27125,2543,2544,194,28353,28369,28381,347,28355,28354,27758,28356,18567,28396,179,1018,28363,28368,28351,12826,28406,28393,28379,28395,28349,28377,28027,28366,28360,28405,28352,28398,28384,131,28348,28350,17354,28401,17364,28373,28376,18096,28388,28374,28397,28399,28402,28400,28404,28357,758,28347,28390,28371,28365,28367,2333,28358,28382,23720,28394,27249,28385,28387,28375,28380,28364,28359,24667,28361,28392,28391,28370,28378,28362,28403,28389,28383],"class_list":["post-48993","post","type-post","status-publish","format-standard","has-post-thumbnail","hentry","category-gerais","tag-altamir-roso","tag-andre-quintao","tag-angelo-oswaldo","tag-antonio-andrade","tag-banco-de-desenvolvimento-de-minas-gerais","tag-bdmg","tag-belo-horizonte","tag-bernardo-santana","tag-bernardo-santana-de-vasconcellos","tag-carlos-henrique","tag-cemig","tag-codemig","tag-companhia-de-desenvolvimento-economico-de-minas-gerais","tag-companhia-de-saneamento-de-minas-gerais","tag-companhia-de-tecnologia-da-informacao-do-estado-de-minas-gerais","tag-companhia-energetica-de-minas-gerais","tag-controladoria-geral-do-estado","tag-copasa","tag-destaque","tag-eduardo-serrano","tag-fausto-pereira-dos-santos","tag-fernando-haddad","tag-fernando-pimentel","tag-fernando-pimentel-anuncia-secretariado-do-novo-governo-de-minas-gerais","tag-gamaliel-herval","tag-geraldo-pimenta","tag-glenio-martins-de-lima-mariano","tag-helvecio-magalhaes","tag-joao-cruz-reis-filho","tag-jose-afonso-bicalho","tag-macae-evaristo","tag-marco-antonio-rezende-teixeira","tag-marco-aurelio-crocco","tag-mario-spinelli","tag-mauro-borges-lemos","tag-miguel-correa-jr","tag-minas-gerais","tag-murilo-valadares","tag-nilmario-miranda","tag-odair-cunha","tag-paulo-de-moura-ramos","tag-paulo-guedes","tag-pc-do-b","tag-pecuaria-e-abastecimento","tag-pmdb","tag-politica-urbana-e-gestao-metropolitana","tag-prb","tag-presidente-da-cemig","tag-presidente-da-codemig-companhia-de-desenvolvimento-economico-de-minas-gerais","tag-presidente-da-copasa-companhia-de-saneamento-de-minas-gerais","tag-presidente-da-prodemge-companhia-de-tecnologia-da-informacao-do-estado-de-minas-gerais","tag-presidente-do-bdmg-banco-de-desenvolvimento-de-minas-gerais","tag-prodemge","tag-pt","tag-reu-no-mensalao-tucano-assume-secretaria-da-fazenda-em-minas-gerais","tag-savio-souza-cruz","tag-secretaria-de-estado-da-cultura","tag-secretaria-de-estado-da-educacao","tag-secretaria-de-estado-da-saude","tag-secretaria-de-estado-de-agricultura","tag-secretaria-de-estado-de-casa-civil-e-de-relacoes-institucionais","tag-secretaria-de-estado-de-ciencia","tag-secretaria-de-estado-de-defesa-social","tag-secretaria-de-estado-de-desenvolvimento-agrario","tag-secretaria-de-estado-de-desenvolvimento-e-integracao-do-norte-e-nordeste-de-minas-gerais","tag-secretaria-de-estado-de-desenvolvimento-economico","tag-secretaria-de-estado-de-desenvolvimento-regional","tag-secretaria-de-estado-de-direitos-e-cidadania-geral","tag-secretaria-de-estado-de-esportes","tag-secretaria-de-estado-de-fazenda","tag-secretaria-de-estado-de-governo","tag-secretaria-de-estado-de-meio-ambiente-e-desenvolvimento-sustentavel","tag-secretaria-de-estado-de-planejamento-e-gestao","tag-secretaria-de-estado-de-recursos-humanos","tag-secretaria-de-estado-de-trabalho-e-desenvolvimento-social","tag-secretaria-de-estado-de-transportes-e-obras-publicas","tag-secretaria-de-estado-de-turismo","tag-secretaria-geral-da-governadoria","tag-sinara-meirelles","tag-tadeu-leite","tag-tecnologia-e-ensino-superior"],"_links":{"self":[{"href":"https:\/\/aconteceunovale.com.br\/portal\/index.php?rest_route=\/wp\/v2\/posts\/48993","targetHints":{"allow":["GET"]}}],"collection":[{"href":"https:\/\/aconteceunovale.com.br\/portal\/index.php?rest_route=\/wp\/v2\/posts"}],"about":[{"href":"https:\/\/aconteceunovale.com.br\/portal\/index.php?rest_route=\/wp\/v2\/types\/post"}],"author":[{"embeddable":true,"href":"https:\/\/aconteceunovale.com.br\/portal\/index.php?rest_route=\/wp\/v2\/users\/1"}],"replies":[{"embeddable":true,"href":"https:\/\/aconteceunovale.com.br\/portal\/index.php?rest_route=%2Fwp%2Fv2%2Fcomments&post=48993"}],"version-history":[{"count":0,"href":"https:\/\/aconteceunovale.com.br\/portal\/index.php?rest_route=\/wp\/v2\/posts\/48993\/revisions"}],"wp:featuredmedia":[{"embeddable":true,"href":"https:\/\/aconteceunovale.com.br\/portal\/index.php?rest_route=\/wp\/v2\/media\/46413"}],"wp:attachment":[{"href":"https:\/\/aconteceunovale.com.br\/portal\/index.php?rest_route=%2Fwp%2Fv2%2Fmedia&parent=48993"}],"wp:term":[{"taxonomy":"category","embeddable":true,"href":"https:\/\/aconteceunovale.com.br\/portal\/index.php?rest_route=%2Fwp%2Fv2%2Fcategories&post=48993"},{"taxonomy":"post_tag","embeddable":true,"href":"https:\/\/aconteceunovale.com.br\/portal\/index.php?rest_route=%2Fwp%2Fv2%2Ftags&post=48993"}],"curies":[{"name":"wp","href":"https:\/\/api.w.org\/{rel}","templated":true}]}}