{"id":48983,"date":"2014-12-30T17:22:56","date_gmt":"2014-12-30T20:22:56","guid":{"rendered":"http:\/\/aconteceunovale.com.br\/portal\/?p=48983"},"modified":"2015-01-17T13:02:41","modified_gmt":"2015-01-17T16:02:41","slug":"clayton-e-romario-fazem-a-festa-em-monte-azul-no-norte-de-minas","status":"publish","type":"post","link":"https:\/\/aconteceunovale.com.br\/portal\/?p=48983","title":{"rendered":"Clayton e Rom\u00e1rio fazem a festa em Monte Azul, no Norte de Minas"},"content":{"rendered":"<p>\u201cPra cima, pra cima\u201d. Esse \u00e9 o t\u00edtulo de uma das m\u00fasicas do atual CD de Clayton e Rom\u00e1rio, intitulado \u201cCasulo\u201d, mas representa bem o que \u00e9 o show da dupla pelos palcos por onde passa.<\/p>\n<p>No pr\u00f3ximo dia 31, o p\u00fablico ver\u00e1 de perto, no Parque de Exposi\u00e7\u00f5es de Monte Azul toda a alegria e agito dos irm\u00e3os que h\u00e1 15 anos cantam juntos por todo o Brasil. Em seu primeiro show na cidade, Clayton e Rom\u00e1rio prometem um alto astral contagiante.<\/p>\n<p>\u201cSer\u00e1 um prazer estar junto desse p\u00fablico do norte de Minas, que tanto nos recebe bem. Monte Azul \u00e9 uma cidade que ainda n\u00e3o conhecemos e estamos com grande expectativa para esta festa que j\u00e1 e tradi\u00e7\u00e3o na regi\u00e3o.\u201d<\/p>\n<p>Ser\u00e1 o primeiro show deles na cidade. No entanto, esse ano Clayton e Rom\u00e1rio j\u00e1 percorreram v\u00e1rios munic\u00edpios pr\u00f3ximos, onde fizeram divulga\u00e7\u00e3o do seu atual trabalho. Nas r\u00e1dios deram v\u00e1rias entrevistas a respeito da carreira e dos shows que fazem pelo Brasil.<\/p>\n<p>Acostumados a estar sempre nos palcos no \u00faltimo dia do ano, a dupla espera que o Parque de Exposi\u00e7\u00e3o esteja lotado: \u201cA gente gosta de sentir o calor do p\u00fablico e nada melhor que ver tudo tomado, para que possamos nos divertir juntos\u201d, conta Rom\u00e1rio.<\/p>\n<p><img decoding=\"async\" src=\"http:\/\/aconteceunovale.com.br\/portal\/wp-content\/uploads\/2014\/12\/clayton_e_romario.jpg\" alt=\"\" \/><em>Dupla se apresenta no Parque de Exposi\u00e7\u00f5es de Monte Azul &#8211; Foto: Divulga\u00e7\u00e3o\/Brasilera Comunica\u00e7\u00e3o<\/em><br \/>\n<\/br><\/p>\n<h4>Paix\u00e3o pela regi\u00e3o<\/h4>\n<p>Clayton e Rom\u00e1rio, goianos de nascen\u00e7a, mas mineiros de cora\u00e7\u00e3o, t\u00eam feito  muitos shows no norte de Minas Gerais, o que tem trazido um apego pela regi\u00e3o. \u201cGostamos muito de vir aqui. \u00c9 um p\u00fablico quente, cativante, que gosta de festa, de se divertir. Acredito que o R\u00e9veillon ser\u00e1 muito bom, empolgante, n\u00e3o somente pelo show em si, mas pelo show que esse p\u00fablico tamb\u00e9m d\u00e1\u201d, conclui Clayton.<\/p>\n<h4>Todos os caminhos levam a Minas<\/h4>\n<p>A certid\u00e3o de nascimento \u00e9 de Goi\u00e1s, mas, foi na terra dos \u201cBelos Horizontes\u201d que o  sonho dos irm\u00e3os Clayton e Rom\u00e1rio tem ganhado maturidade.<\/p>\n<p>Clayton \u00e9 do tipo que nasceu cantando! J\u00e1 Rom\u00e1rio, nasceu para cantar com o irm\u00e3o. \u201cEu comecei a cantar porque via meu irm\u00e3o viajando e n\u00e3o queria ficar em casa. Da\u00ed formamos a dupla. Tudo o que sei, foi ele que me ensinou. Costumo dizer que ele \u00e9 minha m\u00fasica\u201d, garante Rom\u00e1rio.<\/p>\n<p>Quis o destino que Minas Gerais fizesse parte da hist\u00f3ria dos artistas! Quem ouve a hist\u00f3ria de Clayton e Rom\u00e1rio chega a esta conclus\u00e3o. Logo no in\u00edcio, os irm\u00e3os sa\u00edram de Goi\u00e1s para 15 dias de shows em uma churrascaria de Barretos, S\u00e3o Paulo. Por l\u00e1, ficaram amigos de um gar\u00e7om, que indicou um primo, dono do Quiosque 19, na cidade de Guarapari, litoral capixaba, onde eles poderiam fazer shows na temporada de ver\u00e3o. \u201cNo in\u00edcio a gente ficou receoso, mas decidimos ir para ficar dois meses. O que in\u00edcio era apenas uma mesa com um casal, em pouco menos de duas semanas j\u00e1 n\u00e3o haviam mais reservas durante almo\u00e7o e jantar\u201d, relembra Clayton.<\/p>\n<p>Boa parte do p\u00fablico que por l\u00e1 passavam eram turistas mineiros e, em pouco tempo, os convites para a dupla se apresentar no estado come\u00e7aram a surgir. Os ventos do litoral capixaba sopravam para Minas Gerais e os irm\u00e3os de Goi\u00e1s seguiam a dire\u00e7\u00e3o. \u201cGuarapari foi um divisor de \u00e1guas em nossa carreira. Chegamos em Minas em 2007. Nossos shows basicamente aconteciam a partir dos contatos feitos no quiosque. Em um ano os convites para shows aumentaram e aqui estamos at\u00e9 hoje\u201d. <\/p>\n<h4>Som de irm\u00e3os<\/h4>\n<p>O som harm\u00f4nico que produzem \u00e9 reflexo da rela\u00e7\u00e3o fraterna que vivem. F\u00e3s um do outro, no palco e fora dele se complementam, assim como o timbre de suas vozes. E a soma disso \u00e9 um show que levanta e entusiasma o p\u00fablico.<\/p>\n<p>H\u00e1 15 anos juntos, os irm\u00e3os agitam o p\u00fablico por onde passam com seu sertanejo. Atualmente divulgam o CD \u201cCasulo\u201d, o segundo da dupla, em que contam com a participa\u00e7\u00e3o dos amigos Jo\u00e3o Lucas &#038; Diogo e Guilherme &#038; Santiago.<\/p>\n<p>\u201cCasulo\u201d, a m\u00fasica de trabalho, conta a hist\u00f3ria de algu\u00e9m que se libertou de um relacionamento, em que n\u00e3o era feliz, em busca de sua realiza\u00e7\u00e3o. \u201cMe envolvi, me joguei nessa paix\u00e3o, entreguei meu cora\u00e7\u00e3o pra voc\u00ea cuidar&#8230;mas voc\u00ea n\u00e3o soube me amar\u201d, \u00e9 um trecho que ilustra a hist\u00f3ria.<\/p>\n<p>O CD, o segundo da trajet\u00f3ria de Clayton e Rom\u00e1rio, conta com 13 faixas, oito delas autorais. As faixas misturam g\u00eaneros, o que foge do tradicional \u201cSertanejo Universit\u00e1rio\u201d, termo que, ali\u00e1s, n\u00e3o agrada \u00e0 dupla: \u201cN\u00e3o gostamos do termo universit\u00e1rio. Tocamos e cantamos o que julgamos bom, de qualidade. Mesmo com uma pegada mais nova, para cima. Nos preocupamos bastante com o que fazemos, misturando estilos, experimentando coisas novas. N\u00e3o ficamos presos \u00e0 r\u00f3tulos\u201d.<\/p>\n<p>\u201cQueremos que cada vez mais a nossa m\u00fasica possa fazer mais parte da vida das pessoas\u201d, dispara Clayton.<\/p>\n<p>Em breve, os f\u00e3s poder\u00e3o ganhar um presente: um novo DVD da dupla. \u201cSe tudo der certo, e vai dar, temos, sim, esse projeto, que poder\u00e1 ter a presen\u00e7a de cantores que desejamos muito dividir o palco\u201d, diz Clayton. \u201cAinda estamos vendo essa possibilidade e os f\u00e3s podem esperar por um show muito bom, com foco na qualidade\u201d, completa.<\/p>\n<p>No entanto, para chegarem ao atual patamar da carreira, Clayton e Rom\u00e1rio passaram por v\u00e1rias experi\u00eancias e t\u00eam muita hist\u00f3ria para contar, apesar da pouca idade. Sem m\u00fasicos na fam\u00edlia, sempre tiveram incentivos dos pais, que foram os suportes de ambos, nas alegrias e dificuldades. \u201cNossos pais sempre estiveram conosco e nunca deixaram faltar nada para n\u00f3s. De um jeito ou de outro, a gente se ajeitava\u201d, lembra Rom\u00e1rio.<\/p>\n<p>\u201cVivemos muitas experi\u00eancias, mas todo dia temos um novo aprendizado. Minas nos acolheu e somos muito gratos a esse estado, que nos permite crescer a cada dia, levando nossa m\u00fasica e agradando o nosso p\u00fablico\u201d.<\/p>\n<p>Depois de Goi\u00e1s, S\u00e3o Paulo, Esp\u00edrito Santo e Minas Gerais, o caminho da dupla tende a ser ganhar o Brasil.<\/p>\n","protected":false},"excerpt":{"rendered":"<p>\u201cPra cima, pra cima\u201d. Esse \u00e9 o t\u00edtulo de uma das m\u00fasicas do atual CD de Clayton e Rom\u00e1rio, intitulado \u201cCasulo\u201d, mas representa bem o que \u00e9 o show da dupla pelos palcos por onde passa. No pr\u00f3ximo dia 31, o p\u00fablico ver\u00e1 de perto, no Parque de Exposi\u00e7\u00f5es de Monte Azul toda a alegria [&hellip;]<\/p>\n","protected":false},"author":1,"featured_media":48984,"comment_status":"open","ping_status":"closed","sticky":false,"template":"","format":"standard","meta":{"amp_status":"","footnotes":""},"categories":[1236],"tags":[28331,28330,28336,28335,1277,28332,28333,28334,28337],"class_list":["post-48983","post","type-post","status-publish","format-standard","has-post-thumbnail","hentry","category-norte_de_minas","tag-cd-clayton-e-romario","tag-clayton-e-romario","tag-clayton-e-romario-fazem-a-festa-em-monte-azul","tag-clayton-e-romario-fazem-a-festa-em-monte-azul-no-norte-de-minas","tag-monte-azul","tag-musica-clayton-e-romario","tag-ouvir-clayton-e-romario","tag-parque-de-exposicoes-de-monte-azul","tag-reveillon-em-monte-azul"],"_links":{"self":[{"href":"https:\/\/aconteceunovale.com.br\/portal\/index.php?rest_route=\/wp\/v2\/posts\/48983","targetHints":{"allow":["GET"]}}],"collection":[{"href":"https:\/\/aconteceunovale.com.br\/portal\/index.php?rest_route=\/wp\/v2\/posts"}],"about":[{"href":"https:\/\/aconteceunovale.com.br\/portal\/index.php?rest_route=\/wp\/v2\/types\/post"}],"author":[{"embeddable":true,"href":"https:\/\/aconteceunovale.com.br\/portal\/index.php?rest_route=\/wp\/v2\/users\/1"}],"replies":[{"embeddable":true,"href":"https:\/\/aconteceunovale.com.br\/portal\/index.php?rest_route=%2Fwp%2Fv2%2Fcomments&post=48983"}],"version-history":[{"count":0,"href":"https:\/\/aconteceunovale.com.br\/portal\/index.php?rest_route=\/wp\/v2\/posts\/48983\/revisions"}],"wp:featuredmedia":[{"embeddable":true,"href":"https:\/\/aconteceunovale.com.br\/portal\/index.php?rest_route=\/wp\/v2\/media\/48984"}],"wp:attachment":[{"href":"https:\/\/aconteceunovale.com.br\/portal\/index.php?rest_route=%2Fwp%2Fv2%2Fmedia&parent=48983"}],"wp:term":[{"taxonomy":"category","embeddable":true,"href":"https:\/\/aconteceunovale.com.br\/portal\/index.php?rest_route=%2Fwp%2Fv2%2Fcategories&post=48983"},{"taxonomy":"post_tag","embeddable":true,"href":"https:\/\/aconteceunovale.com.br\/portal\/index.php?rest_route=%2Fwp%2Fv2%2Ftags&post=48983"}],"curies":[{"name":"wp","href":"https:\/\/api.w.org\/{rel}","templated":true}]}}