{"id":48978,"date":"2014-12-30T17:12:11","date_gmt":"2014-12-30T20:12:11","guid":{"rendered":"http:\/\/aconteceunovale.com.br\/portal\/?p=48978"},"modified":"2014-12-30T17:12:11","modified_gmt":"2014-12-30T20:12:11","slug":"cameras-do-programa-olho-vivo-sao-inauguradas-no-municipio-de-unai","status":"publish","type":"post","link":"https:\/\/aconteceunovale.com.br\/portal\/?p=48978","title":{"rendered":"C\u00e2meras do programa Olho Vivo s\u00e3o inauguradas no munic\u00edpio de Una\u00ed"},"content":{"rendered":"<h4><strong><em>Em todo o Estado, a m\u00e9dia de redu\u00e7\u00e3o de crimes contra o patrim\u00f4nio nas \u00e1reas de instala\u00e7\u00e3o do Olho Vivo varia de 30% a 40%<\/em><\/strong><\/h4>\n<p>Dezesseis c\u00e2meras de videomonitoramento do projeto Olho Vivo foram inauguradas nesta ter\u00e7a-feira (30\/12) em Una\u00ed, regi\u00e3o Noroeste de Minas. A solenidade foi realizada na sede do 28\u00ba Batalh\u00e3o de Pol\u00edcia Militar e contou com a presen\u00e7a de autoridades municipais e do tenente-coronel Jair Rosa Lemos. A cidade de Una\u00ed \u00e9 a 16\u00aa a receber o Olho Vivo no Estado.<\/p>\n<p><img decoding=\"async\" src=\"http:\/\/aconteceunovale.com.br\/portal\/wp-content\/uploads\/2014\/12\/cameras-do-programa-olho-vivo-sao-inauguradas-no-municipio-de-unai_2.jpg\" alt=\"\" \/><em>Na central trabalhar\u00e3o nove civis e 15 militares &#8211; Foto: Seds\/Divulga\u00e7\u00e3o<\/em><br \/>\n<\/br><\/p>\n<p>A inaugura\u00e7\u00e3o marcou o encerramento da fase de testes e colocou em funcionamento as 16 c\u00e2meras, instaladas em pontos estrat\u00e9gicos da \u00e1rea central da cidade, tecnicamente selecionados em virtude da concentra\u00e7\u00e3o comercial e populacional e de \u00edndices de crimes contra o patrim\u00f4nio, sobretudo furtos e roubos.<\/p>\n<p>Os recursos para aquisi\u00e7\u00e3o e instala\u00e7\u00e3o dos equipamentos foram da ordem de R$ 1.200,00 e fazem parte de um pacote de R$ 50 milh\u00f5es para implanta\u00e7\u00e3o de cerca de 800 novas c\u00e2meras do Olho Vivo em v\u00e1rias regi\u00f5es de Minas. <\/p>\n<p>O governo do Estado firmou um conv\u00eanio com o munic\u00edpio de Una\u00ed, por um per\u00edodo de dez anos, no valor de R$ 1.123.000,00. A prefeitura arcar\u00e1 com pagamentos do pessoal que far\u00e1 o monitoramento das imagens, e, depois de vencida a garantia dos equipamentos, custear\u00e1 as manuten\u00e7\u00f5es do sistema. <\/p>\n<p>Na Central de Monitora\u00e7\u00e3o trabalhar\u00e3o nove civis e 15 militares. Como a monitora\u00e7\u00e3o funciona no mesmo ambiente do atendimento do 190 e do despacho de patrulhas, esses militares trabalhar\u00e3o simultaneamente nas tr\u00eas atividades.<\/p>\n<p>Os locais de instala\u00e7\u00e3o das c\u00e2meras no munic\u00edpio foram estabelecidos pela Pol\u00edcia Militar local, em conjunto com a Diretoria de Tecnologia e Servi\u00e7o da PM, de Belo Horizonte. Foram levados em conta estudos estat\u00edsticos de zonas quentes de criminalidade no munic\u00edpio, dados de crimes contra o patrim\u00f4nio por \u00e1rea da cidade e viabilidade t\u00e9cnica do ponto escolhido.<\/p>\n<p>Em todo o Estado, a m\u00e9dia de redu\u00e7\u00e3o de crimes contra o patrim\u00f4nio nas \u00e1reas de instala\u00e7\u00e3o do Olho Vivo varia de 30% a 40%. O secret\u00e1rio de Estado de Defesa Social, Marco Ant\u00f4nio Romanelli, reitera que o Olho Vivo \u00e9 uma importante ferramenta no enfrentamento dos crimes, principalmente os roubos, tanto porque inibe a a\u00e7\u00e3o dos criminosos, quanto porque pode contribuir com a investiga\u00e7\u00e3o policial, caso o crime ocorra.<\/p>\n<p><em>(Ag\u00eancia Minas)<\/em><\/p>\n","protected":false},"excerpt":{"rendered":"<p>Em todo o Estado, a m\u00e9dia de redu\u00e7\u00e3o de crimes contra o patrim\u00f4nio nas \u00e1reas de instala\u00e7\u00e3o do Olho Vivo varia de 30% a 40% Dezesseis c\u00e2meras de videomonitoramento do projeto Olho Vivo foram inauguradas nesta ter\u00e7a-feira (30\/12) em Una\u00ed, regi\u00e3o Noroeste de Minas. A solenidade foi realizada na sede do 28\u00ba Batalh\u00e3o de Pol\u00edcia [&hellip;]<\/p>\n","protected":false},"author":1,"featured_media":48979,"comment_status":"open","ping_status":"closed","sticky":false,"template":"","format":"standard","meta":{"amp_status":"","footnotes":""},"categories":[123],"tags":[28329,28326,28323,28327,28328,28324,28325,222],"class_list":["post-48978","post","type-post","status-publish","format-standard","has-post-thumbnail","hentry","category-gerais","tag-28o-batalhao-de-policia-militar","tag-cameras-do-programa-olho-vivo-em-unai","tag-cameras-do-programa-olho-vivo-sao-inauguradas-no-municipio-de-unai","tag-dezesseis-cameras-de-videomonitoramento-do-projeto-olho-vivo-foram-inauguradas-em-unai","tag-jair-rosa-lemos","tag-programa-olho-vivo-de-unai","tag-programa-olho-vivo-em-unai","tag-unai"],"_links":{"self":[{"href":"https:\/\/aconteceunovale.com.br\/portal\/index.php?rest_route=\/wp\/v2\/posts\/48978","targetHints":{"allow":["GET"]}}],"collection":[{"href":"https:\/\/aconteceunovale.com.br\/portal\/index.php?rest_route=\/wp\/v2\/posts"}],"about":[{"href":"https:\/\/aconteceunovale.com.br\/portal\/index.php?rest_route=\/wp\/v2\/types\/post"}],"author":[{"embeddable":true,"href":"https:\/\/aconteceunovale.com.br\/portal\/index.php?rest_route=\/wp\/v2\/users\/1"}],"replies":[{"embeddable":true,"href":"https:\/\/aconteceunovale.com.br\/portal\/index.php?rest_route=%2Fwp%2Fv2%2Fcomments&post=48978"}],"version-history":[{"count":0,"href":"https:\/\/aconteceunovale.com.br\/portal\/index.php?rest_route=\/wp\/v2\/posts\/48978\/revisions"}],"wp:featuredmedia":[{"embeddable":true,"href":"https:\/\/aconteceunovale.com.br\/portal\/index.php?rest_route=\/wp\/v2\/media\/48979"}],"wp:attachment":[{"href":"https:\/\/aconteceunovale.com.br\/portal\/index.php?rest_route=%2Fwp%2Fv2%2Fmedia&parent=48978"}],"wp:term":[{"taxonomy":"category","embeddable":true,"href":"https:\/\/aconteceunovale.com.br\/portal\/index.php?rest_route=%2Fwp%2Fv2%2Fcategories&post=48978"},{"taxonomy":"post_tag","embeddable":true,"href":"https:\/\/aconteceunovale.com.br\/portal\/index.php?rest_route=%2Fwp%2Fv2%2Ftags&post=48978"}],"curies":[{"name":"wp","href":"https:\/\/api.w.org\/{rel}","templated":true}]}}