{"id":48976,"date":"2014-12-30T17:08:23","date_gmt":"2014-12-30T20:08:23","guid":{"rendered":"http:\/\/aconteceunovale.com.br\/portal\/?p=48976"},"modified":"2014-12-30T17:08:23","modified_gmt":"2014-12-30T20:08:23","slug":"cemig-transfere-ativos-de-iluminacao-publica-para-os-municipios-mineiros","status":"publish","type":"post","link":"https:\/\/aconteceunovale.com.br\/portal\/?p=48976","title":{"rendered":"Cemig transfere ativos de ilumina\u00e7\u00e3o p\u00fablica para os munic\u00edpios mineiros"},"content":{"rendered":"<h4><strong><em>J\u00e1 a partir de 1\u00ba de janeiro de 2015, por determina\u00e7\u00e3o da Aneel, solicita\u00e7\u00f5es devem ser feitas \u00e0s prefeituras ou aos \u00f3rg\u00e3os credenciados.<\/em><\/strong><\/h4>\n<p>A Ag\u00eancia Nacional de Energia El\u00e9trica (Aneel) determinou que o prazo para a transfer\u00eancia dos ativos de ilumina\u00e7\u00e3o p\u00fablica para as prefeituras de todo o pa\u00eds se encerre nesta quarta-feira (31\/12). Para n\u00e3o sofrer as penalidades previstas na legisla\u00e7\u00e3o, a Companhia Energ\u00e9tica de Minas Gerais (Cemig) acatou a determina\u00e7\u00e3o da Aneel para deixar de ser a respons\u00e1vel pelo servi\u00e7o em todos os 774 munic\u00edpios de sua \u00e1rea de concess\u00e3o. Com isso, as solicita\u00e7\u00f5es de servi\u00e7os relativas \u00e0 ilumina\u00e7\u00e3o p\u00fablica devem ser feitas \u00e0s prefeituras ou aos \u00f3rg\u00e3os credenciados pelos munic\u00edpios, por meio de suas pr\u00f3prias centrais telef\u00f4nicas de atendimento (call center) \u00e0 popula\u00e7\u00e3o, j\u00e1 a partir da pr\u00f3xima quinta-feira (01\/01).<\/p>\n<p>Segundo o superintendente de Relacionamento Comercial com Clientes de Distribui\u00e7\u00e3o da Cemig, Carlos Augusto Reis de Oliveira, cerca de 80% dos munic\u00edpios mineiros optaram pela forma\u00e7\u00e3o de cons\u00f3rcios que poder\u00e3o assumir a ilumina\u00e7\u00e3o, e a manuten\u00e7\u00e3o ser\u00e1 realizada pelas pr\u00f3prias prefeituras.<\/p>\n<p>A Cemig informa que, desde 2013, junto com o Governo de Minas, por interm\u00e9dio da Secretaria de Estado de Desenvolvimento Regional e Pol\u00edtica Urbana (Sedru), vem orientando os representantes de munic\u00edpios e associa\u00e7\u00f5es a respeito da transfer\u00eancia de ativos de ilumina\u00e7\u00e3o p\u00fablica para as prefeituras.<\/p>\n<p>Alguns munic\u00edpios completaram antecipadamente a transfer\u00eancia dos ativos, por meio de licita\u00e7\u00e3o para contrata\u00e7\u00e3o direta ou via cons\u00f3rcio por interm\u00e9dio das associa\u00e7\u00f5es de munic\u00edpios. Em muitos casos, a Cemig prestou orienta\u00e7\u00e3o quanto \u00e0 elabora\u00e7\u00e3o desses editais, ajudando na forma\u00e7\u00e3o de cons\u00f3rcios intermunicipais de gest\u00e3o da ilumina\u00e7\u00e3o p\u00fablica. Al\u00e9m disso, foi firmado acordo de coopera\u00e7\u00e3o t\u00e9cnica entre a Cemig e o Tribunal de Contas do Estado de Minas Gerais (TCE-MG), com  a participa\u00e7\u00e3o da Sedru e da Associa\u00e7\u00e3o Mineira de Munic\u00edpios (AMM), que trabalharam e constru\u00edram, em conjunto, normativas que foram analisadas e aprovadas pelo TCE-MG.<\/p>\n<p>Segundo Carlos Augusto de Oliveira, a Empresa tamb\u00e9m vem auxiliando os munic\u00edpios na organiza\u00e7\u00e3o do servi\u00e7o de manuten\u00e7\u00e3o, especificando o material adequado, disponibilizando normas e orienta\u00e7\u00f5es t\u00e9cnicas e enfatizando os aspectos de seguran\u00e7a necess\u00e1rios.<\/p>\n<p>A medida da Aneel cumpre uma determina\u00e7\u00e3o da Constitui\u00e7\u00e3o Federal de 1988 que, em seu artigo 149-A e conforme Emenda Constitucional n\u00ba 39, de 19 de dezembro de 2002, transfere aos munic\u00edpios a compet\u00eancia para \u201corganizar e prestar, diretamente ou sob regime de concess\u00e3o ou permiss\u00e3o, os servi\u00e7os p\u00fablicos de interesse local\u201d e atribui exclusivamente aos munic\u00edpios a compet\u00eancia para cobrar da popula\u00e7\u00e3o os recursos necess\u00e1rios para o custeio dos servi\u00e7os de ilumina\u00e7\u00e3o p\u00fablica, facultando a arrecada\u00e7\u00e3o dessa contribui\u00e7\u00e3o por meio da fatura de energia el\u00e9trica.<\/p>\n<p><em>(Ag\u00eancia Minas)<\/em><\/p>\n","protected":false},"excerpt":{"rendered":"<p>J\u00e1 a partir de 1\u00ba de janeiro de 2015, por determina\u00e7\u00e3o da Aneel, solicita\u00e7\u00f5es devem ser feitas \u00e0s prefeituras ou aos \u00f3rg\u00e3os credenciados. A Ag\u00eancia Nacional de Energia El\u00e9trica (Aneel) determinou que o prazo para a transfer\u00eancia dos ativos de ilumina\u00e7\u00e3o p\u00fablica para as prefeituras de todo o pa\u00eds se encerre nesta quarta-feira (31\/12). Para [&hellip;]<\/p>\n","protected":false},"author":1,"featured_media":42291,"comment_status":"open","ping_status":"closed","sticky":false,"template":"","format":"standard","meta":{"amp_status":"","footnotes":""},"categories":[123],"tags":[26917,567,26918,25817,28322,347,28320,18567,28321],"class_list":["post-48976","post","type-post","status-publish","format-standard","has-post-thumbnail","hentry","category-gerais","tag-agencia-nacional-de-energia-eletrica","tag-amm","tag-aneel","tag-associacao-mineira-de-municipios","tag-carlos-augusto-reis-de-oliveira","tag-cemig","tag-cemig-transfere-ativos-de-iluminacao-publica-para-os-municipios-mineiros","tag-companhia-energetica-de-minas-gerais","tag-determinacao-da-aneel"],"_links":{"self":[{"href":"https:\/\/aconteceunovale.com.br\/portal\/index.php?rest_route=\/wp\/v2\/posts\/48976","targetHints":{"allow":["GET"]}}],"collection":[{"href":"https:\/\/aconteceunovale.com.br\/portal\/index.php?rest_route=\/wp\/v2\/posts"}],"about":[{"href":"https:\/\/aconteceunovale.com.br\/portal\/index.php?rest_route=\/wp\/v2\/types\/post"}],"author":[{"embeddable":true,"href":"https:\/\/aconteceunovale.com.br\/portal\/index.php?rest_route=\/wp\/v2\/users\/1"}],"replies":[{"embeddable":true,"href":"https:\/\/aconteceunovale.com.br\/portal\/index.php?rest_route=%2Fwp%2Fv2%2Fcomments&post=48976"}],"version-history":[{"count":0,"href":"https:\/\/aconteceunovale.com.br\/portal\/index.php?rest_route=\/wp\/v2\/posts\/48976\/revisions"}],"wp:featuredmedia":[{"embeddable":true,"href":"https:\/\/aconteceunovale.com.br\/portal\/index.php?rest_route=\/wp\/v2\/media\/42291"}],"wp:attachment":[{"href":"https:\/\/aconteceunovale.com.br\/portal\/index.php?rest_route=%2Fwp%2Fv2%2Fmedia&parent=48976"}],"wp:term":[{"taxonomy":"category","embeddable":true,"href":"https:\/\/aconteceunovale.com.br\/portal\/index.php?rest_route=%2Fwp%2Fv2%2Fcategories&post=48976"},{"taxonomy":"post_tag","embeddable":true,"href":"https:\/\/aconteceunovale.com.br\/portal\/index.php?rest_route=%2Fwp%2Fv2%2Ftags&post=48976"}],"curies":[{"name":"wp","href":"https:\/\/api.w.org\/{rel}","templated":true}]}}