{"id":48966,"date":"2014-12-30T16:43:13","date_gmt":"2014-12-30T19:43:13","guid":{"rendered":"http:\/\/aconteceunovale.com.br\/portal\/?p=48966"},"modified":"2014-12-30T16:43:13","modified_gmt":"2014-12-30T19:43:13","slug":"aviao-cai-no-anel-rodoviario-de-belo-horizonte","status":"publish","type":"post","link":"https:\/\/aconteceunovale.com.br\/portal\/?p=48966","title":{"rendered":"Avi\u00e3o cai no Anel Rodovi\u00e1rio de Belo Horizonte"},"content":{"rendered":"<h4><strong><em>Aeronave bateu em um muro na marginal da via, no sentido Vit\u00f3ria. Piloto foi socorrido com trauma de t\u00f3rax e escoria\u00e7\u00f5es no rosto.<\/em><\/strong><\/h4>\n<p>Um avi\u00e3o de pequeno porte, que decolou do aeroporto do Gale\u00e3o, no Rio de Janeiro, com destino \u00e0 Belo Horizonte caiu na marginal do Anel Rodovi\u00e1rio, na altura do Carlos Prates, pr\u00f3ximo \u00e0 sa\u00edda da avenida Pedro II, na tarde desta ter\u00e7a-feira (30). O piloto, Vin\u00edcius Tavares Fagundes Ferreira, de 23 anos, ficou ferido. Segundo informa\u00e7\u00f5es repassadas pelo Corpo de Bombeiros, a aeronave iria pousar no aeroporto da Pampulha e, durante o voo, pediu autoriza\u00e7\u00e3o para descer no Carlos Prates. Ainda n\u00e3o se sabe o que causou a queda.<\/p>\n<p><img decoding=\"async\" src=\"http:\/\/aconteceunovale.com.br\/portal\/wp-content\/uploads\/2014\/12\/aviao_cai_em_bh_30_1.jpg\" alt=\"\" \/><em>Avi\u00e3o caiu na marginal do Anel Rodovi\u00e1rio, em Belo Horizonte &#8211; Foto: Douglas Magno \/ O Tempo<\/em><br \/>\n<\/br><\/p>\n<p>De acordo com a Pol\u00edcia Militar Rodovi\u00e1ria (PMRv), uma viatura passou pela marginal do Anel no momento do acidente e viu a aeronave indo em dire\u00e7\u00e3o \u00e0 pista de pouso do aeroporto do Carlos Prates, em baixa altitude. Segundo a corpora\u00e7\u00e3o, o avi\u00e3o virou com a asa apontada para o ch\u00e3o e, ao cair, deixou uma marca na pista. A aeronave s\u00f3 parou ao chocar-se no muro de uma empresa, que n\u00e3o sofreu danos significativos. <\/p>\n<p>Ainda segundo a PMRv, o piloto da aeronave teve um corte no rosto e escoria\u00e7\u00f5es pelo corpo e foi levado ao hospital da Unimed em estado de choque, mas consciente. Ele saiu do avi\u00e3o por conta pr\u00f3pria. O jovem tem licen\u00e7a para pilotar desde 20 de janeiro de 2012 e estava trabalhando.<\/p>\n<p>&#8220;O piloto tem bastante experi\u00eancia. N\u00f3s estamos aguardando a per\u00edcia, mas nossa preocupa\u00e7\u00e3o agora \u00e9 com o estado de sa\u00fade dele&#8221;, disse o administrador de empresas Carlos Alberto Gon\u00e7alves, de 52 anos, que trabalha na empresa que \u00e9 dona do avi\u00e3o, um Cessna 210.<\/p>\n<p>Uma equipe do Centro de Investiga\u00e7\u00e3o e Preven\u00e7\u00e3o de Acidentes Aeron\u00e1uticos (Cenipa) est\u00e1 vindo do Rio de Janeiro para realizar a per\u00edcia e retirar a aeronave da via. <\/p>\n<h4>Tr\u00e2nsito ruim<\/h4>\n<p>Por causa do acidente, o tr\u00e2nsito est\u00e1 congestionado no Anel Rodovi\u00e1rio, no sentido Vit\u00f3ria. Muitos curiosos diminuem a velocidade para ver o acidente, o que causa ainda mais lentid\u00e3o no tr\u00e1fego. H\u00e1 60 litros de combust\u00edvel no tanque da aeronave e, por isso, uma \u00e1rea de aproximadamente 500 m foi isolada pelo Corpo de Bombeiros. Segundo a corpora\u00e7\u00e3o, o risco de explos\u00e3o \u00e9 pequeno.<\/p>\n<p>Como o acesso \u00e0 pra\u00e7a S\u00e3o Vicente pelo Anel Rodovi\u00e1rio est\u00e1 fechado, a PMRv est\u00e1 desviando o tr\u00e2nsito pela rua Corn\u00e9lio Cerqueira.<\/p>\n<p><img decoding=\"async\" src=\"http:\/\/aconteceunovale.com.br\/portal\/wp-content\/uploads\/2014\/12\/aviao_cai_em_bh_30_2.jpg\" alt=\"\" \/><em>Avi\u00e3o caiu na marginal do Anel Rodovi\u00e1rio, em Belo Horizonte &#8211; Foto: Douglas Magno \/ O Tempo<\/em><br \/>\n<\/br><\/p>\n<p><strong><em>(Fonte: O Tempo Online)<\/em><\/strong><\/p>\n","protected":false},"excerpt":{"rendered":"<p>Aeronave bateu em um muro na marginal da via, no sentido Vit\u00f3ria. Piloto foi socorrido com trauma de t\u00f3rax e escoria\u00e7\u00f5es no rosto. Um avi\u00e3o de pequeno porte, que decolou do aeroporto do Gale\u00e3o, no Rio de Janeiro, com destino \u00e0 Belo Horizonte caiu na marginal do Anel Rodovi\u00e1rio, na altura do Carlos Prates, pr\u00f3ximo [&hellip;]<\/p>\n","protected":false},"author":1,"featured_media":48967,"comment_status":"open","ping_status":"closed","sticky":false,"template":"","format":"standard","meta":{"amp_status":"","footnotes":""},"categories":[123],"tags":[28299,28306,28305,22537,22536,28300,28302,28303,28301,28304],"class_list":["post-48966","post","type-post","status-publish","format-standard","has-post-thumbnail","hentry","category-gerais","tag-aeroporto-do-galeao","tag-aviao-cai-no-anel-rodoviario-de-belo-horizonte","tag-carlos-alberto-goncalves","tag-cenipa","tag-centro-de-investigacao-e-prevencao-de-acidentes-aeronauticos","tag-queda-de-aviao-que-decolou-do-aeroporto-do-galeao","tag-queda-de-aviao-que-saiu-do-rio-de-janeiro","tag-queda-de-aviao-que-seguia-do-rio-de-janeiro-para-belo-horizonte","tag-queda-de-aviao-que-seguia-para-belo-horizonte","tag-vinicius-tavares-fagundes-ferreira"],"_links":{"self":[{"href":"https:\/\/aconteceunovale.com.br\/portal\/index.php?rest_route=\/wp\/v2\/posts\/48966","targetHints":{"allow":["GET"]}}],"collection":[{"href":"https:\/\/aconteceunovale.com.br\/portal\/index.php?rest_route=\/wp\/v2\/posts"}],"about":[{"href":"https:\/\/aconteceunovale.com.br\/portal\/index.php?rest_route=\/wp\/v2\/types\/post"}],"author":[{"embeddable":true,"href":"https:\/\/aconteceunovale.com.br\/portal\/index.php?rest_route=\/wp\/v2\/users\/1"}],"replies":[{"embeddable":true,"href":"https:\/\/aconteceunovale.com.br\/portal\/index.php?rest_route=%2Fwp%2Fv2%2Fcomments&post=48966"}],"version-history":[{"count":0,"href":"https:\/\/aconteceunovale.com.br\/portal\/index.php?rest_route=\/wp\/v2\/posts\/48966\/revisions"}],"wp:featuredmedia":[{"embeddable":true,"href":"https:\/\/aconteceunovale.com.br\/portal\/index.php?rest_route=\/wp\/v2\/media\/48967"}],"wp:attachment":[{"href":"https:\/\/aconteceunovale.com.br\/portal\/index.php?rest_route=%2Fwp%2Fv2%2Fmedia&parent=48966"}],"wp:term":[{"taxonomy":"category","embeddable":true,"href":"https:\/\/aconteceunovale.com.br\/portal\/index.php?rest_route=%2Fwp%2Fv2%2Fcategories&post=48966"},{"taxonomy":"post_tag","embeddable":true,"href":"https:\/\/aconteceunovale.com.br\/portal\/index.php?rest_route=%2Fwp%2Fv2%2Ftags&post=48966"}],"curies":[{"name":"wp","href":"https:\/\/api.w.org\/{rel}","templated":true}]}}