{"id":48962,"date":"2014-12-30T13:37:43","date_gmt":"2014-12-30T16:37:43","guid":{"rendered":"http:\/\/aconteceunovale.com.br\/portal\/?p=48962"},"modified":"2014-12-30T13:37:43","modified_gmt":"2014-12-30T16:37:43","slug":"nova-sede-da-camara-de-vereadores-de-montes-claros-e-inaugurada","status":"publish","type":"post","link":"https:\/\/aconteceunovale.com.br\/portal\/?p=48962","title":{"rendered":"Nova sede da C\u00e2mara de Vereadores de Montes Claros \u00e9 inaugurada"},"content":{"rendered":"<h4><strong><em>Obra custou R$ 3 milh\u00f5es e demorou mais de 2 anos para ficar pronta. Apenas a primeira parte do projeto foi executada.<\/em><\/strong><\/h4>\n<p>Foi inaugurada nesta ter\u00e7a-feira (30), na Vila Guilhermina, a primeira etapa da nova sede da C\u00e2mara de Montes Claros (MG). Cerca de R$ 3 milh\u00f5es foram gastos para a constru\u00e7\u00e3o das salas administrativas e do plen\u00e1rio. Os gabinetes dos vereadores continuar\u00e3o funcionando no antigo pr\u00e9dio. A primeira reuni\u00e3o est\u00e1 marcada para 22 de janeiro.<\/p>\n<p><img decoding=\"async\" src=\"http:\/\/aconteceunovale.com.br\/portal\/wp-content\/uploads\/2014\/12\/camara_vereadores_moc.jpg\" alt=\"\" \/><em>Primeira parte do projeto foi iniciada h\u00e1 mais de dois anos (Foto: Michelly Oda \/ G1)<\/em><br \/>\n<\/br><\/p>\n<p>A nova sede come\u00e7ou a ser planejada quando Valcir Soares ocupava o cargo de presidente do Legislativo, em 2011\/2012 e conclu\u00edda na gest\u00e3o de Ant\u00f4nio Silveira.<\/p>\n<p>&#8220;Estou me sentindo honrado por ter feito algo pelo povo, essa Casa \u00e9 da popula\u00e7\u00e3o, os vereadores est\u00e3o de passagem&#8221;, diz Valcir. Ele tamb\u00e9m explica que no in\u00edcio n\u00e3o havia um recurso especifico para a constru\u00e7\u00e3o da nova sede, o dinheiro para a execu\u00e7\u00e3o da obra foi arrecadado a partir da extin\u00e7\u00e3o da verba de gabinete dos parlamentares.<\/p>\n<p>O atual presidente, Ant\u00f4nio Silveira, explica que o projeto foi pensando para garantir a acessibilidade de vereadores e da popula\u00e7\u00e3o. Al\u00e9m disso, o novo plen\u00e1rio tem o triplo da capacidade do antigo O cadeirante Marcos Alberto Campos, que acompanhava a inaugura\u00e7\u00e3o, destaca que as condi\u00e7\u00f5es das rampas e os banheiros adaptados facilitam o acesso e a participa\u00e7\u00e3o de quem tem a mobilidade reduzida.<\/p>\n<p>Edinilva Rosa, que tamb\u00e9m fez quest\u00e3o de estar presente. &#8220;Montes Claros merece esta nova sede, a popula\u00e7\u00e3o ter\u00e1 mais conforto para ser atendida pelos vereadores&#8221;, ressalta.<\/p>\n<p>Ant\u00f4nio Silveira tamb\u00e9m destaca que apesar da estrutura para o in\u00edcio do terceiro pavimento j\u00e1 ter sido iniciada, a continua\u00e7\u00e3o da obra depender\u00e1 do pr\u00f3ximo chefe do Legislativo, Marcos Nen. &#8220;Vale ressaltar que a C\u00e2mara existe desde 1831 e somente agora se consolida com a constru\u00e7\u00e3o de sua sede pr\u00f3pria.&#8221;<\/p>\n<p><strong><em>(Inter TV Grande Minas)<\/em><\/strong><\/p>\n","protected":false},"excerpt":{"rendered":"<p>Obra custou R$ 3 milh\u00f5es e demorou mais de 2 anos para ficar pronta. Apenas a primeira parte do projeto foi executada. Foi inaugurada nesta ter\u00e7a-feira (30), na Vila Guilhermina, a primeira etapa da nova sede da C\u00e2mara de Montes Claros (MG). Cerca de R$ 3 milh\u00f5es foram gastos para a constru\u00e7\u00e3o das salas administrativas [&hellip;]<\/p>\n","protected":false},"author":1,"featured_media":48963,"comment_status":"open","ping_status":"closed","sticky":false,"template":"","format":"standard","meta":{"amp_status":"","footnotes":""},"categories":[1236],"tags":[28293,28297,28296,28298,210,28294,28292,28295],"class_list":["post-48962","post","type-post","status-publish","format-standard","has-post-thumbnail","hentry","category-norte_de_minas","tag-camara-de-vereadores-de-montes-claros","tag-edinilva-rosa","tag-marcos-alberto-campos","tag-marcos-nen","tag-montes-claros","tag-nova-sede-da-camara-de-vereadores-de-montes-claros-e-inaugurada","tag-sede-da-camara-de-vereadores-de-montes-claros-e-inaugurada","tag-valcir-soares"],"_links":{"self":[{"href":"https:\/\/aconteceunovale.com.br\/portal\/index.php?rest_route=\/wp\/v2\/posts\/48962","targetHints":{"allow":["GET"]}}],"collection":[{"href":"https:\/\/aconteceunovale.com.br\/portal\/index.php?rest_route=\/wp\/v2\/posts"}],"about":[{"href":"https:\/\/aconteceunovale.com.br\/portal\/index.php?rest_route=\/wp\/v2\/types\/post"}],"author":[{"embeddable":true,"href":"https:\/\/aconteceunovale.com.br\/portal\/index.php?rest_route=\/wp\/v2\/users\/1"}],"replies":[{"embeddable":true,"href":"https:\/\/aconteceunovale.com.br\/portal\/index.php?rest_route=%2Fwp%2Fv2%2Fcomments&post=48962"}],"version-history":[{"count":0,"href":"https:\/\/aconteceunovale.com.br\/portal\/index.php?rest_route=\/wp\/v2\/posts\/48962\/revisions"}],"wp:featuredmedia":[{"embeddable":true,"href":"https:\/\/aconteceunovale.com.br\/portal\/index.php?rest_route=\/wp\/v2\/media\/48963"}],"wp:attachment":[{"href":"https:\/\/aconteceunovale.com.br\/portal\/index.php?rest_route=%2Fwp%2Fv2%2Fmedia&parent=48962"}],"wp:term":[{"taxonomy":"category","embeddable":true,"href":"https:\/\/aconteceunovale.com.br\/portal\/index.php?rest_route=%2Fwp%2Fv2%2Fcategories&post=48962"},{"taxonomy":"post_tag","embeddable":true,"href":"https:\/\/aconteceunovale.com.br\/portal\/index.php?rest_route=%2Fwp%2Fv2%2Ftags&post=48962"}],"curies":[{"name":"wp","href":"https:\/\/api.w.org\/{rel}","templated":true}]}}