{"id":48856,"date":"2014-12-28T14:20:23","date_gmt":"2014-12-28T17:20:23","guid":{"rendered":"http:\/\/aconteceunovale.com.br\/portal\/?p=48856"},"modified":"2014-12-28T14:20:23","modified_gmt":"2014-12-28T17:20:23","slug":"motorista-perde-o-controle-da-direcao-e-onibus-cai-sobre-residencia-em-grao-mogol","status":"publish","type":"post","link":"https:\/\/aconteceunovale.com.br\/portal\/?p=48856","title":{"rendered":"Motorista perde o controle da dire\u00e7\u00e3o e \u00f4nibus cai sobre resid\u00eancia em Gr\u00e3o Mogol"},"content":{"rendered":"<h4><strong><em>\u00d4nibus caiu sobre uma resid\u00eancia na Rua Sargento Coelho. O motorista teve apenas escoria\u00e7\u00f5es leves.<\/em><\/strong><\/h4>\n<p>Um acidente por pouco n\u00e3o terminou em trag\u00e9dia na manh\u00e3 de s\u00e1bado, 27 de dezembro, em Gr\u00e3o Mogol, no Norte de Minas. De acordo com informa\u00e7\u00f5es, o condutor do \u00f4nibus, utilizado para transporte de estudantes do munic\u00edpio, perdeu o controle da dire\u00e7\u00e3o e caiu sobre uma resid\u00eancia na Rua Sargento Coelho.<\/p>\n<p>Apesar do susto, ningu\u00e9m se feriu gravemente. O motorista teve apenas escoria\u00e7\u00f5es leves. As imagens registradas pelo internauta Jean Pierre mostram os estragos provocados pelo acidente.<\/p>\n<p><img decoding=\"async\" src=\"http:\/\/aconteceunovale.com.br\/portal\/wp-content\/uploads\/2014\/12\/onibus_grao_mogol_1.jpg\" alt=\"\" \/><img decoding=\"async\" src=\"http:\/\/aconteceunovale.com.br\/portal\/wp-content\/uploads\/2014\/12\/onibus_grao_mogol_2.jpg\" alt=\"\" \/><img decoding=\"async\" src=\"http:\/\/aconteceunovale.com.br\/portal\/wp-content\/uploads\/2014\/12\/onibus_grao_mogol_3.jpg\" alt=\"\" \/><em>As fotos foram registradas pelo internauta Jean Pierre.<\/em><\/p>\n","protected":false},"excerpt":{"rendered":"<p>\u00d4nibus caiu sobre uma resid\u00eancia na Rua Sargento Coelho. O motorista teve apenas escoria\u00e7\u00f5es leves. Um acidente por pouco n\u00e3o terminou em trag\u00e9dia na manh\u00e3 de s\u00e1bado, 27 de dezembro, em Gr\u00e3o Mogol, no Norte de Minas. De acordo com informa\u00e7\u00f5es, o condutor do \u00f4nibus, utilizado para transporte de estudantes do munic\u00edpio, perdeu o controle [&hellip;]<\/p>\n","protected":false},"author":1,"featured_media":48857,"comment_status":"open","ping_status":"closed","sticky":false,"template":"","format":"standard","meta":{"amp_status":"","footnotes":""},"categories":[1236],"tags":[28145,1153,28143,28144],"class_list":["post-48856","post","type-post","status-publish","format-standard","has-post-thumbnail","hentry","category-norte_de_minas","tag-acidente-com-onibus-escolar-em-grao-mogol","tag-grao-mogol","tag-motorista-perde-o-controle-da-direcao-e-onibus-cai-sobre-residencia-em-grao-mogol","tag-onibus-cai-sobre-casa-em-grao-mogol"],"_links":{"self":[{"href":"https:\/\/aconteceunovale.com.br\/portal\/index.php?rest_route=\/wp\/v2\/posts\/48856","targetHints":{"allow":["GET"]}}],"collection":[{"href":"https:\/\/aconteceunovale.com.br\/portal\/index.php?rest_route=\/wp\/v2\/posts"}],"about":[{"href":"https:\/\/aconteceunovale.com.br\/portal\/index.php?rest_route=\/wp\/v2\/types\/post"}],"author":[{"embeddable":true,"href":"https:\/\/aconteceunovale.com.br\/portal\/index.php?rest_route=\/wp\/v2\/users\/1"}],"replies":[{"embeddable":true,"href":"https:\/\/aconteceunovale.com.br\/portal\/index.php?rest_route=%2Fwp%2Fv2%2Fcomments&post=48856"}],"version-history":[{"count":0,"href":"https:\/\/aconteceunovale.com.br\/portal\/index.php?rest_route=\/wp\/v2\/posts\/48856\/revisions"}],"wp:featuredmedia":[{"embeddable":true,"href":"https:\/\/aconteceunovale.com.br\/portal\/index.php?rest_route=\/wp\/v2\/media\/48857"}],"wp:attachment":[{"href":"https:\/\/aconteceunovale.com.br\/portal\/index.php?rest_route=%2Fwp%2Fv2%2Fmedia&parent=48856"}],"wp:term":[{"taxonomy":"category","embeddable":true,"href":"https:\/\/aconteceunovale.com.br\/portal\/index.php?rest_route=%2Fwp%2Fv2%2Fcategories&post=48856"},{"taxonomy":"post_tag","embeddable":true,"href":"https:\/\/aconteceunovale.com.br\/portal\/index.php?rest_route=%2Fwp%2Fv2%2Ftags&post=48856"}],"curies":[{"name":"wp","href":"https:\/\/api.w.org\/{rel}","templated":true}]}}