{"id":48817,"date":"2014-12-27T19:44:48","date_gmt":"2014-12-27T22:44:48","guid":{"rendered":"http:\/\/aconteceunovale.com.br\/portal\/?p=48817"},"modified":"2014-12-29T10:22:42","modified_gmt":"2014-12-29T13:22:42","slug":"tres-jovens-sao-executados-com-varios-tiros-de-espingarda-em-medina","status":"publish","type":"post","link":"https:\/\/aconteceunovale.com.br\/portal\/?p=48817","title":{"rendered":"Dois jovens s\u00e3o executados com v\u00e1rios tiros de espingarda em Medina"},"content":{"rendered":"<h4><strong><em>Dois corpos foram encontrados na zona rural do munic\u00edpio. A terceira v\u00edtima permanece hospitalizada.<\/em><\/strong><\/h4>\n<p>Dois jovens foram executados a tiros na noite de sexta-feira, 26 de dezembro, em Medina, no Vale do Jequitinhonha. De acordo com informa\u00e7\u00f5es da Pol\u00edcia Militar, por volta das 7h30 da manh\u00e3 deste s\u00e1bado (27), um denunciante informou via 190 que havia dois corpos em um matagal no C\u00f3rrego dos Cachorros, na zona rural do munic\u00edpio.<\/p>\n<p>De imediato, uma guarni\u00e7\u00e3o foi deslocada at\u00e9 o local, onde os militares depararam com os corpos de Fabr\u00edcio Alves Teixeira, vulgo &#8220;Fabricinho&#8221;, de 16 anos, e Gabriel Firmino Rocha de Souza, vulgo &#8220;Biela&#8221;, de 27 anos.<\/p>\n<p>Ainda segundo a PM, Fabr\u00edcio estava com o cr\u00e2nio dilacerado e com a maioria da massa encef\u00e1lica ca\u00edda ao solo. A v\u00edtima apresentava duas perfura\u00e7\u00f5es de entrada no rosto e aproximadamente quinze perfura\u00e7\u00f5es nas costas, possivelmente provocadas por espingarda tipo cartucheira. J\u00e1 a v\u00edtima Gabriel, apresentava perfura\u00e7\u00f5es no rosto, tamb\u00e9m provocadas por espingarda cartucheira, e sem os dois globos oculares. <\/p>\n<p>Pr\u00f3ximo ao local onde se encontravam os corpos, os militares localizaram duas muni\u00e7\u00f5es calibre 38 e seis buchas de espingardas. Com as duas v\u00edtimas foram encontrados um celular, um isqueiro, duas toucas ninjas e a quantia de R$ 24,00 em dinheiro.<\/p>\n<p>A cena do crime foi isolada e a Per\u00edcia T\u00e9cnica da Pol\u00edcia Civil acionada. Ap\u00f3s os trabalhos de praxe, os corpos foram liberados e encaminhados para o Instituto M\u00e9dico Legal de Te\u00f3filo Otoni.<\/p>\n<h4>Terceira v\u00edtima<\/h4>\n<p>A terceira v\u00edtima, C.S.C, vulgo &#8220;B\u00f4&#8221;, que n\u00e3o teve a idade divulgada, deu entrada no Hospital Santa Rita e posteriormente foi transferido para para um hospital de Te\u00f3filo Otoni. <\/p>\n<p>Segundo a PM, ainda no hospital de Medina, &#8220;B\u00f4&#8221; relatou que por volta das 19 horas estava com Fabr\u00edcio e Gabriel, indo em dire\u00e7\u00e3o a Fazenda de Geraldo Vilas, e que no caminho, percebeu v\u00e1rios disparos de arma de fogo, sendo que um deles o atingiu, mas ele conseguiu escapar. Ele disse aos policiais que n\u00e3o sabia dar informa\u00e7\u00f5es sobre os autores ou sobre os companheiros.<\/p>\n","protected":false},"excerpt":{"rendered":"<p>Dois corpos foram encontrados na zona rural do munic\u00edpio. A terceira v\u00edtima permanece hospitalizada. Dois jovens foram executados a tiros na noite de sexta-feira, 26 de dezembro, em Medina, no Vale do Jequitinhonha. De acordo com informa\u00e7\u00f5es da Pol\u00edcia Militar, por volta das 7h30 da manh\u00e3 deste s\u00e1bado (27), um denunciante informou via 190 que [&hellip;]<\/p>\n","protected":false},"author":1,"featured_media":42404,"comment_status":"open","ping_status":"closed","sticky":false,"template":"","format":"standard","meta":{"amp_status":"","footnotes":""},"categories":[120],"tags":[28097,28168,28095,28096,28100,389,28099,164,28094,28098],"class_list":["post-48817","post","type-post","status-publish","format-standard","has-post-thumbnail","hentry","category-jequi","tag-claudionor-silva-costa","tag-dois-jovens-sao-executados-com-varios-tiros-de-espingarda-em-medina","tag-fabricio-alves-teixeira","tag-gabriel-firmino-rocha-de-souza","tag-jovens-executados-em-medina","tag-medina","tag-mortos-em-medina","tag-teofilo-otoni","tag-tres-jovens-sao-executados-com-varios-tiros-de-espingarda-em-medina","tag-triplo-homicidio-em-medina"],"_links":{"self":[{"href":"https:\/\/aconteceunovale.com.br\/portal\/index.php?rest_route=\/wp\/v2\/posts\/48817","targetHints":{"allow":["GET"]}}],"collection":[{"href":"https:\/\/aconteceunovale.com.br\/portal\/index.php?rest_route=\/wp\/v2\/posts"}],"about":[{"href":"https:\/\/aconteceunovale.com.br\/portal\/index.php?rest_route=\/wp\/v2\/types\/post"}],"author":[{"embeddable":true,"href":"https:\/\/aconteceunovale.com.br\/portal\/index.php?rest_route=\/wp\/v2\/users\/1"}],"replies":[{"embeddable":true,"href":"https:\/\/aconteceunovale.com.br\/portal\/index.php?rest_route=%2Fwp%2Fv2%2Fcomments&post=48817"}],"version-history":[{"count":0,"href":"https:\/\/aconteceunovale.com.br\/portal\/index.php?rest_route=\/wp\/v2\/posts\/48817\/revisions"}],"wp:featuredmedia":[{"embeddable":true,"href":"https:\/\/aconteceunovale.com.br\/portal\/index.php?rest_route=\/wp\/v2\/media\/42404"}],"wp:attachment":[{"href":"https:\/\/aconteceunovale.com.br\/portal\/index.php?rest_route=%2Fwp%2Fv2%2Fmedia&parent=48817"}],"wp:term":[{"taxonomy":"category","embeddable":true,"href":"https:\/\/aconteceunovale.com.br\/portal\/index.php?rest_route=%2Fwp%2Fv2%2Fcategories&post=48817"},{"taxonomy":"post_tag","embeddable":true,"href":"https:\/\/aconteceunovale.com.br\/portal\/index.php?rest_route=%2Fwp%2Fv2%2Ftags&post=48817"}],"curies":[{"name":"wp","href":"https:\/\/api.w.org\/{rel}","templated":true}]}}