{"id":48806,"date":"2014-12-27T13:28:04","date_gmt":"2014-12-27T16:28:04","guid":{"rendered":"http:\/\/aconteceunovale.com.br\/portal\/?p=48806"},"modified":"2014-12-27T13:29:02","modified_gmt":"2014-12-27T16:29:02","slug":"quatro-pessoas-da-mesma-familia-morrem-em-acidente-no-norte-de-minas","status":"publish","type":"post","link":"https:\/\/aconteceunovale.com.br\/portal\/?p=48806","title":{"rendered":"Quatro pessoas da mesma fam\u00edlia morrem em acidente no Norte de Minas"},"content":{"rendered":"<h4><strong><em>Ve\u00edculo em que as v\u00edtimas viajavam foi atingido por uma Hilux, que invadiu a contram\u00e3o. As v\u00edtimas s\u00e3o de uma mesma fam\u00edlia de Ribeir\u00e3o das Neves.<\/em><\/strong><\/h4>\n<p>Quatro pessoas morreram na colis\u00e3o frontal entre um Celta e uma caminhonete Hilux, no final da noite de sexta-feira (26), no quil\u00f4metro 428 da BR-135, perto de Bocaiuva, no Norte de Minas. As v\u00edtimas viajavam no Celta e faziam parte de uma mesma fam\u00edlia, de Ribeir\u00e3o das Neves (Regi\u00e3o Metropolitana de Belo Horizonte).<\/p>\n<p><img decoding=\"async\" src=\"http:\/\/aconteceunovale.com.br\/portal\/wp-content\/uploads\/2014\/12\/acidente_boc_26_12_1.jpg\" alt=\"\" \/><em>Fam\u00edlia viajava em um ve\u00edculo Celta &#8211; Foto: Reprodu\u00e7\u00e3o\/Inter TV<\/em><br \/>\n<\/br><\/p>\n<p>O acidente aconteceu numa reta. Conforme informa\u00e7\u00f5es da Pol\u00edcia Rodovi\u00e1ria Federal, a condutora da Hilux, A.D.L, de 21 anos, que viajava no sentido Bocaiuva\/Engenheiro Navarro, entrou pela contram\u00e3o, possivelmente, para fazer uma ultrapassagem. A caminhonete (com placa de S\u00e3o Jos\u00e9 dos Campos\/SP) bateu de frente com o Celta, que estava com seis ocupantes. Um um homem de 59 anos e uma adolescente de 16 anos sobreviveram.<\/p>\n<p>Morreram na hora, o motorista do veiculo, Wanderson Pereira da Costa Freitas, de 36 anos, Silvania M\u00e1ximo de Freitas da Costa, de 34 anos, a crian\u00e7a Maria Fernanda Freitas da Costa (filha de Silv\u00e2nia), de um ano e 10 meses, e uma uma mulher de 37 anos que n\u00e3o teve o nome divulgado. A batida foi t\u00e3o forte que o corpo de Wanderson foi jogado para fora do Celta. A condutora da Hilux viajava em companhia de um homem, V.A.C, de 59 anos. Os dois tiveram ferimentos leves.<\/p>\n<p><img decoding=\"async\" src=\"http:\/\/aconteceunovale.com.br\/portal\/wp-content\/uploads\/2014\/12\/acidente_boc_26_12_2.jpg\" alt=\"\" \/><em>Caminhonete teria invadido a pista contr\u00e1ria e batido no Celta &#8211; Foto: Reprodu\u00e7\u00e3o\/Inter TV<\/em><br \/>\n<\/br><\/p>\n<p><strong><em>(Estado de Minas)<\/em><\/strong><\/p>\n","protected":false},"excerpt":{"rendered":"<p>Ve\u00edculo em que as v\u00edtimas viajavam foi atingido por uma Hilux, que invadiu a contram\u00e3o. As v\u00edtimas s\u00e3o de uma mesma fam\u00edlia de Ribeir\u00e3o das Neves. Quatro pessoas morreram na colis\u00e3o frontal entre um Celta e uma caminhonete Hilux, no final da noite de sexta-feira (26), no quil\u00f4metro 428 da BR-135, perto de Bocaiuva, no [&hellip;]<\/p>\n","protected":false},"author":1,"featured_media":48807,"comment_status":"open","ping_status":"closed","sticky":false,"template":"","format":"standard","meta":{"amp_status":"","footnotes":""},"categories":[1236],"tags":[28062,645,1691,28061,210,28063,3674,12802,28060,28058,28059],"class_list":["post-48806","post","type-post","status-publish","format-standard","has-post-thumbnail","hentry","category-norte_de_minas","tag-acidente-com-familia-de-ribeirao-das-neves","tag-bocaiuva","tag-engenheiro-navarro","tag-maria-fernanda-freitas-da-costa","tag-montes-claros","tag-quatro-pessoas-da-mesma-familia-morrem-em-acidente-no-norte-de-minas","tag-ribeirao-das-neves","tag-sao-jose-dos-campos","tag-silvania-maximo-de-freitas-da-costa","tag-wanderson-pereira-da-costa","tag-wanderson-pereira-da-costa-freitas"],"_links":{"self":[{"href":"https:\/\/aconteceunovale.com.br\/portal\/index.php?rest_route=\/wp\/v2\/posts\/48806","targetHints":{"allow":["GET"]}}],"collection":[{"href":"https:\/\/aconteceunovale.com.br\/portal\/index.php?rest_route=\/wp\/v2\/posts"}],"about":[{"href":"https:\/\/aconteceunovale.com.br\/portal\/index.php?rest_route=\/wp\/v2\/types\/post"}],"author":[{"embeddable":true,"href":"https:\/\/aconteceunovale.com.br\/portal\/index.php?rest_route=\/wp\/v2\/users\/1"}],"replies":[{"embeddable":true,"href":"https:\/\/aconteceunovale.com.br\/portal\/index.php?rest_route=%2Fwp%2Fv2%2Fcomments&post=48806"}],"version-history":[{"count":0,"href":"https:\/\/aconteceunovale.com.br\/portal\/index.php?rest_route=\/wp\/v2\/posts\/48806\/revisions"}],"wp:featuredmedia":[{"embeddable":true,"href":"https:\/\/aconteceunovale.com.br\/portal\/index.php?rest_route=\/wp\/v2\/media\/48807"}],"wp:attachment":[{"href":"https:\/\/aconteceunovale.com.br\/portal\/index.php?rest_route=%2Fwp%2Fv2%2Fmedia&parent=48806"}],"wp:term":[{"taxonomy":"category","embeddable":true,"href":"https:\/\/aconteceunovale.com.br\/portal\/index.php?rest_route=%2Fwp%2Fv2%2Fcategories&post=48806"},{"taxonomy":"post_tag","embeddable":true,"href":"https:\/\/aconteceunovale.com.br\/portal\/index.php?rest_route=%2Fwp%2Fv2%2Ftags&post=48806"}],"curies":[{"name":"wp","href":"https:\/\/api.w.org\/{rel}","templated":true}]}}