{"id":48790,"date":"2014-12-27T13:10:19","date_gmt":"2014-12-27T16:10:19","guid":{"rendered":"http:\/\/aconteceunovale.com.br\/portal\/?p=48790"},"modified":"2014-12-27T13:10:19","modified_gmt":"2014-12-27T16:10:19","slug":"incendio-destroi-parte-de-uma-revendedora-de-motocicletas-em-montes-claros","status":"publish","type":"post","link":"https:\/\/aconteceunovale.com.br\/portal\/?p=48790","title":{"rendered":"Inc\u00eandio destr\u00f3i parte de uma revendedora de motocicletas em Montes Claros"},"content":{"rendered":"<h4><strong><em>O preju\u00edzo causado pelo fogo \u00e9 de cerca de R$ 500 mil. Loja fica na Avenida Deputado Esteves Rodrigues.<\/em><\/strong><\/h4>\n<p>Uma revendedora de motos ficou parcialmente destru\u00edda por um inc\u00eandio durante a madrugada deste s\u00e1bado (27) em Montes Claros, no Norte de Minas. A loja fica na Avenida Deputado Esteves Rodrigues, pr\u00f3ximo ao Mercado Municipal.<\/p>\n<p><img decoding=\"async\" src=\"http:\/\/aconteceunovale.com.br\/portal\/wp-content\/uploads\/2014\/12\/fogo_palimontes_1.jpg\" alt=\"\" \/><em>Fogo destruiu parte da revendedora nesta madrugada &#8211; (Foto: Mauro Miranda Ferreira\/TV Record)<\/em><br \/>\n<\/br><\/p>\n<p>Segundo o Corpo de Bombeiros o fogo come\u00e7ou por volta da 2 horas e foi provocado por um curto-circuito. Ao perceber o fogo os vizinhos arrombaram as portas para tentar salvar algumas motos que estavam no sal\u00e3o de entrada. Um rapaz conseguiu retirar 17 motos que foram levadas para uma casa de festa ao lado.<\/p>\n<p>O fogo atingiu principalmente um dep\u00f3sito onde fica o estoque de pe\u00e7as e acess\u00f3rios. O local onde fica as motos novas n\u00e3o foi afetado pelas chamas. 80 caixas de \u00f3leo, material altamente inflam\u00e1vel, estavam fora  do local do inc\u00eandio e evitou um acidente ainda maior.<\/p>\n<p>Segundo o diretor da empresa, Heli Oliveira, no local atingido pelo fogo tinha cerca de 80 mil itens entre pe\u00e7as e acess\u00f3rios. A \u00e1rea virou cinzas com grande quantidade de ferros retorcidos e todos os capacetes foram derretidos. O escrit\u00f3rio que fica no segundo andar tamb\u00e9m teve computadores e o teto comprometidos.<\/p>\n<p>Apesar dos preju\u00edzos materiais n\u00e3o houve v\u00edtimas. Os bombeiros gastaram cerca de tr\u00eas mil litros de \u00e1gua para controlar as chamas em cerca de 10 minutos. O diretor da empresa confirmou que entre perda com estoque e estrutura do pr\u00e9dio os preju\u00edzos chegam a mais de R$ 500 mil.<\/p>\n<p>C\u00e1ssio Aquino, gerente geral da empresa, disse que todo estoque e as motos que n\u00e3o foram atingidas foram transferidos para um novo endere\u00e7o na Avenida Geraldo Ata\u00edde onde a loja passa a funcionar at\u00e9 que seja recuperada a estrutura do local atingido. Ele informou ainda que a loja \u00e9 segurada.<\/p>\n<p><img decoding=\"async\" src=\"http:\/\/aconteceunovale.com.br\/portal\/wp-content\/uploads\/2014\/12\/fogo_palimontes_2.jpg\" alt=\"\" \/><em>Fogo destruiu parte da revendedora nesta madrugada &#8211; (Foto: Mauro Miranda Ferreira\/TV Record)<\/em><br \/>\n<\/br><\/p>\n<p><img decoding=\"async\" src=\"http:\/\/aconteceunovale.com.br\/portal\/wp-content\/uploads\/2014\/12\/fogo_palimontes_3.jpg\" alt=\"\" \/><em>Fogo destruiu parte da revendedora nesta madrugada &#8211; (Foto: Mauro Miranda Ferreira\/TV Record)<\/em><br \/>\n<\/br><\/p>\n<p><img decoding=\"async\" src=\"http:\/\/aconteceunovale.com.br\/portal\/wp-content\/uploads\/2014\/12\/fogo_palimontes_4.jpg\" alt=\"\" \/><em>Fogo destruiu parte da revendedora nesta madrugada &#8211; (Foto: Mauro Miranda Ferreira\/TV Record)<\/em><br \/>\n<\/br><\/p>\n<p><img decoding=\"async\" src=\"http:\/\/aconteceunovale.com.br\/portal\/wp-content\/uploads\/2014\/12\/fogo_palimontes_5.jpg\" alt=\"\" \/><em>Fogo destruiu parte da revendedora nesta madrugada &#8211; (Foto: Mauro Miranda Ferreira\/TV Record)<\/em><br \/>\n<\/br><\/p>\n<p><img decoding=\"async\" src=\"http:\/\/aconteceunovale.com.br\/portal\/wp-content\/uploads\/2014\/12\/fogo_palimontes_6.jpg\" alt=\"\" \/><em>Fogo destruiu parte da revendedora nesta madrugada &#8211; (Foto: Mauro Miranda Ferreira\/TV Record)<\/em><br \/>\n<\/br><\/p>\n<p><img decoding=\"async\" src=\"http:\/\/aconteceunovale.com.br\/portal\/wp-content\/uploads\/2014\/12\/fogo_palimontes_7.jpg\" alt=\"\" \/><em>Fogo destruiu parte da revendedora nesta madrugada &#8211; (Foto: Mauro Miranda Ferreira\/TV Record)<\/em><br \/>\n<\/br><\/p>\n<p><img decoding=\"async\" src=\"http:\/\/aconteceunovale.com.br\/portal\/wp-content\/uploads\/2014\/12\/fogo_palimontes_8.jpg\" alt=\"\" \/><em>Fogo destruiu parte da revendedora nesta madrugada &#8211; (Foto: Mauro Miranda Ferreira\/TV Record)<\/em><br \/>\n<\/br><\/p>\n<p><img decoding=\"async\" src=\"http:\/\/aconteceunovale.com.br\/portal\/wp-content\/uploads\/2014\/12\/fogo_palimontes_9.jpg\" alt=\"\" \/><em>Fogo destruiu parte da revendedora nesta madrugada &#8211; (Foto: Mauro Miranda Ferreira\/TV Record)<\/em><br \/>\n<\/br><\/p>\n<p><img decoding=\"async\" src=\"http:\/\/aconteceunovale.com.br\/portal\/wp-content\/uploads\/2014\/12\/fogo_palimontes_10.jpg\" alt=\"\" \/><em>Fogo destruiu parte da revendedora nesta madrugada &#8211; (Foto: Mauro Miranda Ferreira\/TV Record)<\/em><br \/>\n<\/br><\/p>\n<p><img decoding=\"async\" src=\"http:\/\/aconteceunovale.com.br\/portal\/wp-content\/uploads\/2014\/12\/fogo_palimontes_11.jpg\" alt=\"\" \/><em>Fogo destruiu parte da revendedora nesta madrugada &#8211; (Foto: Mauro Miranda Ferreira\/TV Record)<\/em><br \/>\n<\/br><\/p>\n<p><img decoding=\"async\" src=\"http:\/\/aconteceunovale.com.br\/portal\/wp-content\/uploads\/2014\/12\/fogo_palimontes_12.jpg\" alt=\"\" \/><em>Fogo destruiu parte da revendedora nesta madrugada &#8211; (Foto: Mauro Miranda Ferreira\/TV Record)<\/em><br \/>\n<\/br><\/p>\n<p><img decoding=\"async\" src=\"http:\/\/aconteceunovale.com.br\/portal\/wp-content\/uploads\/2014\/12\/fogo_palimontes_13.jpg\" alt=\"\" \/><em>Fogo destruiu parte da revendedora nesta madrugada &#8211; (Foto: Mauro Miranda Ferreira\/TV Record)<\/em><br \/>\n<\/br><\/p>\n<p><img decoding=\"async\" src=\"http:\/\/aconteceunovale.com.br\/portal\/wp-content\/uploads\/2014\/12\/fogo_palimontes_14.jpg\" alt=\"\" \/><em>Fogo destruiu parte da revendedora nesta madrugada &#8211; (Foto: Mauro Miranda Ferreira\/TV Record)<\/em><br \/>\n<\/br><\/p>\n<p><strong><em>(Fonte: Inter TV Grande Minas)<\/em><\/strong><\/p>\n","protected":false},"excerpt":{"rendered":"<p>O preju\u00edzo causado pelo fogo \u00e9 de cerca de R$ 500 mil. Loja fica na Avenida Deputado Esteves Rodrigues. Uma revendedora de motos ficou parcialmente destru\u00edda por um inc\u00eandio durante a madrugada deste s\u00e1bado (27) em Montes Claros, no Norte de Minas. A loja fica na Avenida Deputado Esteves Rodrigues, pr\u00f3ximo ao Mercado Municipal. Fogo [&hellip;]<\/p>\n","protected":false},"author":1,"featured_media":48791,"comment_status":"open","ping_status":"closed","sticky":false,"template":"","format":"standard","meta":{"amp_status":"","footnotes":""},"categories":[1236],"tags":[28056,28053,28054,210,28057,28055],"class_list":["post-48790","post","type-post","status-publish","format-standard","has-post-thumbnail","hentry","category-norte_de_minas","tag-incendio-destroi-parte-da-palimontes-em-montes-claros","tag-incendio-destroi-parte-de-uma-revendedora-de-motocicletas-em-montes-claros","tag-incendio-na-palimontes-motos","tag-montes-claros","tag-palimontes-montes-claros","tag-palimontes-motos"],"_links":{"self":[{"href":"https:\/\/aconteceunovale.com.br\/portal\/index.php?rest_route=\/wp\/v2\/posts\/48790","targetHints":{"allow":["GET"]}}],"collection":[{"href":"https:\/\/aconteceunovale.com.br\/portal\/index.php?rest_route=\/wp\/v2\/posts"}],"about":[{"href":"https:\/\/aconteceunovale.com.br\/portal\/index.php?rest_route=\/wp\/v2\/types\/post"}],"author":[{"embeddable":true,"href":"https:\/\/aconteceunovale.com.br\/portal\/index.php?rest_route=\/wp\/v2\/users\/1"}],"replies":[{"embeddable":true,"href":"https:\/\/aconteceunovale.com.br\/portal\/index.php?rest_route=%2Fwp%2Fv2%2Fcomments&post=48790"}],"version-history":[{"count":0,"href":"https:\/\/aconteceunovale.com.br\/portal\/index.php?rest_route=\/wp\/v2\/posts\/48790\/revisions"}],"wp:featuredmedia":[{"embeddable":true,"href":"https:\/\/aconteceunovale.com.br\/portal\/index.php?rest_route=\/wp\/v2\/media\/48791"}],"wp:attachment":[{"href":"https:\/\/aconteceunovale.com.br\/portal\/index.php?rest_route=%2Fwp%2Fv2%2Fmedia&parent=48790"}],"wp:term":[{"taxonomy":"category","embeddable":true,"href":"https:\/\/aconteceunovale.com.br\/portal\/index.php?rest_route=%2Fwp%2Fv2%2Fcategories&post=48790"},{"taxonomy":"post_tag","embeddable":true,"href":"https:\/\/aconteceunovale.com.br\/portal\/index.php?rest_route=%2Fwp%2Fv2%2Ftags&post=48790"}],"curies":[{"name":"wp","href":"https:\/\/api.w.org\/{rel}","templated":true}]}}