{"id":48778,"date":"2014-12-27T12:45:19","date_gmt":"2014-12-27T15:45:19","guid":{"rendered":"http:\/\/aconteceunovale.com.br\/portal\/?p=48778"},"modified":"2014-12-27T12:45:19","modified_gmt":"2014-12-27T15:45:19","slug":"jovem-que-perdeu-as-duas-pernas-em-acidente-vira-atleta-no-norte-de-minas","status":"publish","type":"post","link":"https:\/\/aconteceunovale.com.br\/portal\/?p=48778","title":{"rendered":"Jovem que perdeu as duas pernas em acidente vira atleta no norte de Minas"},"content":{"rendered":"<h4><strong><em>V\u00edtor Dourado, de 19 anos, j\u00e1 encarou as piscinas e o tatame e agora sonha em voltar a correr<\/em><\/strong><\/h4>\n<p><img decoding=\"async\" src=\"http:\/\/aconteceunovale.com.br\/portal\/wp-content\/uploads\/2014\/12\/atleta_moc_1.jpeg\" alt=\"\" \/>H\u00e1 cerca de dois anos, o mineiro de Montes Claros, no norte de Minas, V\u00edtor Dourado, de 19 anos, encontrou no esporte um motivo para renascer. O jovem perdeu as duas pernas em um acidente de carro, e, desde ent\u00e3o, decidiu aproveitar a nova chance que recebeu da vida. Dedicado, V\u00edtor entrou de cabe\u00e7a nas atividades f\u00edsicas e hoje \u00e9 considerado exemplo de supera\u00e7\u00e3o: al\u00e9m de nadar, ele aprendeu jud\u00f4 e jiu-jitsu e participa de competi\u00e7\u00f5es de fisiculturismo &#8211; <em>Foto: Record Minas<\/em><br \/>\n<\/br><\/p>\n<p><img decoding=\"async\" src=\"http:\/\/aconteceunovale.com.br\/portal\/wp-content\/uploads\/2014\/12\/atleta_moc_2.jpeg\" alt=\"\" \/>V\u00edtor pegou carona com um desconhecido, que acabou perdendo o controle do carro e bateu em um poste, provocando as amputa\u00e7\u00f5es dos membros inferiores do rapaz. Depois que a fase de recupera\u00e7\u00e3o dos ferimentos passou, ele encontrou uma antiga professora de Educa\u00e7\u00e3o F\u00edsica, que o convidou para aprender a nadar &#8211; <em>Foto: Record Minas<\/em><br \/>\n<\/br><\/p>\n<p><img decoding=\"async\" src=\"http:\/\/aconteceunovale.com.br\/portal\/wp-content\/uploads\/2014\/12\/atleta_moc_3.jpeg\" alt=\"\" \/>No tatame, V\u00edtor tomou gosto pelas artes marciais. Mas \u00e9 na academia que ele se encontrou: com uma rotina pesada de treinos, ele cuida rigorosamente do corpo e j\u00e1 virou representante de marcas de suplementos em eventos de fisiculturismo. &#8220;Depois do meu p\u00f3s-operat\u00f3rio, eu fiquei bem gordo e cheguei a pesar 92 kg, ent\u00e3o procurei a academia para emagrecer e comecei a tomar gosto pelo esporte. Agora, aqui [academia] \u00e9 onde eu me encontro.&#8221; &#8211; <em>Foto: Record Minas<\/em><br \/>\n<\/br><\/p>\n<p><img decoding=\"async\" src=\"http:\/\/aconteceunovale.com.br\/portal\/wp-content\/uploads\/2014\/12\/atleta_moc_4.jpeg\" alt=\"\" \/>Desde ent\u00e3o, o rapaz n\u00e3o parou mais. Em apenas tr\u00eas meses ele j\u00e1 dominava a nata\u00e7\u00e3o e chegou a ganhar medalha de ouro nos jogos escolares de Minas Gerais, al\u00e9m de participar da etapa nacional da competi\u00e7\u00e3o &#8211; <em>Foto: Record Minas<\/em><br \/>\n<\/br><\/p>\n<p><img decoding=\"async\" src=\"http:\/\/aconteceunovale.com.br\/portal\/wp-content\/uploads\/2014\/12\/atleta_moc_5.jpeg\" alt=\"\" \/>A rotina intensa de atividades f\u00edsicas do jovem faz sucesso na internet: ele tem cerca de 25 mil seguidores no Instagram, onde posta imagens do seu dia a dia e incentiva as pessoas a abra\u00e7arem o esporte. Mesmo t\u00e3o agitado, V\u00edtor nem pensa em reduzir o ritmo. Muito pelo contr\u00e1rio: agora, o objetivo dele \u00e9 voltar a correr. &#8220;Preciso conseguir pr\u00f3teses diferentes para correr, que \u00e9 o que me falta hoje para estrear no atletismo.&#8221; &#8211; <em>Foto: Record Minas<\/em><br \/>\n<\/br><\/p>\n<p><img decoding=\"async\" src=\"http:\/\/aconteceunovale.com.br\/portal\/wp-content\/uploads\/2014\/12\/atleta_moc_6.jpeg\" alt=\"\" \/>Animado e cheio de planos para o futuro no Esporte, o jovem mostra que deu a volta por cima e fez um novo caminho diante das dificuldades que teve que enfrentar. &#8220;Acho que a gente tem que bater o nosso pr\u00f3prio limite, sempre ir al\u00e9m, buscar mais.&#8221; &#8211; <em>Foto: Record Minas<\/em><br \/>\n<\/br><\/p>\n<p><strong><em>(Fonte: Portal R7)<\/em><\/strong><\/p>\n","protected":false},"excerpt":{"rendered":"<p>V\u00edtor Dourado, de 19 anos, j\u00e1 encarou as piscinas e o tatame e agora sonha em voltar a correr H\u00e1 cerca de dois anos, o mineiro de Montes Claros, no norte de Minas, V\u00edtor Dourado, de 19 anos, encontrou no esporte um motivo para renascer. O jovem perdeu as duas pernas em um acidente de [&hellip;]<\/p>\n","protected":false},"author":1,"featured_media":48782,"comment_status":"open","ping_status":"closed","sticky":false,"template":"","format":"standard","meta":{"amp_status":"","footnotes":""},"categories":[59],"tags":[28039,28038,210,28040],"class_list":["post-48778","post","type-post","status-publish","format-standard","has-post-thumbnail","hentry","category-sports","tag-jovem-que-perdeu-as-duas-pernas-em-acidente-vira-atleta-em-montes-claros","tag-jovem-que-perdeu-as-duas-pernas-em-acidente-vira-atleta-no-norte-de-minas","tag-montes-claros","tag-vitor-dourado"],"_links":{"self":[{"href":"https:\/\/aconteceunovale.com.br\/portal\/index.php?rest_route=\/wp\/v2\/posts\/48778","targetHints":{"allow":["GET"]}}],"collection":[{"href":"https:\/\/aconteceunovale.com.br\/portal\/index.php?rest_route=\/wp\/v2\/posts"}],"about":[{"href":"https:\/\/aconteceunovale.com.br\/portal\/index.php?rest_route=\/wp\/v2\/types\/post"}],"author":[{"embeddable":true,"href":"https:\/\/aconteceunovale.com.br\/portal\/index.php?rest_route=\/wp\/v2\/users\/1"}],"replies":[{"embeddable":true,"href":"https:\/\/aconteceunovale.com.br\/portal\/index.php?rest_route=%2Fwp%2Fv2%2Fcomments&post=48778"}],"version-history":[{"count":0,"href":"https:\/\/aconteceunovale.com.br\/portal\/index.php?rest_route=\/wp\/v2\/posts\/48778\/revisions"}],"wp:featuredmedia":[{"embeddable":true,"href":"https:\/\/aconteceunovale.com.br\/portal\/index.php?rest_route=\/wp\/v2\/media\/48782"}],"wp:attachment":[{"href":"https:\/\/aconteceunovale.com.br\/portal\/index.php?rest_route=%2Fwp%2Fv2%2Fmedia&parent=48778"}],"wp:term":[{"taxonomy":"category","embeddable":true,"href":"https:\/\/aconteceunovale.com.br\/portal\/index.php?rest_route=%2Fwp%2Fv2%2Fcategories&post=48778"},{"taxonomy":"post_tag","embeddable":true,"href":"https:\/\/aconteceunovale.com.br\/portal\/index.php?rest_route=%2Fwp%2Fv2%2Ftags&post=48778"}],"curies":[{"name":"wp","href":"https:\/\/api.w.org\/{rel}","templated":true}]}}