{"id":48770,"date":"2014-12-27T12:26:24","date_gmt":"2014-12-27T15:26:24","guid":{"rendered":"http:\/\/aconteceunovale.com.br\/portal\/?p=48770"},"modified":"2014-12-27T12:26:53","modified_gmt":"2014-12-27T15:26:53","slug":"mensalao-tucano-vai-completar-10-anos-sem-punir-os-culpados","status":"publish","type":"post","link":"https:\/\/aconteceunovale.com.br\/portal\/?p=48770","title":{"rendered":"Mensal\u00e3o tucano vai completar 10 anos sem puni\u00e7\u00e3o para os culpados"},"content":{"rendered":"<p>A descoberta do mensal\u00e3o tucano completa 10 anos em junho de 2015 e ainda n\u00e3o tem defini\u00e7\u00e3o. Enquanto o julgamento do mensal\u00e3o do PT j\u00e1 foi conclu\u00eddo, o do PSDB de Minas se arrasta.<\/p>\n<p>De acordo com den\u00fancia do Minist\u00e9rio P\u00fablico Federal, o mensal\u00e3o tucano envolveu desvios de R$ 3,5 milh\u00f5es de empresas p\u00fablicas de Minas, usados na campanha eleitoral de Azeredo, que tentava se reeleger governador em 1998.<\/p>\n<p>Somente em 2015 o processo do ent\u00e3o governador Eduardo Azeredo, que desde mar\u00e7o de 2014 est\u00e1 pronto para ir a julgamento, dever\u00e1 ser analisado pela primeira inst\u00e2ncia da Justi\u00e7a mineira. A data, no entanto, n\u00e3o foi marcada ainda.<\/p>\n<p>Azeredo renunciou ao mandato de deputado federal e perdeu o foro privilegiado. O Supremo Tribunal Federal (STF), ent\u00e3o, encaminhou o processo para a primeira inst\u00e2ncia.<\/p>\n<p>Apesar de a ren\u00fancia ter ocorrido em mar\u00e7o, somente no dia 4 de dezembro a a\u00e7\u00e3o penal chegou \u00e0 9\u00aa Vara Criminal, em Belo Horizonte, onde j\u00e1 tramita outro processo, esse com oito r\u00e9us.<\/p>\n<p>Essa outra a\u00e7\u00e3o tinha dez r\u00e9us, mas a morosidade da Justi\u00e7a permitiu que o crime prescrevesse para dois deles, que completaram 70 anos. Os favorecidos foram o ex-ministro Walfrido dos Mares Guia e o tesoureiro da campanha de Azeredo, Cl\u00e1udio Mour\u00e3o.<\/p>\n<p>O processo ainda se arrasta e nenhum r\u00e9u foi nem sequer ouvido. A \u00faltima audi\u00eancia do ano n\u00e3o aconteceu porque os advogados de defesa n\u00e3o foram notificados do depoimento com a \u00faltima testemunha de defesa, justamente do r\u00e9u Jos\u00e9 Afonso Bicalho. A audi\u00eancia foi remarcada para 21 de janeiro.<\/p>\n<p>H\u00e1 ainda um terceiro processo, que envolve o ex-senador Cl\u00e9sio Andrade (PMDB). Ele tamb\u00e9m renunciou ao mandato, o que levou o processo para a primeira inst\u00e2ncia.<\/p>\n<p><img decoding=\"async\" src=\"http:\/\/aconteceunovale.com.br\/portal\/wp-content\/uploads\/2014\/02\/eduardo_azeredo_renuncia.jpg\" alt=\"\" \/><em>Dinheiro desviado foi usado na campanha eleitoral de Eduardo Azeredo, que tentava se reeleger governador em 1998 &#8211; Foto: Geraldo Magela \/ Ag\u00eancia Senado<\/em><br \/>\n<\/br><\/p>\n<p><strong><em>(R\u00e1dio Itatiaia)<\/em><\/strong><\/p>\n","protected":false},"excerpt":{"rendered":"<p>A descoberta do mensal\u00e3o tucano completa 10 anos em junho de 2015 e ainda n\u00e3o tem defini\u00e7\u00e3o. Enquanto o julgamento do mensal\u00e3o do PT j\u00e1 foi conclu\u00eddo, o do PSDB de Minas se arrasta. De acordo com den\u00fancia do Minist\u00e9rio P\u00fablico Federal, o mensal\u00e3o tucano envolveu desvios de R$ 3,5 milh\u00f5es de empresas p\u00fablicas de [&hellip;]<\/p>\n","protected":false},"author":1,"featured_media":21798,"comment_status":"open","ping_status":"closed","sticky":false,"template":"","format":"standard","meta":{"amp_status":"","footnotes":""},"categories":[123],"tags":[28026,2437,4585,28027,28031,28029,28030,28032,28028,28025],"class_list":["post-48770","post","type-post","status-publish","format-standard","has-post-thumbnail","hentry","category-gerais","tag-claudio-mourao","tag-clesio-andrade","tag-eduardo-azeredo","tag-jose-afonso-bicalho","tag-mensalao-do-psdb","tag-mensalao-mineiro","tag-mensalao-tucano","tag-mensalao-tucano-vai-completar-10-anos-sem-punicao-para-os-culpados","tag-mensalao-tucano-vai-completar-10-anos-sem-punir-os-culpados","tag-walfrido-dos-mares-guia"],"_links":{"self":[{"href":"https:\/\/aconteceunovale.com.br\/portal\/index.php?rest_route=\/wp\/v2\/posts\/48770","targetHints":{"allow":["GET"]}}],"collection":[{"href":"https:\/\/aconteceunovale.com.br\/portal\/index.php?rest_route=\/wp\/v2\/posts"}],"about":[{"href":"https:\/\/aconteceunovale.com.br\/portal\/index.php?rest_route=\/wp\/v2\/types\/post"}],"author":[{"embeddable":true,"href":"https:\/\/aconteceunovale.com.br\/portal\/index.php?rest_route=\/wp\/v2\/users\/1"}],"replies":[{"embeddable":true,"href":"https:\/\/aconteceunovale.com.br\/portal\/index.php?rest_route=%2Fwp%2Fv2%2Fcomments&post=48770"}],"version-history":[{"count":0,"href":"https:\/\/aconteceunovale.com.br\/portal\/index.php?rest_route=\/wp\/v2\/posts\/48770\/revisions"}],"wp:featuredmedia":[{"embeddable":true,"href":"https:\/\/aconteceunovale.com.br\/portal\/index.php?rest_route=\/wp\/v2\/media\/21798"}],"wp:attachment":[{"href":"https:\/\/aconteceunovale.com.br\/portal\/index.php?rest_route=%2Fwp%2Fv2%2Fmedia&parent=48770"}],"wp:term":[{"taxonomy":"category","embeddable":true,"href":"https:\/\/aconteceunovale.com.br\/portal\/index.php?rest_route=%2Fwp%2Fv2%2Fcategories&post=48770"},{"taxonomy":"post_tag","embeddable":true,"href":"https:\/\/aconteceunovale.com.br\/portal\/index.php?rest_route=%2Fwp%2Fv2%2Ftags&post=48770"}],"curies":[{"name":"wp","href":"https:\/\/api.w.org\/{rel}","templated":true}]}}