{"id":48764,"date":"2014-12-27T12:06:09","date_gmt":"2014-12-27T15:06:09","guid":{"rendered":"http:\/\/aconteceunovale.com.br\/portal\/?p=48764"},"modified":"2014-12-27T19:17:27","modified_gmt":"2014-12-27T22:17:27","slug":"pelo-menos-oito-pessoas-morrem-em-acidente-com-onibus-da-sao-geraldo-no-espirito-santo","status":"publish","type":"post","link":"https:\/\/aconteceunovale.com.br\/portal\/?p=48764","title":{"rendered":"Oito pessoas morrem em acidente com \u00f4nibus da S\u00e3o Geraldo no Esp\u00edrito Santo"},"content":{"rendered":"<h4><strong><em>Outras 19 pessoas foram socorridas para o Hospital Jayme dos Santos Neves, na Serra<\/em><\/strong><\/h4>\n<p>Um \u00f4nibus da empresa S\u00e3o Geraldo, com 31 passageiros e um motorista, que seguia da Bahia para o Rio de Janeiro capotou no Km 249 da BR 101, no in\u00edcio da manh\u00e3 deste s\u00e1bado (27), por volta das 5h20. A regi\u00e3o \u00e9 conhecida como Boqueir\u00e3o e fica pr\u00f3ximo ao bairro Belvedere, na Serra.<\/p>\n<p>Segundo informa\u00e7\u00f5es da Pol\u00edcia Rodovi\u00e1ria Federal (PRF), pelo menos oito pessoas morreram no acidente, sendo 7 mulheres e um homem. Outras 21 pessoas foram socorridas para o Hospital Jayme dos Santos Neves, na Serra, e para o Hospital S\u00e3o Lucas, em Vit\u00f3ria.<\/p>\n<p>Por volta das 19h deste s\u00e1bado, a empresa S\u00e3o Geraldo manteve o n\u00famero de \u00f3bitos e informou que aguarda identifica\u00e7\u00e3o do Instituto M\u00e9dico Legal (IML) para divulgar os nomes. De acordo com a empresa, outras duas pessoas ainda est\u00e3o em estado grave, enquanto seis passageiros continuam em observa\u00e7\u00e3o e outros nove j\u00e1 foram liberados e passam bem.<\/p>\n<p><img decoding=\"async\" src=\"http:\/\/aconteceunovale.com.br\/portal\/wp-content\/uploads\/2014\/12\/acidente_sg_27_12_1.jpg\" alt=\"\" \/><em>\u00d4nibus caiu em uma ribanceira na BR-101, no munic\u00edpio de Serra\/ES &#8211; Foto: Andr\u00e9 Falc\u00e3o\/TV Gazeta<\/em><br \/>\n<\/br><\/p>\n<p>Das 21 pessoas feridas, 13 apresentavam ferimentos mais graves, como traumatismo craniano e fratura de f\u00eamur. Oito passageiros conseguiram sair sozinhos do \u00f4nibus. <\/p>\n<p>Segundo a assessoria de imprensa da Via\u00e7\u00e3o S\u00e3o Geraldo, o \u00f4nibus saiu de Porto Seguro, na Bahia, \u00e0s 17h desta sexta-feira (26), com destino ao Rio de Janeiro.<\/p>\n<p>O motorista do coletivo contou que, ao fazer uma curva, encontrou um caminh\u00e3o fazendo uma ultrapassagem indevida. Para n\u00e3o bater, ele jogou o \u00f4nibus para o acostamento. Ele n\u00e3o conseguiu parar e o ve\u00edculo caiu em uma ribanceira de aproximadamente 20 metros de altura.<\/p>\n<p>O \u00f4nibus capotou e parou com as rodas para cima. A PRF informou que foram para o local equipes da Eco 101, concession\u00e1ria que administra a rodovia, Samu e sete viaturas do Corpo de Bombeiros.<\/p>\n<p>O acidente aconteceu nas proximidades do posto da PRF, na Serra, sentido Vit\u00f3ria. \u00c0s 9h a pista foi totalmente interditada para a retirada do \u00f4nibus da ribanceira.<\/p>\n<h4>Confira a lista de passageiros que foram atendidos:<\/h4>\n<p><strong>Internados em estado grave<\/strong><\/p>\n<p>Iolanda de Oliveira Queiroz (Hospital Jayme Santos Neves)<\/p>\n<p>Roberto Souza Vasconcelos (Hospital Jayme Santos Neves)<\/p>\n<p><strong>Internados est\u00e1veis<\/strong><\/p>\n<p>Emiliana de Souza Castro (Hospital S\u00e3o Lucas)<\/p>\n<p>Greice Pereira de Jesus (Hospital S\u00e3o Lucas)<\/p>\n<p>Gilberto C\u00e2ndido de Souza (Hospital S\u00e3o Lucas)<\/p>\n<p>Jessica Soares Santos (Hospital S\u00e3o Lucas)<\/p>\n<p>Fausto dos Santos Silva (Hospital Jayme Santos Neves)<\/p>\n<p>Luiz Cl\u00e1udio de Almeida (Hospital Jayme Santos Neves)<\/p>\n<p>Valter Silva de Souza (Hospital Jayme Santos Neves)<\/p>\n<p>Maria Perp\u00e9tua Pereira Silva (Hospital Jayme Santos Neves)<\/p>\n<p>Ana Paula Souza Santos (Hospital Jayme Santos Neves)<\/p>\n<p>Tiago de Almeida Miguel (Hospital Jayme Santos Neves)<\/p>\n<p><strong>Alta hospitalar<\/strong><\/p>\n<p>Alexandre Soares de Andrade (Hospital S\u00e3o Lucas)<\/p>\n<p>Vagner Concei\u00e7\u00e3o de Souza (Hospital S\u00e3o Lucas)<\/p>\n<p>Joelma Soares Silva (Hospital Jayme Santos Neves)<\/p>\n<p>\u00c1urea Rodrigues dos Santos (Hospital Jayme Santos Neves)<\/p>\n<p>Milton Esteiner Junior (Hospital Jayme Santos Neves)<\/p>\n<p>Leilaine Almeida Paix\u00e3o (Hospital Jayme Santos Neves)<\/p>\n<p>Roberto de Carvalho (Hospital Jayme Santos Neves)<\/p>\n<p>Gloriane Bonfim Trindade (Hospital Jayme Santos Neves)<\/p>\n<p>Balbino Bispo dos Santos (Hospital Jayme Santos Neves)<\/p>\n<p>Diego da Silva Severino (Hospital Jayme Santos Neves) <\/p>\n<p>Roni Aparecida Ara\u00fajo da Silva Barbosa (Hospital Jayme Santos Neves)<\/p>\n<h4>Vendedores ambulantes iriam trabalhar no RJ<\/h4>\n<p>Segundo o passageiro Balbino Bispo dos Santos, 35 anos, os passageiros, em sua maioria vendedores ambulantes, iriam trabalhar nas festas de final de ano no Rio de Janeiro.<\/p>\n<p>Balbino, que \u00e9 de Porto Seguro, iria para a cidade de Cabo Frio, no Rio de Janeiro. Ele conseguiu sair caminhando do \u00f4nibus e n\u00e3o se feriu. <\/p>\n<p>O vendedor viajava com a irm\u00e3 e o cunhado, que tamb\u00e9m s\u00e3o vendedores ambulantes. O cunhado dele foi socorrido, mas ainda n\u00e3o h\u00e1 informa\u00e7\u00f5es sobre a irm\u00e3 dele.<\/p>\n<h4>Feridos em hospitais<\/h4>\n<p>Nos hospitais Jayme dos Santos Neves, na Serra, e S\u00e3o Lucas, em Vit\u00f3ria, para onde as v\u00edtimas foram encaminhadas, alguns parentes compareceram pela manh\u00e3 na busca por informa\u00e7\u00f5es. A expectativa \u00e9 de que outros familiares compare\u00e7am \u00e0s unidades nesta tarde.<\/p>\n<p>Com tr\u00eas familiares feridos, Gisele Elias dos Santos foi para o S\u00e3o Lucas assim que soube do acidente. Os dois primos dela e uma tia estavam vindo da cidade de Guaratimba, na Bahia, e iam para o Rio de Janeiro, onde pretendiam passar o r\u00e9veillon. &#8220;Foi um susto, est\u00e3o todos da fam\u00edlia desesperados. Agrade\u00e7o a Deus pelo livramento. Meus familiares acordaram com o \u00f4nibus capotado&#8221;, disse.<\/p>\n<p>Segundo Gisele, um dos parentes foi liberado, outro est\u00e1 est\u00e1vel, e um est\u00e1 com amn\u00e9sia.<\/p>\n<p><strong><em>(Fonte: Gazeta Online)<\/em><\/strong><\/p>\n","protected":false},"excerpt":{"rendered":"<p>Outras 19 pessoas foram socorridas para o Hospital Jayme dos Santos Neves, na Serra Um \u00f4nibus da empresa S\u00e3o Geraldo, com 31 passageiros e um motorista, que seguia da Bahia para o Rio de Janeiro capotou no Km 249 da BR 101, no in\u00edcio da manh\u00e3 deste s\u00e1bado (27), por volta das 5h20. A regi\u00e3o [&hellip;]<\/p>\n","protected":false},"author":1,"featured_media":48765,"comment_status":"open","ping_status":"closed","sticky":false,"template":"","format":"standard","meta":{"amp_status":"","footnotes":""},"categories":[6],"tags":[28011,28013,28012,28014,28015,28083,28079,28086,28016,28091,28071,28075,28073,28090,28072,28069,28074,28085,28088,28081,28076,28078,28087,28082,28093,28068,28017,423,1104,28089,28070,28092,4322,28080,28084,28077,9763],"class_list":["post-48764","post","type-post","status-publish","format-standard","has-post-thumbnail","hentry","category-br","tag-acidente-com-onibus-da-sao-geraldo-em-serra","tag-acidente-com-onibus-da-sao-geraldo-na-br-101","tag-acidente-com-onibus-da-sao-geraldo-no-espirito-santo","tag-acidente-com-onibus-que-seguia-da-bahia-para-o-rio-de-janeiro","tag-acidente-com-onibus-que-seguia-de-porto-seguro-para-o-rio-de-janeiro","tag-alexandre-soares-de-andrade","tag-ana-paula-souza-santos","tag-aurea-rodrigues-dos-santos","tag-balbino-bispo-dos-santos","tag-diego-da-silva-severino","tag-emiliana-de-souza-castro","tag-fausto-dos-santos-silva","tag-gilberto-candido-de-souza","tag-gloriane-bonfim-trindade","tag-greice-pereira-de-jesus","tag-iolanda-de-oliveira-queiroz","tag-jessica-soares-santos","tag-joelma-soares-silva","tag-leilaine-almeida-paixao","tag-lista-de-passageiros-do-onibus-que-capotou-no-espirito-santo","tag-luiz-claudio-de-almeida","tag-maria-perpetua-pereira-silva","tag-milton-esteiner-junior","tag-nomes-dos-passageiros-que-estavam-no-onibus-que-capotou-no-espirito-santo","tag-oito-pessoas-morrem-em-acidente-com-onibus-da-sao-geraldo-no-espirito-santo","tag-onibus-da-empresa-sao-geraldo","tag-pelo-menos-oito-pessoas-morrem-em-acidente-com-onibus-da-sao-geraldo-no-espirito-santo","tag-porto-seguro","tag-rio-de-janeiro","tag-roberto-de-carvalho","tag-roberto-souza-vasconcelos","tag-roni-aparecida-araujo-da-silva-barbosa","tag-serra","tag-tiago-de-almeida-miguel","tag-vagner-conceicao-de-souza","tag-valter-silva-de-souza","tag-vitoria"],"_links":{"self":[{"href":"https:\/\/aconteceunovale.com.br\/portal\/index.php?rest_route=\/wp\/v2\/posts\/48764","targetHints":{"allow":["GET"]}}],"collection":[{"href":"https:\/\/aconteceunovale.com.br\/portal\/index.php?rest_route=\/wp\/v2\/posts"}],"about":[{"href":"https:\/\/aconteceunovale.com.br\/portal\/index.php?rest_route=\/wp\/v2\/types\/post"}],"author":[{"embeddable":true,"href":"https:\/\/aconteceunovale.com.br\/portal\/index.php?rest_route=\/wp\/v2\/users\/1"}],"replies":[{"embeddable":true,"href":"https:\/\/aconteceunovale.com.br\/portal\/index.php?rest_route=%2Fwp%2Fv2%2Fcomments&post=48764"}],"version-history":[{"count":0,"href":"https:\/\/aconteceunovale.com.br\/portal\/index.php?rest_route=\/wp\/v2\/posts\/48764\/revisions"}],"wp:featuredmedia":[{"embeddable":true,"href":"https:\/\/aconteceunovale.com.br\/portal\/index.php?rest_route=\/wp\/v2\/media\/48765"}],"wp:attachment":[{"href":"https:\/\/aconteceunovale.com.br\/portal\/index.php?rest_route=%2Fwp%2Fv2%2Fmedia&parent=48764"}],"wp:term":[{"taxonomy":"category","embeddable":true,"href":"https:\/\/aconteceunovale.com.br\/portal\/index.php?rest_route=%2Fwp%2Fv2%2Fcategories&post=48764"},{"taxonomy":"post_tag","embeddable":true,"href":"https:\/\/aconteceunovale.com.br\/portal\/index.php?rest_route=%2Fwp%2Fv2%2Ftags&post=48764"}],"curies":[{"name":"wp","href":"https:\/\/api.w.org\/{rel}","templated":true}]}}