{"id":48762,"date":"2014-12-26T21:22:46","date_gmt":"2014-12-27T00:22:46","guid":{"rendered":"http:\/\/aconteceunovale.com.br\/portal\/?p=48762"},"modified":"2014-12-26T21:22:46","modified_gmt":"2014-12-27T00:22:46","slug":"secretaria-estadual-de-saude-confirma-mais-dois-casos-de-febre-chikungunya-em-minas-gerais","status":"publish","type":"post","link":"https:\/\/aconteceunovale.com.br\/portal\/?p=48762","title":{"rendered":"Secretaria Estadual de Sa\u00fade confirma mais dois casos de febre Chikungunya em Minas Gerais"},"content":{"rendered":"<h4><strong><em>V\u00edtimas estiveram fora do pa\u00eds e apresentaram os primeiros sintomas em novembro. Com esses diagn\u00f3sticos passam para sete o n\u00famero de infectados no Estado.<\/em><\/strong><\/h4>\n<p>Dois novos casos de febre Chikungunya foram confirmados em Belo Horizonte, nesta sexta-feira (26). De acordo com a Secretaria de Estado de Sa\u00fade (SES\/MG), passam para sete o n\u00famero de infectados no Estado.<\/p>\n<p>Uma das v\u00edtimas \u00e9 uma mulher de 26 anos, que teve a infec\u00e7\u00e3o confirmada em Belo Horizonte. Ela chegou dos Estados Unidos para passar f\u00e9rias com a fam\u00edlia, mas tamb\u00e9m teria estado na Jamaica, onde por ter sido picada pelo mosquito transmissor. Os primeiros sintomas foram percebidos no dia 29 de novembro. A paciente est\u00e1 na fase aguda da doen\u00e7a, clinicamente est\u00e1vel, \u00e9 acompanhada por m\u00e9dico e foi liberada para dar continuidade ao tratamento em casa.<\/p>\n<p>O segundo caso foi diagnosticado em Alfenas, no Sul de Minas. Um homem de 70 anos apresentou os sintomas da doen\u00e7a no dia 16 de novembro, e sua poss\u00edvel infec\u00e7\u00e3o teria acontecido na Col\u00f4mbia. O paciente tamb\u00e9m est\u00e1 na fase aguda da doen\u00e7a, \u00e9 acompanhado por m\u00e9dicos e foi liberado para tratamento em casa.<\/p>\n<p>A SES\/MG informa ainda que est\u00e1 preparada para atuar de forma complementar com o munic\u00edpio com a\u00e7\u00f5es de controle de vetores e de mobiliza\u00e7\u00e3o social preconizadas pelo Minist\u00e9rio da Sa\u00fade imediatamente caso seja apontada necessidade a partir da investiga\u00e7\u00e3o realizada.<\/p>\n<p><em>(Fonte: SES\/MG e O Tempo Online)<\/em><\/p>\n","protected":false},"excerpt":{"rendered":"<p>V\u00edtimas estiveram fora do pa\u00eds e apresentaram os primeiros sintomas em novembro. Com esses diagn\u00f3sticos passam para sete o n\u00famero de infectados no Estado. Dois novos casos de febre Chikungunya foram confirmados em Belo Horizonte, nesta sexta-feira (26). De acordo com a Secretaria de Estado de Sa\u00fade (SES\/MG), passam para sete o n\u00famero de infectados [&hellip;]<\/p>\n","protected":false},"author":1,"featured_media":42015,"comment_status":"open","ping_status":"closed","sticky":false,"template":"","format":"standard","meta":{"amp_status":"","footnotes":""},"categories":[123],"tags":[957,194,27437,28010,28009,27438,28008],"class_list":["post-48762","post","type-post","status-publish","format-standard","has-post-thumbnail","hentry","category-gerais","tag-alfenas","tag-belo-horizonte","tag-casos-de-febre-chikungunya","tag-casos-de-febre-chikungunya-em-alfenas","tag-casos-de-febre-chikungunya-em-belo-horizonte","tag-casos-de-febre-chikungunya-em-minas-gerais","tag-secretaria-estadual-de-saude-confirma-mais-dois-casos-de-febre-chikungunya-em-minas-gerais"],"_links":{"self":[{"href":"https:\/\/aconteceunovale.com.br\/portal\/index.php?rest_route=\/wp\/v2\/posts\/48762","targetHints":{"allow":["GET"]}}],"collection":[{"href":"https:\/\/aconteceunovale.com.br\/portal\/index.php?rest_route=\/wp\/v2\/posts"}],"about":[{"href":"https:\/\/aconteceunovale.com.br\/portal\/index.php?rest_route=\/wp\/v2\/types\/post"}],"author":[{"embeddable":true,"href":"https:\/\/aconteceunovale.com.br\/portal\/index.php?rest_route=\/wp\/v2\/users\/1"}],"replies":[{"embeddable":true,"href":"https:\/\/aconteceunovale.com.br\/portal\/index.php?rest_route=%2Fwp%2Fv2%2Fcomments&post=48762"}],"version-history":[{"count":0,"href":"https:\/\/aconteceunovale.com.br\/portal\/index.php?rest_route=\/wp\/v2\/posts\/48762\/revisions"}],"wp:featuredmedia":[{"embeddable":true,"href":"https:\/\/aconteceunovale.com.br\/portal\/index.php?rest_route=\/wp\/v2\/media\/42015"}],"wp:attachment":[{"href":"https:\/\/aconteceunovale.com.br\/portal\/index.php?rest_route=%2Fwp%2Fv2%2Fmedia&parent=48762"}],"wp:term":[{"taxonomy":"category","embeddable":true,"href":"https:\/\/aconteceunovale.com.br\/portal\/index.php?rest_route=%2Fwp%2Fv2%2Fcategories&post=48762"},{"taxonomy":"post_tag","embeddable":true,"href":"https:\/\/aconteceunovale.com.br\/portal\/index.php?rest_route=%2Fwp%2Fv2%2Ftags&post=48762"}],"curies":[{"name":"wp","href":"https:\/\/api.w.org\/{rel}","templated":true}]}}