{"id":48758,"date":"2014-12-26T21:11:58","date_gmt":"2014-12-27T00:11:58","guid":{"rendered":"http:\/\/aconteceunovale.com.br\/portal\/?p=48758"},"modified":"2014-12-26T21:11:58","modified_gmt":"2014-12-27T00:11:58","slug":"presepio-com-personagens-biblicos-em-tamanho-natural-atrai-milhares-visitantes-em-grao-mogol","status":"publish","type":"post","link":"https:\/\/aconteceunovale.com.br\/portal\/?p=48758","title":{"rendered":"Pres\u00e9pio com personagens b\u00edblicos em tamanho natural atrai milhares visitantes em Gr\u00e3o Mogol"},"content":{"rendered":"<h4><strong><em>Cen\u00e1rio completa tr\u00eas anos neste m\u00eas e ocupa uma \u00e1rea de 3,6 mil metros quadrados na regi\u00e3o central da cidade, no Norte de Minas.<\/em><\/strong><\/h4>\n<p>O fluxo de visitantes na hist\u00f3rica Gr\u00e3o Mogol, de 15 mil habitantes, a 551 quil\u00f4metros de Belo Horizonte, no Norte de Minas, aumenta consideravelmente nesta \u00e9poca do ano por conta do Pres\u00e9pio Permanente M\u00e3os de Deus, que tem como atra\u00e7\u00e3o um conjunto de 16 pe\u00e7as representando personagens de Jesus em tamanho natural, sendo que foi projetado para ser o maior pres\u00e9pio a c\u00e9u aberto do mundo. Neste m\u00eas de dezembro, a atra\u00e7\u00e3o tamb\u00e9m comemora tr\u00eas anos de exist\u00eancia.<\/p>\n<p><img decoding=\"async\" src=\"http:\/\/aconteceunovale.com.br\/portal\/wp-content\/uploads\/2014\/12\/presepio_gm_1.jpg\" alt=\"\" \/><em>As pe\u00e7as do pres\u00e9pio, que representam personagens da Sagrada Fam\u00edlia, foram constru\u00eddas \u00e0 base de cimento e ferro &#8211; Foto: Alberto Sena \/ Reprodu\u00e7\u00e3o P\u00e1gina Facebook<\/em><br \/>\n<\/br><\/p>\n<p>O Pres\u00e9pio M\u00e3os de Deus ocupa uma \u00e1rea de 3,6 mil metros quadrados na regi\u00e3o central de Gr\u00e3o Mogol. Ele est\u00e1 situado em um ponto alto, de onde se pode apreciar tamb\u00e9m a beleza do casario de pedra e a paisagem com as forma\u00e7\u00f5es rochosas e, ao fundo, a Praia do Vau, com sua a areia branquinha e fina, no Rio Itacambirassu.<\/p>\n<p>Os visitantes devem se preparar para subir rampas. Mas vale a pena qualquer sacrif\u00edcio. Pelo caminho, existe at\u00e9 uma gruta \u2013 numa pedra que j\u00e1 existia no local, lembrando o lugar onde o Menino Jesus nasceu, em Bel\u00e9m. \u00c0 noite, a gruta recebe ilumina\u00e7\u00e3o especial. H\u00e1 tamb\u00e9m um espa\u00e7o voltado especialmente para ora\u00e7\u00e3o e reflex\u00e3o. Tudo isso pode ser apreciado por um pre\u00e7o simb\u00f3lico da entrada: R$ 2 por pessoa, para ajudar na manuten\u00e7\u00e3o do pres\u00e9pio, que \u00e9 aberto diariamente para as visita\u00e7\u00f5es das 8 \u00e0s 22 horas.<\/p>\n<p>O monumento foi constru\u00eddo pelo empres\u00e1rio Lucio Bemquerer, ex-presidente da Associa\u00e7\u00e3o Comercial de Minas, que h\u00e1 pouco mais de tr\u00eas anos, retornou para Gr\u00e3o Mogol, sua terra natal. Bemquerer afirma que o pres\u00e9pio j\u00e1 recebeu mais de 55 mil visitantes. \u201cA princ\u00edpio, tivemos visitas de pessoas da nossa pr\u00f3pria regi\u00e3o. Depois, veio gente at\u00e9 do exterior\u201d, comenta o empres\u00e1rio. \u201cOutro aspecto interessante e que observamos \u00e9 que 11% dos visitantes s\u00e3o crian\u00e7as\u201d, completa o idealizador do M\u00e3os de Deus.<\/p>\n<p>As pe\u00e7as do pres\u00e9pio que representam personagens da Sagrada Fam\u00edlia &#8211; Nossa Senhora (jovem e m\u00e3e), Jos\u00e9 e Menino Jesus e os animais (o burrinho, o boi, o carneiro e o galo) foram esculpidas \u00e0 base de cimento e ferro pelo escultor Antonio Silva Reis, de Contagem (Regi\u00e3o Metropolitana). As demais esculturas, destacando os reis magos Melqu\u00edades, Belchior e Baltazar e uma est\u00e1tua de S\u00e3o Francisco de Assis, s\u00e3o de autoria do artista pl\u00e1stico Edson Novais, de Ouro Preto. Cada pe\u00e7a de pedra sab\u00e3o em tamanho natural pesa em torno de 700 quilos.<\/p>\n<p><img decoding=\"async\" src=\"http:\/\/aconteceunovale.com.br\/portal\/wp-content\/uploads\/2014\/12\/presepio_gm_2.jpg\" alt=\"\" \/><em>As pe\u00e7as do pres\u00e9pio, que representam personagens da Sagrada Fam\u00edlia, foram constru\u00eddas \u00e0 base de cimento e ferro &#8211; Foto: Alberto Sena \/ Reprodu\u00e7\u00e3o P\u00e1gina Facebook<\/em><br \/>\n<\/br><\/p>\n<p><strong><em>(Estado de Minas)<\/em><\/strong><\/p>\n","protected":false},"excerpt":{"rendered":"<p>Cen\u00e1rio completa tr\u00eas anos neste m\u00eas e ocupa uma \u00e1rea de 3,6 mil metros quadrados na regi\u00e3o central da cidade, no Norte de Minas. O fluxo de visitantes na hist\u00f3rica Gr\u00e3o Mogol, de 15 mil habitantes, a 551 quil\u00f4metros de Belo Horizonte, no Norte de Minas, aumenta consideravelmente nesta \u00e9poca do ano por conta do [&hellip;]<\/p>\n","protected":false},"author":1,"featured_media":48759,"comment_status":"open","ping_status":"closed","sticky":false,"template":"","format":"standard","meta":{"amp_status":"","footnotes":""},"categories":[1236],"tags":[1018,1153,28004,28005,947,28007,28006],"class_list":["post-48758","post","type-post","status-publish","format-standard","has-post-thumbnail","hentry","category-norte_de_minas","tag-destaque","tag-grao-mogol","tag-presepio-com-personagens-biblicos-em-tamanho-natural-atrai-milhares-visitantes-em-grao-mogol","tag-presepio-de-grao-mogol","tag-presepio-maos-de-deus","tag-presepio-maos-de-deus-de-grao-mogol","tag-presepio-maos-de-deus-em-grao-mogol"],"_links":{"self":[{"href":"https:\/\/aconteceunovale.com.br\/portal\/index.php?rest_route=\/wp\/v2\/posts\/48758","targetHints":{"allow":["GET"]}}],"collection":[{"href":"https:\/\/aconteceunovale.com.br\/portal\/index.php?rest_route=\/wp\/v2\/posts"}],"about":[{"href":"https:\/\/aconteceunovale.com.br\/portal\/index.php?rest_route=\/wp\/v2\/types\/post"}],"author":[{"embeddable":true,"href":"https:\/\/aconteceunovale.com.br\/portal\/index.php?rest_route=\/wp\/v2\/users\/1"}],"replies":[{"embeddable":true,"href":"https:\/\/aconteceunovale.com.br\/portal\/index.php?rest_route=%2Fwp%2Fv2%2Fcomments&post=48758"}],"version-history":[{"count":0,"href":"https:\/\/aconteceunovale.com.br\/portal\/index.php?rest_route=\/wp\/v2\/posts\/48758\/revisions"}],"wp:featuredmedia":[{"embeddable":true,"href":"https:\/\/aconteceunovale.com.br\/portal\/index.php?rest_route=\/wp\/v2\/media\/48759"}],"wp:attachment":[{"href":"https:\/\/aconteceunovale.com.br\/portal\/index.php?rest_route=%2Fwp%2Fv2%2Fmedia&parent=48758"}],"wp:term":[{"taxonomy":"category","embeddable":true,"href":"https:\/\/aconteceunovale.com.br\/portal\/index.php?rest_route=%2Fwp%2Fv2%2Fcategories&post=48758"},{"taxonomy":"post_tag","embeddable":true,"href":"https:\/\/aconteceunovale.com.br\/portal\/index.php?rest_route=%2Fwp%2Fv2%2Ftags&post=48758"}],"curies":[{"name":"wp","href":"https:\/\/api.w.org\/{rel}","templated":true}]}}