{"id":48754,"date":"2014-12-26T17:17:15","date_gmt":"2014-12-26T20:17:15","guid":{"rendered":"http:\/\/aconteceunovale.com.br\/portal\/?p=48754"},"modified":"2014-12-26T17:17:15","modified_gmt":"2014-12-26T20:17:15","slug":"acidentes-mataram-23-pessoas-nas-rodovias-federais-de-minas-gerais-durante-o-feriado-de-natal","status":"publish","type":"post","link":"https:\/\/aconteceunovale.com.br\/portal\/?p=48754","title":{"rendered":"Acidentes mataram 23 pessoas nas rodovias federais de Minas Gerais durante o feriado de Natal"},"content":{"rendered":"<h4><strong><em>Outras 419 ficaram feridas em 498 acidentes nas rodovias federais que cortam o estado. Balan\u00e7o n\u00e3o leva em conta ocorr\u00eancias registradas nas estradas estaduais.<\/em><\/strong><\/h4>\n<p>A Pol\u00edcia Rodovi\u00e1ria Federal (PRF) apresentou nesta sexta-feira o balan\u00e7o dos acidentes nas estradas mineiras no per\u00edodo entre 20 a 25 de dezembro. Conforme o levantamento, 23 morreram nas rodovias federais e outras 419 ficaram feridas em 498 acidentes. O n\u00famero corresponde apenas as estradas sob responsabilidade da PRF. Os dados parciais da Pol\u00edcia Militar Rodovi\u00e1ria (PMRv) devem ser divulgados somente na segunda-feira.<\/p>\n<p>De acordo com a corpora\u00e7\u00e3o, n\u00famero de mortes nas rodovias federais que cortam o estado caiu 34% em rela\u00e7\u00e3o ao mesmo per\u00edodo do ano passado. <\/p>\n<p><img decoding=\"async\" src=\"http:\/\/aconteceunovale.com.br\/portal\/wp-content\/uploads\/2014\/12\/acidentes_domingo_21_12_2.jpg\" alt=\"\" \/><em>Carro ficou destru\u00eddo em acidente envolvendo carreta em Perd\u00f5es \u2013 Foto: Divulga\u00e7\u00e3o\/Corpo de Bombeiros<\/em><br \/>\n<\/br><\/p>\n<p>A ocorr\u00eancia mais grave deste feriad\u00e3o aconteceu no domingo. Dois carros bateram de frente na BR-354, em Perd\u00f5es, na Regi\u00e3o Centro-Oeste de Minas Gerais. Testemunhas relataram ao Corpo de Bombeiros que um Palio Wekeend seguia em dire\u00e7\u00e3o a Campo Belo, quando o motorista perdeu o controle da dire\u00e7\u00e3o, invadiu a contram\u00e3o e bateu de frente com uma carreta. Chovia no momento do acidente. A suspeita \u00e9 que o ve\u00edculo tenha aquaplanado.<\/p>\n<p>Os cinco ocupantes do autom\u00f3vel que provocou a batida morreram no local e os corpos ficaram presos \u00e0s ferragens. Todas as v\u00edtimas eram da mesma fam\u00edlia de Lavras. Segundo os bombeiros, foram identificados os corpos de Jos\u00e9 Carlos Ferreira, 43 anos, Simone Freire Ferreira Sales, 30, Polyana Freire Ferreira, 22, Mateus Freire Ferreira, 10 , e Gilmar Silva, 27.  O motorista da carreta n\u00e3o teve ferimentos.<\/p>\n<h4>Barrados pela Lei Seca<\/h4>\n<p>Durante a opera\u00e7\u00e3o da Pol\u00edcia Rodovi\u00e1ria Federal, 34 motoristas foram flagrados dirigindo sob influ\u00eancia de bebida alco\u00f3lica. Destes, 15 estavam embriagados e foram detidos.  De acordo com a corpora\u00e7\u00e3o, foram realizados 4.059 testes do baf\u00f4metro durante os seis dias de opera\u00e7\u00e3o<\/p>\n<h4>N\u00fameros geral<\/h4>\n<p>O balan\u00e7o divulgado nesta sexta-feira engloba apenas os dados das rodovias federais que cortam Minas. Os dados da PMRv, que cuida das estradas estaduais, devem ser divulgados, na segunda-feira, segundo a Pol\u00edcia Militar. Um levantamento extra-oficial indica que pelo menos 16 pessoas morreram nas rodovias estaduais.<\/p>\n<p><img decoding=\"async\" src=\"http:\/\/aconteceunovale.com.br\/portal\/wp-content\/uploads\/2014\/12\/acidente_pp_20_12_1.jpg\" alt=\"\" \/><em>Em Ponto dos Volantes, no Vale do Jequitinhonha, tr\u00eas pessoas morreram e duas ficaram gravemente feridas no acidente entre um Honda City e carreta \u2013 Foto: Felipe Pereira\/Reprodu\u00e7\u00e3o<\/em><br \/>\n<\/br><\/p>\n<p><strong><em>(Fonte: Estado de Minas)<\/em><\/strong><\/p>\n","protected":false},"excerpt":{"rendered":"<p>Outras 419 ficaram feridas em 498 acidentes nas rodovias federais que cortam o estado. Balan\u00e7o n\u00e3o leva em conta ocorr\u00eancias registradas nas estradas estaduais. A Pol\u00edcia Rodovi\u00e1ria Federal (PRF) apresentou nesta sexta-feira o balan\u00e7o dos acidentes nas estradas mineiras no per\u00edodo entre 20 a 25 de dezembro. Conforme o levantamento, 23 morreram nas rodovias federais [&hellip;]<\/p>\n","protected":false},"author":1,"featured_media":48512,"comment_status":"open","ping_status":"closed","sticky":false,"template":"","format":"standard","meta":{"amp_status":"","footnotes":""},"categories":[123],"tags":[28002,27999,27998,27997,3687,28001,27607,207,27611,1487,27609,28000],"class_list":["post-48754","post","type-post","status-publish","format-standard","has-post-thumbnail","hentry","category-gerais","tag-acidentes-mataram-23-pessoas-nas-rodovias-federais-de-minas-gerais-durante-o-feriado-de-natal","tag-balanco-dos-acidentes-nas-estradas-mineiras-no-feriado-de-natal","tag-balanco-dos-acidentes-nas-estradas-mineiras-no-feriado-prolongado-de-natal","tag-balanco-dos-acidentes-nas-estradas-mineiras-no-periodo-entre-20-a-25-de-dezembro","tag-campo-belo","tag-gilmar-silva","tag-jose-carlos-ferreira","tag-lavras","tag-mateus-freire-ferreira","tag-perdoes","tag-polyana-freire-ferreira","tag-simone-freire-ferreira-sales"],"_links":{"self":[{"href":"https:\/\/aconteceunovale.com.br\/portal\/index.php?rest_route=\/wp\/v2\/posts\/48754","targetHints":{"allow":["GET"]}}],"collection":[{"href":"https:\/\/aconteceunovale.com.br\/portal\/index.php?rest_route=\/wp\/v2\/posts"}],"about":[{"href":"https:\/\/aconteceunovale.com.br\/portal\/index.php?rest_route=\/wp\/v2\/types\/post"}],"author":[{"embeddable":true,"href":"https:\/\/aconteceunovale.com.br\/portal\/index.php?rest_route=\/wp\/v2\/users\/1"}],"replies":[{"embeddable":true,"href":"https:\/\/aconteceunovale.com.br\/portal\/index.php?rest_route=%2Fwp%2Fv2%2Fcomments&post=48754"}],"version-history":[{"count":0,"href":"https:\/\/aconteceunovale.com.br\/portal\/index.php?rest_route=\/wp\/v2\/posts\/48754\/revisions"}],"wp:featuredmedia":[{"embeddable":true,"href":"https:\/\/aconteceunovale.com.br\/portal\/index.php?rest_route=\/wp\/v2\/media\/48512"}],"wp:attachment":[{"href":"https:\/\/aconteceunovale.com.br\/portal\/index.php?rest_route=%2Fwp%2Fv2%2Fmedia&parent=48754"}],"wp:term":[{"taxonomy":"category","embeddable":true,"href":"https:\/\/aconteceunovale.com.br\/portal\/index.php?rest_route=%2Fwp%2Fv2%2Fcategories&post=48754"},{"taxonomy":"post_tag","embeddable":true,"href":"https:\/\/aconteceunovale.com.br\/portal\/index.php?rest_route=%2Fwp%2Fv2%2Ftags&post=48754"}],"curies":[{"name":"wp","href":"https:\/\/api.w.org\/{rel}","templated":true}]}}