{"id":48751,"date":"2014-12-26T17:04:28","date_gmt":"2014-12-26T20:04:28","guid":{"rendered":"http:\/\/aconteceunovale.com.br\/portal\/?p=48751"},"modified":"2014-12-26T17:04:46","modified_gmt":"2014-12-26T20:04:46","slug":"homem-e-assassinado-a-tiros-na-regiao-central-de-uba","status":"publish","type":"post","link":"https:\/\/aconteceunovale.com.br\/portal\/?p=48751","title":{"rendered":"Homem \u00e9 assassinado a tiros na regi\u00e3o central de Ub\u00e1"},"content":{"rendered":"<h4><strong><em>Jos\u00e9 Fernandes de Faria tinha diversas passagens pela pol\u00edcia e foi assassinado por volta das 13h. At\u00e9 o momento ningu\u00e9m foi preso.<\/em><\/strong><\/h4>\n<p>Um homem foi morto a tiros na tarde desta sexta-feira em Ub\u00e1, Regi\u00e3o da Zona da Mata Mineira. Conforme a Pol\u00edcia Militar, Jos\u00e9 Fernandes de Faria, 51 anos, tinha envolvimento com o tr\u00e1fico de drogas e foi baleado no Centro da cidade.<\/p>\n<p>At\u00e9 o momento nenhuma pessoa foi presa e, segundo militares, nenhum morador quis falar sobre o assunto. A v\u00edtima tinha v\u00e1rias passagens pela PM por e a suspeita \u00e9 de que ele era um dos l\u00edderes do tr\u00e1fico na regi\u00e3o. <\/p>\n<p>A per\u00edcia da Pol\u00edcia Civil compareceu ao local e encaminhou o corpo para o Instituto M\u00e9dico Legal (IML). O policiamento na regi\u00e3o foi refor\u00e7ado.<\/p>\n<p><em>(Estado de Minas)<\/em><\/p>\n","protected":false},"excerpt":{"rendered":"<p>Jos\u00e9 Fernandes de Faria tinha diversas passagens pela pol\u00edcia e foi assassinado por volta das 13h. At\u00e9 o momento ningu\u00e9m foi preso. Um homem foi morto a tiros na tarde desta sexta-feira em Ub\u00e1, Regi\u00e3o da Zona da Mata Mineira. Conforme a Pol\u00edcia Militar, Jos\u00e9 Fernandes de Faria, 51 anos, tinha envolvimento com o tr\u00e1fico [&hellip;]<\/p>\n","protected":false},"author":1,"featured_media":42404,"comment_status":"open","ping_status":"closed","sticky":false,"template":"","format":"standard","meta":{"amp_status":"","footnotes":""},"categories":[123],"tags":[27996,27995,219],"class_list":["post-48751","post","type-post","status-publish","format-standard","has-post-thumbnail","hentry","category-gerais","tag-homem-e-assassinado-a-tiros-na-regiao-central-de-uba","tag-jose-fernandes-de-faria","tag-uba"],"_links":{"self":[{"href":"https:\/\/aconteceunovale.com.br\/portal\/index.php?rest_route=\/wp\/v2\/posts\/48751","targetHints":{"allow":["GET"]}}],"collection":[{"href":"https:\/\/aconteceunovale.com.br\/portal\/index.php?rest_route=\/wp\/v2\/posts"}],"about":[{"href":"https:\/\/aconteceunovale.com.br\/portal\/index.php?rest_route=\/wp\/v2\/types\/post"}],"author":[{"embeddable":true,"href":"https:\/\/aconteceunovale.com.br\/portal\/index.php?rest_route=\/wp\/v2\/users\/1"}],"replies":[{"embeddable":true,"href":"https:\/\/aconteceunovale.com.br\/portal\/index.php?rest_route=%2Fwp%2Fv2%2Fcomments&post=48751"}],"version-history":[{"count":0,"href":"https:\/\/aconteceunovale.com.br\/portal\/index.php?rest_route=\/wp\/v2\/posts\/48751\/revisions"}],"wp:featuredmedia":[{"embeddable":true,"href":"https:\/\/aconteceunovale.com.br\/portal\/index.php?rest_route=\/wp\/v2\/media\/42404"}],"wp:attachment":[{"href":"https:\/\/aconteceunovale.com.br\/portal\/index.php?rest_route=%2Fwp%2Fv2%2Fmedia&parent=48751"}],"wp:term":[{"taxonomy":"category","embeddable":true,"href":"https:\/\/aconteceunovale.com.br\/portal\/index.php?rest_route=%2Fwp%2Fv2%2Fcategories&post=48751"},{"taxonomy":"post_tag","embeddable":true,"href":"https:\/\/aconteceunovale.com.br\/portal\/index.php?rest_route=%2Fwp%2Fv2%2Ftags&post=48751"}],"curies":[{"name":"wp","href":"https:\/\/api.w.org\/{rel}","templated":true}]}}