{"id":48748,"date":"2014-12-26T12:40:17","date_gmt":"2014-12-26T15:40:17","guid":{"rendered":"http:\/\/aconteceunovale.com.br\/portal\/?p=48748"},"modified":"2014-12-26T12:40:17","modified_gmt":"2014-12-26T15:40:17","slug":"estamos-nas-maos-de-deus-diz-secretario-de-agricultura-de-francisco-sa-sobre-a-seca","status":"publish","type":"post","link":"https:\/\/aconteceunovale.com.br\/portal\/?p=48748","title":{"rendered":"&#8216;Estamos nas m\u00e3os de Deus&#8217;, diz secretario de Agricultura de Francisco S\u00e1 sobre a seca"},"content":{"rendered":"<h4><strong><em>O munic\u00edpio, onde foi decretado estado de emerg\u00eancia em 25 de setembro, continua sofrendo com a heran\u00e7a da estiagem, com racionamento na \u00e1rea urbana e milhares de fam\u00edlias da zona rural abastecidas por caminh\u00f5es-pipa<\/em><\/strong><\/h4>\n<p>Quem chega hoje a Francisco S\u00e1, cidade de 23,4 mil habitantes, a 485 quil\u00f4metros de Belo Horizonte, n\u00e3o encontra mais aquele aspecto desolador, com vegeta\u00e7\u00e3o esturricada e carca\u00e7as de animais no meio do pasto, verificado ao longo de quase oito meses, quando a regi\u00e3o enfrentou uma das piores secas da hist\u00f3ria. O verde voltou e os agricultores come\u00e7aram a se animar, plantando suas ro\u00e7as. Mas \u00e9 falsa a impress\u00e3o de que est\u00e1 tudo bem. O munic\u00edpio, onde foi decretado estado de emerg\u00eancia em 25 de setembro, continua sofrendo com a heran\u00e7a da estiagem, com racionamento na \u00e1rea urbana e milhares de fam\u00edlias da zona rural abastecidas por caminh\u00f5es-pipa.<\/p>\n<p>O secret\u00e1rio municipal de Agricultura, S\u00e9rgio Murilo Marques, salienta que o fato mais preocupante \u00e9 que a barragem do Rio S\u00e3o Domingos, que fornece \u00e1gua para a cidade, est\u00e1 com apenas 13% de sua capacidade. \u201cNesta \u00e9poca, a barragem deveria estar com pelo menos 40%, como se encontrava no ano passado. A situa\u00e7\u00e3o \u00e9 muito preocupante\u201d, enfatiza. \u201cNeste m\u00eas, choveu apenas 44 mil\u00edmetros na \u00e1rea da barragem, sendo que em dezembro de 2013 foram cerca de 550 mil\u00edmetros de precipita\u00e7\u00e3o.\u201d<\/p>\n<p><img decoding=\"async\" src=\"http:\/\/aconteceunovale.com.br\/portal\/wp-content\/uploads\/2014\/12\/seca_fs.jpg\" alt=\"\" \/><em>Secret\u00e1rio de Agricultura de Francisco S\u00e1, S\u00e9rgio Murilo Marques mostra o quanto recuou a \u00e1gua da barragem que abastece a cidade &#8211; Foto: Leandro Couri \/ Jornal Estado de Minas<\/em><br \/>\n<\/br><\/p>\n<p>Como medida para evitar o pior em 2015, a prefeitura decidiu manter o racionamento mesmo na \u00e9poca das chuvas. Mas a limita\u00e7\u00e3o do abastecimento na \u00e1rea urbana ao per\u00edodo de 9h \u00e0s 18h \u00e9 apenas um paliativo. \u201cEstamos nas m\u00e3os de Deus. N\u00e3o temos alternativa para resolver o problema da \u00e1gua se n\u00e3o chover\u201d, diz o secret\u00e1rio.<\/p>\n<p>Da barragem do S\u00e3o Domingos tamb\u00e9m \u00e9 retirada a \u00e1gua transportada em caminh\u00f5es-pipa para a zona rural. Segundo a prefeitura, cerca de 7 mil fam\u00edlias de 100 comunidades continuam sendo abastecidas por 12 ve\u00edculos, como em pleno per\u00edodo seca.<\/p>\n<p>Morador da comunidade de Tra\u00e7adal, Jos\u00e9 de Aguiar Neto recebe \u00e1gua do caminh\u00e3o que visita o lugar a cada 15 dias. Na localidade h\u00e1 po\u00e7o tubular, mas a \u00e1gua \u00e9 salobra \u2013 impr\u00f3pria para o consumo humano. N\u00e3o existe \u00e1gua de superf\u00edcie, pois o C\u00f3rrego Tra\u00e7adal, completamente assoreado, permanece seco mesmo ap\u00f3s as \u00faltimas chuvas. O agricultor lamenta os preju\u00edzos, pois quase perdeu seu gado. \u201cVendi 60 cabe\u00e7as pela metade do pre\u00e7o, para n\u00e3o deixar morrer de fome\u201d, relata.<\/p>\n<p>Os efeitos da estiagem prolongada s\u00e3o sentidos tamb\u00e9m em cidades como Monte Azul, no extremo Norte de Minas. O prefeito Jos\u00e9 Edvaldo de Souza (PP) disse que a chuva do fim de outubro elevou para 60% o n\u00edvel da barragem que abastece a \u00e1rea urbana. Por\u00e9m, mais de 600 fam\u00edlias da zona rural continuam recebendo \u00e1gua por caminh\u00e3o-pipa. \u201cChoveu no fim de outubro e no in\u00edcio de novembro. Depois, faltou chuva e o pessoal perdeu tudo o que plantou. Continuamos precisando de muita chuva\u201d, resume o prefeito.<\/p>\n<p><strong><em>(Fonte: Estado de Minas)<\/em><\/strong><\/p>\n","protected":false},"excerpt":{"rendered":"<p>O munic\u00edpio, onde foi decretado estado de emerg\u00eancia em 25 de setembro, continua sofrendo com a heran\u00e7a da estiagem, com racionamento na \u00e1rea urbana e milhares de fam\u00edlias da zona rural abastecidas por caminh\u00f5es-pipa Quem chega hoje a Francisco S\u00e1, cidade de 23,4 mil habitantes, a 485 quil\u00f4metros de Belo Horizonte, n\u00e3o encontra mais aquele [&hellip;]<\/p>\n","protected":false},"author":1,"featured_media":48749,"comment_status":"open","ping_status":"closed","sticky":false,"template":"","format":"standard","meta":{"amp_status":"","footnotes":""},"categories":[1236],"tags":[1395,27993,27994,27991,27992],"class_list":["post-48748","post","type-post","status-publish","format-standard","has-post-thumbnail","hentry","category-norte_de_minas","tag-francisco-sa","tag-jose-de-aguiar-neto","tag-jose-edvaldo-de-souza","tag-seca-em-francisco-sa","tag-sergio-murilo-marques"],"_links":{"self":[{"href":"https:\/\/aconteceunovale.com.br\/portal\/index.php?rest_route=\/wp\/v2\/posts\/48748","targetHints":{"allow":["GET"]}}],"collection":[{"href":"https:\/\/aconteceunovale.com.br\/portal\/index.php?rest_route=\/wp\/v2\/posts"}],"about":[{"href":"https:\/\/aconteceunovale.com.br\/portal\/index.php?rest_route=\/wp\/v2\/types\/post"}],"author":[{"embeddable":true,"href":"https:\/\/aconteceunovale.com.br\/portal\/index.php?rest_route=\/wp\/v2\/users\/1"}],"replies":[{"embeddable":true,"href":"https:\/\/aconteceunovale.com.br\/portal\/index.php?rest_route=%2Fwp%2Fv2%2Fcomments&post=48748"}],"version-history":[{"count":0,"href":"https:\/\/aconteceunovale.com.br\/portal\/index.php?rest_route=\/wp\/v2\/posts\/48748\/revisions"}],"wp:featuredmedia":[{"embeddable":true,"href":"https:\/\/aconteceunovale.com.br\/portal\/index.php?rest_route=\/wp\/v2\/media\/48749"}],"wp:attachment":[{"href":"https:\/\/aconteceunovale.com.br\/portal\/index.php?rest_route=%2Fwp%2Fv2%2Fmedia&parent=48748"}],"wp:term":[{"taxonomy":"category","embeddable":true,"href":"https:\/\/aconteceunovale.com.br\/portal\/index.php?rest_route=%2Fwp%2Fv2%2Fcategories&post=48748"},{"taxonomy":"post_tag","embeddable":true,"href":"https:\/\/aconteceunovale.com.br\/portal\/index.php?rest_route=%2Fwp%2Fv2%2Ftags&post=48748"}],"curies":[{"name":"wp","href":"https:\/\/api.w.org\/{rel}","templated":true}]}}