{"id":48745,"date":"2014-12-26T12:35:01","date_gmt":"2014-12-26T15:35:01","guid":{"rendered":"http:\/\/aconteceunovale.com.br\/portal\/?p=48745"},"modified":"2014-12-26T12:35:01","modified_gmt":"2014-12-26T15:35:01","slug":"turista-mineiro-morre-afogado-em-praia-do-espirito-santo","status":"publish","type":"post","link":"https:\/\/aconteceunovale.com.br\/portal\/?p=48745","title":{"rendered":"Turista mineiro morre afogado em praia do Esp\u00edrito Santo"},"content":{"rendered":"<h4><strong><em>Segundo o Corpo de Bombeiros, o homem estava alcoolizado e chegou a ser retirado da \u00e1gua por tr\u00eas vezes<\/em><\/strong><\/h4>\n<p>Um mineiro morreu afogado nessa quinta-feira na Praia de Guriri, em S\u00e3o Mateus, litoral do Espirito Santo. Segundo o Corpo de Bombeiros, o homem estaria alcoolizado e tinha sido retirado da \u00e1gua por tr\u00eas vezes pelos salva-vidas. Gleison Monteiro Ferreira, de 37 anos, chegou a ser levada para um hospital, mas morreu logo ao dar entrada na unidade de sa\u00fade. <\/p>\n<p>O afogamento aconteceu durante a tarde. Conforme o boletim de ocorr\u00eancia, o homem estava alcoolizado e mesmo assim insistiu em entrar no mar. Os militares chegaram a retir\u00e1-lo do local por tr\u00eas vezes por causa disso, e o orientaram. Por\u00e9m, a v\u00edtima n\u00e3o acatou as ordens e retornou para a \u00e1gua. <\/p>\n<p>O homem foi arrastado pelo mar e se afogou. Ele foi retirado pelos salva-vidas, que come\u00e7aram as manobras de ressuscita\u00e7\u00e3o na areia. Uma viatura da Pol\u00edcia Militar (PM) inciou o trajeto da v\u00edtima at\u00e9 o hospital, mas no meio do caminho foi interceptada por uma ambul\u00e2ncia dos bombeiros. Os militares continuaram as manobras, mas sem sucesso. O paciente morreu logo ao dar entrada no Hospital Roberto Silv\u00e9rio.<\/p>\n<p><img decoding=\"async\" src=\"http:\/\/aconteceunovale.com.br\/portal\/wp-content\/uploads\/2014\/12\/praia_guriri.jpg\" alt=\"\" \/><em>Turista morreu afogado na praia de Guriri, no munic\u00edpio de S\u00e3o Mateus &#8211; Foto: Reprodu\u00e7\u00e3o<\/em><br \/>\n<\/br><\/p>\n<p><strong><em>(Estado de Minas)<\/em><\/strong><\/p>\n","protected":false},"excerpt":{"rendered":"<p>Segundo o Corpo de Bombeiros, o homem estava alcoolizado e chegou a ser retirado da \u00e1gua por tr\u00eas vezes Um mineiro morreu afogado nessa quinta-feira na Praia de Guriri, em S\u00e3o Mateus, litoral do Espirito Santo. Segundo o Corpo de Bombeiros, o homem estaria alcoolizado e tinha sido retirado da \u00e1gua por tr\u00eas vezes pelos [&hellip;]<\/p>\n","protected":false},"author":1,"featured_media":48746,"comment_status":"open","ping_status":"closed","sticky":false,"template":"","format":"standard","meta":{"amp_status":"","footnotes":""},"categories":[123],"tags":[27989,27988,27990,27987,15950,27986],"class_list":["post-48745","post","type-post","status-publish","format-standard","has-post-thumbnail","hentry","category-gerais","tag-gleison-monteiro-ferreira","tag-morre-afogado-na-praia-guriri","tag-praia-de-guriri","tag-praia-guriri","tag-sao-mateus","tag-turista-mineiro-morre-afogado-em-praia-do-espirito-santo"],"_links":{"self":[{"href":"https:\/\/aconteceunovale.com.br\/portal\/index.php?rest_route=\/wp\/v2\/posts\/48745","targetHints":{"allow":["GET"]}}],"collection":[{"href":"https:\/\/aconteceunovale.com.br\/portal\/index.php?rest_route=\/wp\/v2\/posts"}],"about":[{"href":"https:\/\/aconteceunovale.com.br\/portal\/index.php?rest_route=\/wp\/v2\/types\/post"}],"author":[{"embeddable":true,"href":"https:\/\/aconteceunovale.com.br\/portal\/index.php?rest_route=\/wp\/v2\/users\/1"}],"replies":[{"embeddable":true,"href":"https:\/\/aconteceunovale.com.br\/portal\/index.php?rest_route=%2Fwp%2Fv2%2Fcomments&post=48745"}],"version-history":[{"count":0,"href":"https:\/\/aconteceunovale.com.br\/portal\/index.php?rest_route=\/wp\/v2\/posts\/48745\/revisions"}],"wp:featuredmedia":[{"embeddable":true,"href":"https:\/\/aconteceunovale.com.br\/portal\/index.php?rest_route=\/wp\/v2\/media\/48746"}],"wp:attachment":[{"href":"https:\/\/aconteceunovale.com.br\/portal\/index.php?rest_route=%2Fwp%2Fv2%2Fmedia&parent=48745"}],"wp:term":[{"taxonomy":"category","embeddable":true,"href":"https:\/\/aconteceunovale.com.br\/portal\/index.php?rest_route=%2Fwp%2Fv2%2Fcategories&post=48745"},{"taxonomy":"post_tag","embeddable":true,"href":"https:\/\/aconteceunovale.com.br\/portal\/index.php?rest_route=%2Fwp%2Fv2%2Ftags&post=48745"}],"curies":[{"name":"wp","href":"https:\/\/api.w.org\/{rel}","templated":true}]}}