{"id":48742,"date":"2014-12-26T12:21:25","date_gmt":"2014-12-26T15:21:25","guid":{"rendered":"http:\/\/aconteceunovale.com.br\/portal\/?p=48742"},"modified":"2014-12-26T12:21:25","modified_gmt":"2014-12-26T15:21:25","slug":"arte-do-vale-jequitinhonha-e-exposta-no-horto-em-belo-horizonte","status":"publish","type":"post","link":"https:\/\/aconteceunovale.com.br\/portal\/?p=48742","title":{"rendered":"Arte do Vale Jequitinhonha \u00e9 exposta no Horto em Belo Horizonte"},"content":{"rendered":"<h4><strong><em>As pe\u00e7as, das mais variadas formas, tamanhos e cores, fazem parte da cole\u00e7\u00e3o do Museu de Hist\u00f3ria Natural.<\/em><\/strong><\/h4>\n<p>Belo Horizonte passou a hospedar, no in\u00edcio da semana, uma mostra peculiar de obras em cer\u00e2mica: 39 moringas do Vale do Jequitinhonha criadas a partir da d\u00e9cada de 1970 e que trazem assinatura de importantes artistas da regi\u00e3o como, por exemplo, Joana Gomes dos Santos, Ana Rodrigues, entre outros.<\/p>\n<p>\u201c\u00c9 a primeira vez que a cidade recebe uma mostra como essa. Uma oportunidade rara para conhecer a arte do Jequitinhonha\u201d, destaca a muse\u00f3loga Cl\u00e1udia Cardoso, respons\u00e1vel pela curadoria da exposi\u00e7\u00e3o. A mostra, ali\u00e1s, ocupa por tempo indeterminado o Museu de Hist\u00f3ria Natural e Jardim Bot\u00e2nico da UFMG.<\/p>\n<p>As pe\u00e7as, das mais variadas formas, tamanhos e cores, fazem parte da cole\u00e7\u00e3o do museu, que atualmente conta com mais de 500 objetos, entre jarros, x\u00edcaras, bacias, bules e pe\u00e7as de casamento. As moringas, segundo a curadora, pertencem a uma fase de produ\u00e7\u00e3o que ainda trazem a ingenuidade caracter\u00edstica das comunidades n\u00e3o afetadas pela modernidade e pelas encomendas por atacado. \u201cElas eram produzidas inicialmente para manter a \u00e1gua fresca. S\u00f3 mais tarde, as pe\u00e7as ganharam car\u00e1ter decorativo e de obras de arte\u201d, explica.<\/p>\n<p>Ainda segundo a curadora, as pe\u00e7as ilustram o dom\u00ednio da t\u00e9cnica ind\u00edgena ressaltando o car\u00e1ter peculiar do of\u00edcio \u2013 ao mesmo tempo que alerta para a necessidade de preserva\u00e7\u00e3o deste patrim\u00f4nio.<\/p>\n<p>Vale destacar que tamb\u00e9m pertence ao museu o acervo de arte popular que inclui o Pres\u00e9pio do Pipiripau e que, atualmente, encontra-se em processo de restauro. A previs\u00e3o, segundo a muse\u00f3loga, \u00e9 de que a obra volte a ser exposta no final de 2016. At\u00e9 l\u00e1, o museu abre as portas para o p\u00fablico conferir uma exposi\u00e7\u00e3o fotogr\u00e1fica sobre o Pipiripau.<\/p>\n<p><img decoding=\"async\" src=\"http:\/\/aconteceunovale.com.br\/portal\/wp-content\/uploads\/2014\/12\/arte_jequi_horto.jpg\" alt=\"\" \/><em>As pe\u00e7as s\u00e3o assinadas por importantes artes\u00e3os da regi\u00e3o &#8211; Foto: MHNJB \/ UFMG<\/em><br \/>\n<\/br><\/p>\n<h4>Moringas do Vale do Jequitinhonha<\/h4>\n<p>A exposi\u00e7\u00e3o &#8216;Moringas do Vale do Jequitinhonha: mem\u00f3ria preservada&#8217; \u00e9 composta por 39 tipos de moringas, recipientes de barros utilizados para armazenar \u00e1gua muito comuns na regi\u00e3o do Vale. Grande parte delas s\u00e3o originadas da cidade de Cara\u00ed e s\u00e3o de autoria de importantes artistas da regi\u00e3o como, por exemplo, Joana Gomes dos Santos, Ana Rodrigues, entre outros. <\/p>\n<p>A mostra pode ser vista de ter\u00e7a a sexta-feira, das 9h \u00e0s 16h e aos s\u00e1bados e domingos, das 10h \u00e0s 17h. O Museu n\u00e3o abrir\u00e1 nos dias 31 de dezembro e 1\u00ba de janeiro, funcionando normalmente nos outros dias. A visita\u00e7\u00e3o \u00e0 mostra \u00e9 gratuita, contudo, a entrada no MHNJB custa R$4.<\/p>\n<p>O Museu se localiza \u00e0 rua Gustavo da Silveira, 1.035, bairro Santa In\u00eas. Mais informa\u00e7\u00f5es pelo telefone (31)3409-7650.<\/p>\n<p><strong><em>(Fonte: UFMG e Hoje em Dia)<\/em><\/strong><\/p>\n","protected":false},"excerpt":{"rendered":"<p>As pe\u00e7as, das mais variadas formas, tamanhos e cores, fazem parte da cole\u00e7\u00e3o do Museu de Hist\u00f3ria Natural. Belo Horizonte passou a hospedar, no in\u00edcio da semana, uma mostra peculiar de obras em cer\u00e2mica: 39 moringas do Vale do Jequitinhonha criadas a partir da d\u00e9cada de 1970 e que trazem assinatura de importantes artistas da [&hellip;]<\/p>\n","protected":false},"author":1,"featured_media":48743,"comment_status":"open","ping_status":"closed","sticky":false,"template":"","format":"standard","meta":{"amp_status":"","footnotes":""},"categories":[123],"tags":[27985,27983,194,490,27984],"class_list":["post-48742","post","type-post","status-publish","format-standard","has-post-thumbnail","hentry","category-gerais","tag-arte-do-vale-jequitinhonha","tag-arte-do-vale-jequitinhonha-e-exposta-no-horto-em-belo-horizonte","tag-belo-horizonte","tag-carai","tag-museu-de-historia-natural"],"yoast_head":"<!-- This site is optimized with the Yoast SEO plugin v28.3 - https:\/\/yoast.com\/product\/yoast-seo-wordpress\/ -->\n<title>Arte do Vale Jequitinhonha \u00e9 exposta no Horto em Belo Horizonte - Aconteceu no Vale<\/title>\n<meta name=\"robots\" content=\"index, follow, max-snippet:-1, max-image-preview:large, max-video-preview:-1\" \/>\n<link rel=\"canonical\" href=\"https:\/\/aconteceunovale.com.br\/portal\/?p=48742\" \/>\n<meta property=\"og:locale\" content=\"pt_BR\" \/>\n<meta property=\"og:type\" content=\"article\" \/>\n<meta property=\"og:title\" content=\"Arte do Vale Jequitinhonha \u00e9 exposta no Horto em Belo Horizonte - Aconteceu no Vale\" \/>\n<meta property=\"og:description\" content=\"As pe\u00e7as, das mais variadas formas, tamanhos e cores, fazem parte da cole\u00e7\u00e3o do Museu de Hist\u00f3ria Natural. Belo Horizonte passou a hospedar, no in\u00edcio da semana, uma mostra peculiar de obras em cer\u00e2mica: 39 moringas do Vale do Jequitinhonha criadas a partir da d\u00e9cada de 1970 e que trazem assinatura de importantes artistas da [&hellip;]\" \/>\n<meta property=\"og:url\" content=\"https:\/\/aconteceunovale.com.br\/portal\/?p=48742\" \/>\n<meta property=\"og:site_name\" content=\"Aconteceu no Vale\" \/>\n<meta property=\"article:publisher\" content=\"https:\/\/www.facebook.com\/aconteceunovale\/\" \/>\n<meta property=\"article:published_time\" content=\"2014-12-26T15:21:25+00:00\" \/>\n<meta property=\"og:image\" content=\"https:\/\/aconteceunovale.com.br\/portal\/wp-content\/uploads\/2014\/12\/arte_jequi_horto.jpg\" \/>\n\t<meta property=\"og:image:width\" content=\"600\" \/>\n\t<meta property=\"og:image:height\" content=\"450\" \/>\n\t<meta property=\"og:image:type\" content=\"image\/jpeg\" \/>\n<meta name=\"author\" content=\"Aconteceu no Vale\" \/>\n<meta name=\"twitter:card\" content=\"summary_large_image\" \/>\n<meta name=\"twitter:creator\" content=\"@noticiadosvales\" \/>\n<meta name=\"twitter:site\" content=\"@noticiadosvales\" \/>\n<meta name=\"twitter:label1\" content=\"Escrito por\" \/>\n\t<meta name=\"twitter:data1\" content=\"Aconteceu no Vale\" \/>\n\t<meta name=\"twitter:label2\" content=\"Est. tempo de leitura\" \/>\n\t<meta name=\"twitter:data2\" content=\"2 minutos\" \/>\n<script type=\"application\/ld+json\" class=\"yoast-schema-graph\">{\"@context\":\"https:\\\/\\\/schema.org\",\"@graph\":[{\"@type\":\"Article\",\"@id\":\"https:\\\/\\\/aconteceunovale.com.br\\\/portal\\\/?p=48742#article\",\"isPartOf\":{\"@id\":\"https:\\\/\\\/aconteceunovale.com.br\\\/portal\\\/?p=48742\"},\"author\":{\"name\":\"Aconteceu no Vale\",\"@id\":\"https:\\\/\\\/aconteceunovale.com.br\\\/portal\\\/#\\\/schema\\\/person\\\/633529146f2c94272bef50ac2953d589\"},\"headline\":\"Arte do Vale Jequitinhonha \u00e9 exposta no Horto em Belo Horizonte\",\"datePublished\":\"2014-12-26T15:21:25+00:00\",\"mainEntityOfPage\":{\"@id\":\"https:\\\/\\\/aconteceunovale.com.br\\\/portal\\\/?p=48742\"},\"wordCount\":492,\"commentCount\":0,\"image\":{\"@id\":\"https:\\\/\\\/aconteceunovale.com.br\\\/portal\\\/?p=48742#primaryimage\"},\"thumbnailUrl\":\"https:\\\/\\\/aconteceunovale.com.br\\\/portal\\\/wp-content\\\/uploads\\\/2014\\\/12\\\/arte_jequi_horto.jpg\",\"keywords\":[\"Arte do Vale Jequitinhonha\",\"Arte do Vale Jequitinhonha \u00e9 exposta no Horto em Belo Horizonte\",\"Belo Horizonte\",\"Cara\u00ed\",\"Museu de Hist\u00f3ria Natural\"],\"articleSection\":[\"Minas Gerais\"],\"inLanguage\":\"pt-BR\",\"potentialAction\":[{\"@type\":\"CommentAction\",\"name\":\"Comment\",\"target\":[\"https:\\\/\\\/aconteceunovale.com.br\\\/portal\\\/?p=48742#respond\"]}]},{\"@type\":\"WebPage\",\"@id\":\"https:\\\/\\\/aconteceunovale.com.br\\\/portal\\\/?p=48742\",\"url\":\"https:\\\/\\\/aconteceunovale.com.br\\\/portal\\\/?p=48742\",\"name\":\"Arte do Vale Jequitinhonha \u00e9 exposta no Horto em Belo Horizonte - Aconteceu no Vale\",\"isPartOf\":{\"@id\":\"https:\\\/\\\/aconteceunovale.com.br\\\/portal\\\/#website\"},\"primaryImageOfPage\":{\"@id\":\"https:\\\/\\\/aconteceunovale.com.br\\\/portal\\\/?p=48742#primaryimage\"},\"image\":{\"@id\":\"https:\\\/\\\/aconteceunovale.com.br\\\/portal\\\/?p=48742#primaryimage\"},\"thumbnailUrl\":\"https:\\\/\\\/aconteceunovale.com.br\\\/portal\\\/wp-content\\\/uploads\\\/2014\\\/12\\\/arte_jequi_horto.jpg\",\"datePublished\":\"2014-12-26T15:21:25+00:00\",\"author\":{\"@id\":\"https:\\\/\\\/aconteceunovale.com.br\\\/portal\\\/#\\\/schema\\\/person\\\/633529146f2c94272bef50ac2953d589\"},\"breadcrumb\":{\"@id\":\"https:\\\/\\\/aconteceunovale.com.br\\\/portal\\\/?p=48742#breadcrumb\"},\"inLanguage\":\"pt-BR\",\"potentialAction\":[{\"@type\":\"ReadAction\",\"target\":[\"https:\\\/\\\/aconteceunovale.com.br\\\/portal\\\/?p=48742\"]}]},{\"@type\":\"ImageObject\",\"inLanguage\":\"pt-BR\",\"@id\":\"https:\\\/\\\/aconteceunovale.com.br\\\/portal\\\/?p=48742#primaryimage\",\"url\":\"https:\\\/\\\/aconteceunovale.com.br\\\/portal\\\/wp-content\\\/uploads\\\/2014\\\/12\\\/arte_jequi_horto.jpg\",\"contentUrl\":\"https:\\\/\\\/aconteceunovale.com.br\\\/portal\\\/wp-content\\\/uploads\\\/2014\\\/12\\\/arte_jequi_horto.jpg\",\"width\":600,\"height\":450},{\"@type\":\"BreadcrumbList\",\"@id\":\"https:\\\/\\\/aconteceunovale.com.br\\\/portal\\\/?p=48742#breadcrumb\",\"itemListElement\":[{\"@type\":\"ListItem\",\"position\":1,\"name\":\"In\u00edcio\",\"item\":\"https:\\\/\\\/aconteceunovale.com.br\\\/portal\\\/\"},{\"@type\":\"ListItem\",\"position\":2,\"name\":\"Arte do Vale Jequitinhonha \u00e9 exposta no Horto em Belo Horizonte\"}]},{\"@type\":\"WebSite\",\"@id\":\"https:\\\/\\\/aconteceunovale.com.br\\\/portal\\\/#website\",\"url\":\"https:\\\/\\\/aconteceunovale.com.br\\\/portal\\\/\",\"name\":\"Aconteceu no Vale\",\"description\":\"Portal de Not\u00edcias\",\"potentialAction\":[{\"@type\":\"SearchAction\",\"target\":{\"@type\":\"EntryPoint\",\"urlTemplate\":\"https:\\\/\\\/aconteceunovale.com.br\\\/portal\\\/?s={search_term_string}\"},\"query-input\":{\"@type\":\"PropertyValueSpecification\",\"valueRequired\":true,\"valueName\":\"search_term_string\"}}],\"inLanguage\":\"pt-BR\"},{\"@type\":\"Person\",\"@id\":\"https:\\\/\\\/aconteceunovale.com.br\\\/portal\\\/#\\\/schema\\\/person\\\/633529146f2c94272bef50ac2953d589\",\"name\":\"Aconteceu no Vale\",\"description\":\"Equipe de reportagem do Aconteceu no Vale, portal de not\u00edcias do Vale do Jequitinhonha, em Minas Gerais. Cobrimos as 51 cidades do Vale desde 2013. Sugest\u00f5es de pauta e pedidos de corre\u00e7\u00e3o: contato@aconteceunovale.com.br\",\"sameAs\":[\"http:\\\/\\\/www.aconteceunovale.com.br\"],\"url\":\"https:\\\/\\\/aconteceunovale.com.br\\\/portal\\\/?author=1\"}]}<\/script>\n<!-- \/ Yoast SEO plugin. -->","yoast_head_json":{"title":"Arte do Vale Jequitinhonha \u00e9 exposta no Horto em Belo Horizonte - Aconteceu no Vale","robots":{"index":"index","follow":"follow","max-snippet":"max-snippet:-1","max-image-preview":"max-image-preview:large","max-video-preview":"max-video-preview:-1"},"canonical":"https:\/\/aconteceunovale.com.br\/portal\/?p=48742","og_locale":"pt_BR","og_type":"article","og_title":"Arte do Vale Jequitinhonha \u00e9 exposta no Horto em Belo Horizonte - Aconteceu no Vale","og_description":"As pe\u00e7as, das mais variadas formas, tamanhos e cores, fazem parte da cole\u00e7\u00e3o do Museu de Hist\u00f3ria Natural. Belo Horizonte passou a hospedar, no in\u00edcio da semana, uma mostra peculiar de obras em cer\u00e2mica: 39 moringas do Vale do Jequitinhonha criadas a partir da d\u00e9cada de 1970 e que trazem assinatura de importantes artistas da [&hellip;]","og_url":"https:\/\/aconteceunovale.com.br\/portal\/?p=48742","og_site_name":"Aconteceu no Vale","article_publisher":"https:\/\/www.facebook.com\/aconteceunovale\/","article_published_time":"2014-12-26T15:21:25+00:00","og_image":[{"width":600,"height":450,"url":"https:\/\/aconteceunovale.com.br\/portal\/wp-content\/uploads\/2014\/12\/arte_jequi_horto.jpg","type":"image\/jpeg"}],"author":"Aconteceu no Vale","twitter_card":"summary_large_image","twitter_creator":"@noticiadosvales","twitter_site":"@noticiadosvales","twitter_misc":{"Escrito por":"Aconteceu no Vale","Est. tempo de leitura":"2 minutos"},"schema":{"@context":"https:\/\/schema.org","@graph":[{"@type":"Article","@id":"https:\/\/aconteceunovale.com.br\/portal\/?p=48742#article","isPartOf":{"@id":"https:\/\/aconteceunovale.com.br\/portal\/?p=48742"},"author":{"name":"Aconteceu no Vale","@id":"https:\/\/aconteceunovale.com.br\/portal\/#\/schema\/person\/633529146f2c94272bef50ac2953d589"},"headline":"Arte do Vale Jequitinhonha \u00e9 exposta no Horto em Belo Horizonte","datePublished":"2014-12-26T15:21:25+00:00","mainEntityOfPage":{"@id":"https:\/\/aconteceunovale.com.br\/portal\/?p=48742"},"wordCount":492,"commentCount":0,"image":{"@id":"https:\/\/aconteceunovale.com.br\/portal\/?p=48742#primaryimage"},"thumbnailUrl":"https:\/\/aconteceunovale.com.br\/portal\/wp-content\/uploads\/2014\/12\/arte_jequi_horto.jpg","keywords":["Arte do Vale Jequitinhonha","Arte do Vale Jequitinhonha \u00e9 exposta no Horto em Belo Horizonte","Belo Horizonte","Cara\u00ed","Museu de Hist\u00f3ria Natural"],"articleSection":["Minas Gerais"],"inLanguage":"pt-BR","potentialAction":[{"@type":"CommentAction","name":"Comment","target":["https:\/\/aconteceunovale.com.br\/portal\/?p=48742#respond"]}]},{"@type":"WebPage","@id":"https:\/\/aconteceunovale.com.br\/portal\/?p=48742","url":"https:\/\/aconteceunovale.com.br\/portal\/?p=48742","name":"Arte do Vale Jequitinhonha \u00e9 exposta no Horto em Belo Horizonte - Aconteceu no Vale","isPartOf":{"@id":"https:\/\/aconteceunovale.com.br\/portal\/#website"},"primaryImageOfPage":{"@id":"https:\/\/aconteceunovale.com.br\/portal\/?p=48742#primaryimage"},"image":{"@id":"https:\/\/aconteceunovale.com.br\/portal\/?p=48742#primaryimage"},"thumbnailUrl":"https:\/\/aconteceunovale.com.br\/portal\/wp-content\/uploads\/2014\/12\/arte_jequi_horto.jpg","datePublished":"2014-12-26T15:21:25+00:00","author":{"@id":"https:\/\/aconteceunovale.com.br\/portal\/#\/schema\/person\/633529146f2c94272bef50ac2953d589"},"breadcrumb":{"@id":"https:\/\/aconteceunovale.com.br\/portal\/?p=48742#breadcrumb"},"inLanguage":"pt-BR","potentialAction":[{"@type":"ReadAction","target":["https:\/\/aconteceunovale.com.br\/portal\/?p=48742"]}]},{"@type":"ImageObject","inLanguage":"pt-BR","@id":"https:\/\/aconteceunovale.com.br\/portal\/?p=48742#primaryimage","url":"https:\/\/aconteceunovale.com.br\/portal\/wp-content\/uploads\/2014\/12\/arte_jequi_horto.jpg","contentUrl":"https:\/\/aconteceunovale.com.br\/portal\/wp-content\/uploads\/2014\/12\/arte_jequi_horto.jpg","width":600,"height":450},{"@type":"BreadcrumbList","@id":"https:\/\/aconteceunovale.com.br\/portal\/?p=48742#breadcrumb","itemListElement":[{"@type":"ListItem","position":1,"name":"In\u00edcio","item":"https:\/\/aconteceunovale.com.br\/portal\/"},{"@type":"ListItem","position":2,"name":"Arte do Vale Jequitinhonha \u00e9 exposta no Horto em Belo Horizonte"}]},{"@type":"WebSite","@id":"https:\/\/aconteceunovale.com.br\/portal\/#website","url":"https:\/\/aconteceunovale.com.br\/portal\/","name":"Aconteceu no Vale","description":"Portal de Not\u00edcias","potentialAction":[{"@type":"SearchAction","target":{"@type":"EntryPoint","urlTemplate":"https:\/\/aconteceunovale.com.br\/portal\/?s={search_term_string}"},"query-input":{"@type":"PropertyValueSpecification","valueRequired":true,"valueName":"search_term_string"}}],"inLanguage":"pt-BR"},{"@type":"Person","@id":"https:\/\/aconteceunovale.com.br\/portal\/#\/schema\/person\/633529146f2c94272bef50ac2953d589","name":"Aconteceu no Vale","description":"Equipe de reportagem do Aconteceu no Vale, portal de not\u00edcias do Vale do Jequitinhonha, em Minas Gerais. Cobrimos as 51 cidades do Vale desde 2013. Sugest\u00f5es de pauta e pedidos de corre\u00e7\u00e3o: contato@aconteceunovale.com.br","sameAs":["http:\/\/www.aconteceunovale.com.br"],"url":"https:\/\/aconteceunovale.com.br\/portal\/?author=1"}]}},"_links":{"self":[{"href":"https:\/\/aconteceunovale.com.br\/portal\/index.php?rest_route=\/wp\/v2\/posts\/48742","targetHints":{"allow":["GET"]}}],"collection":[{"href":"https:\/\/aconteceunovale.com.br\/portal\/index.php?rest_route=\/wp\/v2\/posts"}],"about":[{"href":"https:\/\/aconteceunovale.com.br\/portal\/index.php?rest_route=\/wp\/v2\/types\/post"}],"author":[{"embeddable":true,"href":"https:\/\/aconteceunovale.com.br\/portal\/index.php?rest_route=\/wp\/v2\/users\/1"}],"replies":[{"embeddable":true,"href":"https:\/\/aconteceunovale.com.br\/portal\/index.php?rest_route=%2Fwp%2Fv2%2Fcomments&post=48742"}],"version-history":[{"count":0,"href":"https:\/\/aconteceunovale.com.br\/portal\/index.php?rest_route=\/wp\/v2\/posts\/48742\/revisions"}],"wp:featuredmedia":[{"embeddable":true,"href":"https:\/\/aconteceunovale.com.br\/portal\/index.php?rest_route=\/wp\/v2\/media\/48743"}],"wp:attachment":[{"href":"https:\/\/aconteceunovale.com.br\/portal\/index.php?rest_route=%2Fwp%2Fv2%2Fmedia&parent=48742"}],"wp:term":[{"taxonomy":"category","embeddable":true,"href":"https:\/\/aconteceunovale.com.br\/portal\/index.php?rest_route=%2Fwp%2Fv2%2Fcategories&post=48742"},{"taxonomy":"post_tag","embeddable":true,"href":"https:\/\/aconteceunovale.com.br\/portal\/index.php?rest_route=%2Fwp%2Fv2%2Ftags&post=48742"}],"curies":[{"name":"wp","href":"https:\/\/api.w.org\/{rel}","templated":true}]}}