{"id":48738,"date":"2014-12-26T12:01:31","date_gmt":"2014-12-26T15:01:31","guid":{"rendered":"http:\/\/aconteceunovale.com.br\/portal\/?p=48738"},"modified":"2014-12-26T12:01:31","modified_gmt":"2014-12-26T15:01:31","slug":"apos-negar-dinheiro-ao-filho-idosa-de-71-anos-e-agredida-e-tem-o-rosto-queimado-em-valadares","status":"publish","type":"post","link":"https:\/\/aconteceunovale.com.br\/portal\/?p=48738","title":{"rendered":"Ap\u00f3s negar dinheiro ao filho, idosa de 71 anos \u00e9 agredida e tem o rosto queimado em Valadares"},"content":{"rendered":"<h4><strong><em>Homem de 41 anos queria dinheiro e queimou o rosto da m\u00e3e. V\u00edtima est\u00e1 internada em observa\u00e7\u00e3o no Hospital Municipal de Governador Valadares.<\/em><\/strong><\/h4>\n<p>Um homem de 41 anos foi preso na noite desta quinta-feira (25) ap\u00f3s amea\u00e7ar, agredir e queimar o rosto da pr\u00f3pria m\u00e3e de 71 anos, em Governador Valadares, no Leste de Minas Gerais. O fato aconteceu por volta das 23h30, na Rua M do Bairro Parque Fraternidade.<\/p>\n<p>Segundo informa\u00e7\u00f5es da Pol\u00edcia Militar, o filho teria pedido dinheiro para m\u00e3e dele, mas ela negou. Ent\u00e3o o homem teria amea\u00e7ado e dado um tapa no rosto da m\u00e3e. Em seguida, o suspeito pegou uma faca, cortou o sof\u00e1 da casa, aqueceu a l\u00e2mina e queimou o rosto da v\u00edtima.<\/p>\n<p>A Pol\u00edcia Militar foi acionada e esteve no local onde prendeu o suspeito. Durante a abordagem policial o suspeito chegou a amea\u00e7ar uma das testemunhas que informou aos militares as agress\u00f5es.<\/p>\n<p>A v\u00edtima passou mal e teve que ser encaminhada ao Hospital Municipal de Valadares onde permanece internada em observa\u00e7\u00e3o m\u00e9dica. Ela apresentava queimaduras e cortes nos bra\u00e7os e m\u00e3os. A faca utilizada no crime n\u00e3o foi encontrada.<\/p>\n<p>Ainda de acordo com a PM, o pai do suspeito tamb\u00e9m tinha marcas de agress\u00f5es pelo corpo. Ele disse aos militares que as marcas eram de agress\u00f5es passadas, causadas tamb\u00e9m pelo filho que foi encaminhado a delegacia de Valadares.<\/p>\n<p><img decoding=\"async\" src=\"http:\/\/aconteceunovale.com.br\/portal\/wp-content\/uploads\/2014\/12\/governador_valadares_panoramica.jpg\" alt=\"\" \/><em>Caso aconteceu em Governador Valadares, no Vale do Rio Doce &#8211; Foto: Reprodu\u00e7\u00e3o<\/em><br \/>\n<\/br><\/p>\n<p><strong><em>(Inter TV dos Vales)<\/em><\/strong><\/p>\n","protected":false},"excerpt":{"rendered":"<p>Homem de 41 anos queria dinheiro e queimou o rosto da m\u00e3e. V\u00edtima est\u00e1 internada em observa\u00e7\u00e3o no Hospital Municipal de Governador Valadares. Um homem de 41 anos foi preso na noite desta quinta-feira (25) ap\u00f3s amea\u00e7ar, agredir e queimar o rosto da pr\u00f3pria m\u00e3e de 71 anos, em Governador Valadares, no Leste de Minas [&hellip;]<\/p>\n","protected":false},"author":1,"featured_media":47642,"comment_status":"open","ping_status":"closed","sticky":false,"template":"","format":"standard","meta":{"amp_status":"","footnotes":""},"categories":[121],"tags":[27979,247,27978],"class_list":["post-48738","post","type-post","status-publish","format-standard","has-post-thumbnail","hentry","category-leste","tag-apos-negar-dinheiro-ao-filho-idosa-de-71-anos-e-agredida-e-tem-o-rosto-queimado-em-governador-valadares","tag-governador-valadares","tag-idosa-de-71-anos-e-agredida-e-tem-o-rosto-queimado-em-governador-valadares"],"yoast_head":"<!-- This site is optimized with the Yoast SEO plugin v28.3 - https:\/\/yoast.com\/product\/yoast-seo-wordpress\/ -->\n<title>Ap\u00f3s negar dinheiro ao filho, idosa de 71 anos \u00e9 agredida e tem o rosto queimado em Valadares - Aconteceu no Vale<\/title>\n<meta name=\"robots\" content=\"index, follow, max-snippet:-1, max-image-preview:large, max-video-preview:-1\" \/>\n<link rel=\"canonical\" href=\"https:\/\/aconteceunovale.com.br\/portal\/?p=48738\" \/>\n<meta property=\"og:locale\" content=\"pt_BR\" \/>\n<meta property=\"og:type\" content=\"article\" \/>\n<meta property=\"og:title\" content=\"Ap\u00f3s negar dinheiro ao filho, idosa de 71 anos \u00e9 agredida e tem o rosto queimado em Valadares - Aconteceu no Vale\" \/>\n<meta property=\"og:description\" content=\"Homem de 41 anos queria dinheiro e queimou o rosto da m\u00e3e. V\u00edtima est\u00e1 internada em observa\u00e7\u00e3o no Hospital Municipal de Governador Valadares. Um homem de 41 anos foi preso na noite desta quinta-feira (25) ap\u00f3s amea\u00e7ar, agredir e queimar o rosto da pr\u00f3pria m\u00e3e de 71 anos, em Governador Valadares, no Leste de Minas [&hellip;]\" \/>\n<meta property=\"og:url\" content=\"https:\/\/aconteceunovale.com.br\/portal\/?p=48738\" \/>\n<meta property=\"og:site_name\" content=\"Aconteceu no Vale\" \/>\n<meta property=\"article:publisher\" content=\"https:\/\/www.facebook.com\/aconteceunovale\/\" \/>\n<meta property=\"article:published_time\" content=\"2014-12-26T15:01:31+00:00\" \/>\n<meta property=\"og:image\" content=\"https:\/\/aconteceunovale.com.br\/portal\/wp-content\/uploads\/2014\/12\/governador_valadares_panoramica.jpg\" \/>\n\t<meta property=\"og:image:width\" content=\"635\" \/>\n\t<meta property=\"og:image:height\" content=\"326\" \/>\n\t<meta property=\"og:image:type\" content=\"image\/jpeg\" \/>\n<meta name=\"author\" content=\"Aconteceu no Vale\" \/>\n<meta name=\"twitter:card\" content=\"summary_large_image\" \/>\n<meta name=\"twitter:creator\" content=\"@noticiadosvales\" \/>\n<meta name=\"twitter:site\" content=\"@noticiadosvales\" \/>\n<meta name=\"twitter:label1\" content=\"Escrito por\" \/>\n\t<meta name=\"twitter:data1\" content=\"Aconteceu no Vale\" \/>\n\t<meta name=\"twitter:label2\" content=\"Est. tempo de leitura\" \/>\n\t<meta name=\"twitter:data2\" content=\"1 minuto\" \/>\n<script type=\"application\/ld+json\" class=\"yoast-schema-graph\">{\"@context\":\"https:\\\/\\\/schema.org\",\"@graph\":[{\"@type\":\"Article\",\"@id\":\"https:\\\/\\\/aconteceunovale.com.br\\\/portal\\\/?p=48738#article\",\"isPartOf\":{\"@id\":\"https:\\\/\\\/aconteceunovale.com.br\\\/portal\\\/?p=48738\"},\"author\":{\"name\":\"Aconteceu no Vale\",\"@id\":\"https:\\\/\\\/aconteceunovale.com.br\\\/portal\\\/#\\\/schema\\\/person\\\/633529146f2c94272bef50ac2953d589\"},\"headline\":\"Ap\u00f3s negar dinheiro ao filho, idosa de 71 anos \u00e9 agredida e tem o rosto queimado em Valadares\",\"datePublished\":\"2014-12-26T15:01:31+00:00\",\"mainEntityOfPage\":{\"@id\":\"https:\\\/\\\/aconteceunovale.com.br\\\/portal\\\/?p=48738\"},\"wordCount\":286,\"commentCount\":0,\"image\":{\"@id\":\"https:\\\/\\\/aconteceunovale.com.br\\\/portal\\\/?p=48738#primaryimage\"},\"thumbnailUrl\":\"https:\\\/\\\/aconteceunovale.com.br\\\/portal\\\/wp-content\\\/uploads\\\/2014\\\/12\\\/governador_valadares_panoramica.jpg\",\"keywords\":[\"Ap\u00f3s negar dinheiro ao filho idosa de 71 anos \u00e9 agredida e tem o rosto queimado em Governador Valadares\",\"Governador Valadares\",\"idosa de 71 anos \u00e9 agredida e tem o rosto queimado em Governador Valadares\"],\"articleSection\":[\"Leste de Minas\"],\"inLanguage\":\"pt-BR\",\"potentialAction\":[{\"@type\":\"CommentAction\",\"name\":\"Comment\",\"target\":[\"https:\\\/\\\/aconteceunovale.com.br\\\/portal\\\/?p=48738#respond\"]}]},{\"@type\":\"WebPage\",\"@id\":\"https:\\\/\\\/aconteceunovale.com.br\\\/portal\\\/?p=48738\",\"url\":\"https:\\\/\\\/aconteceunovale.com.br\\\/portal\\\/?p=48738\",\"name\":\"Ap\u00f3s negar dinheiro ao filho, idosa de 71 anos \u00e9 agredida e tem o rosto queimado em Valadares - Aconteceu no Vale\",\"isPartOf\":{\"@id\":\"https:\\\/\\\/aconteceunovale.com.br\\\/portal\\\/#website\"},\"primaryImageOfPage\":{\"@id\":\"https:\\\/\\\/aconteceunovale.com.br\\\/portal\\\/?p=48738#primaryimage\"},\"image\":{\"@id\":\"https:\\\/\\\/aconteceunovale.com.br\\\/portal\\\/?p=48738#primaryimage\"},\"thumbnailUrl\":\"https:\\\/\\\/aconteceunovale.com.br\\\/portal\\\/wp-content\\\/uploads\\\/2014\\\/12\\\/governador_valadares_panoramica.jpg\",\"datePublished\":\"2014-12-26T15:01:31+00:00\",\"author\":{\"@id\":\"https:\\\/\\\/aconteceunovale.com.br\\\/portal\\\/#\\\/schema\\\/person\\\/633529146f2c94272bef50ac2953d589\"},\"breadcrumb\":{\"@id\":\"https:\\\/\\\/aconteceunovale.com.br\\\/portal\\\/?p=48738#breadcrumb\"},\"inLanguage\":\"pt-BR\",\"potentialAction\":[{\"@type\":\"ReadAction\",\"target\":[\"https:\\\/\\\/aconteceunovale.com.br\\\/portal\\\/?p=48738\"]}]},{\"@type\":\"ImageObject\",\"inLanguage\":\"pt-BR\",\"@id\":\"https:\\\/\\\/aconteceunovale.com.br\\\/portal\\\/?p=48738#primaryimage\",\"url\":\"https:\\\/\\\/aconteceunovale.com.br\\\/portal\\\/wp-content\\\/uploads\\\/2014\\\/12\\\/governador_valadares_panoramica.jpg\",\"contentUrl\":\"https:\\\/\\\/aconteceunovale.com.br\\\/portal\\\/wp-content\\\/uploads\\\/2014\\\/12\\\/governador_valadares_panoramica.jpg\",\"width\":635,\"height\":326},{\"@type\":\"BreadcrumbList\",\"@id\":\"https:\\\/\\\/aconteceunovale.com.br\\\/portal\\\/?p=48738#breadcrumb\",\"itemListElement\":[{\"@type\":\"ListItem\",\"position\":1,\"name\":\"In\u00edcio\",\"item\":\"https:\\\/\\\/aconteceunovale.com.br\\\/portal\\\/\"},{\"@type\":\"ListItem\",\"position\":2,\"name\":\"Ap\u00f3s negar dinheiro ao filho, idosa de 71 anos \u00e9 agredida e tem o rosto queimado em Valadares\"}]},{\"@type\":\"WebSite\",\"@id\":\"https:\\\/\\\/aconteceunovale.com.br\\\/portal\\\/#website\",\"url\":\"https:\\\/\\\/aconteceunovale.com.br\\\/portal\\\/\",\"name\":\"Aconteceu no Vale\",\"description\":\"Portal de Not\u00edcias\",\"potentialAction\":[{\"@type\":\"SearchAction\",\"target\":{\"@type\":\"EntryPoint\",\"urlTemplate\":\"https:\\\/\\\/aconteceunovale.com.br\\\/portal\\\/?s={search_term_string}\"},\"query-input\":{\"@type\":\"PropertyValueSpecification\",\"valueRequired\":true,\"valueName\":\"search_term_string\"}}],\"inLanguage\":\"pt-BR\"},{\"@type\":\"Person\",\"@id\":\"https:\\\/\\\/aconteceunovale.com.br\\\/portal\\\/#\\\/schema\\\/person\\\/633529146f2c94272bef50ac2953d589\",\"name\":\"Aconteceu no Vale\",\"description\":\"Equipe de reportagem do Aconteceu no Vale, portal de not\u00edcias do Vale do Jequitinhonha, em Minas Gerais. Cobrimos as 51 cidades do Vale desde 2013. Sugest\u00f5es de pauta e pedidos de corre\u00e7\u00e3o: contato@aconteceunovale.com.br\",\"sameAs\":[\"http:\\\/\\\/www.aconteceunovale.com.br\"],\"url\":\"https:\\\/\\\/aconteceunovale.com.br\\\/portal\\\/?author=1\"}]}<\/script>\n<!-- \/ Yoast SEO plugin. -->","yoast_head_json":{"title":"Ap\u00f3s negar dinheiro ao filho, idosa de 71 anos \u00e9 agredida e tem o rosto queimado em Valadares - Aconteceu no Vale","robots":{"index":"index","follow":"follow","max-snippet":"max-snippet:-1","max-image-preview":"max-image-preview:large","max-video-preview":"max-video-preview:-1"},"canonical":"https:\/\/aconteceunovale.com.br\/portal\/?p=48738","og_locale":"pt_BR","og_type":"article","og_title":"Ap\u00f3s negar dinheiro ao filho, idosa de 71 anos \u00e9 agredida e tem o rosto queimado em Valadares - Aconteceu no Vale","og_description":"Homem de 41 anos queria dinheiro e queimou o rosto da m\u00e3e. V\u00edtima est\u00e1 internada em observa\u00e7\u00e3o no Hospital Municipal de Governador Valadares. Um homem de 41 anos foi preso na noite desta quinta-feira (25) ap\u00f3s amea\u00e7ar, agredir e queimar o rosto da pr\u00f3pria m\u00e3e de 71 anos, em Governador Valadares, no Leste de Minas [&hellip;]","og_url":"https:\/\/aconteceunovale.com.br\/portal\/?p=48738","og_site_name":"Aconteceu no Vale","article_publisher":"https:\/\/www.facebook.com\/aconteceunovale\/","article_published_time":"2014-12-26T15:01:31+00:00","og_image":[{"width":635,"height":326,"url":"https:\/\/aconteceunovale.com.br\/portal\/wp-content\/uploads\/2014\/12\/governador_valadares_panoramica.jpg","type":"image\/jpeg"}],"author":"Aconteceu no Vale","twitter_card":"summary_large_image","twitter_creator":"@noticiadosvales","twitter_site":"@noticiadosvales","twitter_misc":{"Escrito por":"Aconteceu no Vale","Est. tempo de leitura":"1 minuto"},"schema":{"@context":"https:\/\/schema.org","@graph":[{"@type":"Article","@id":"https:\/\/aconteceunovale.com.br\/portal\/?p=48738#article","isPartOf":{"@id":"https:\/\/aconteceunovale.com.br\/portal\/?p=48738"},"author":{"name":"Aconteceu no Vale","@id":"https:\/\/aconteceunovale.com.br\/portal\/#\/schema\/person\/633529146f2c94272bef50ac2953d589"},"headline":"Ap\u00f3s negar dinheiro ao filho, idosa de 71 anos \u00e9 agredida e tem o rosto queimado em Valadares","datePublished":"2014-12-26T15:01:31+00:00","mainEntityOfPage":{"@id":"https:\/\/aconteceunovale.com.br\/portal\/?p=48738"},"wordCount":286,"commentCount":0,"image":{"@id":"https:\/\/aconteceunovale.com.br\/portal\/?p=48738#primaryimage"},"thumbnailUrl":"https:\/\/aconteceunovale.com.br\/portal\/wp-content\/uploads\/2014\/12\/governador_valadares_panoramica.jpg","keywords":["Ap\u00f3s negar dinheiro ao filho idosa de 71 anos \u00e9 agredida e tem o rosto queimado em Governador Valadares","Governador Valadares","idosa de 71 anos \u00e9 agredida e tem o rosto queimado em Governador Valadares"],"articleSection":["Leste de Minas"],"inLanguage":"pt-BR","potentialAction":[{"@type":"CommentAction","name":"Comment","target":["https:\/\/aconteceunovale.com.br\/portal\/?p=48738#respond"]}]},{"@type":"WebPage","@id":"https:\/\/aconteceunovale.com.br\/portal\/?p=48738","url":"https:\/\/aconteceunovale.com.br\/portal\/?p=48738","name":"Ap\u00f3s negar dinheiro ao filho, idosa de 71 anos \u00e9 agredida e tem o rosto queimado em Valadares - Aconteceu no Vale","isPartOf":{"@id":"https:\/\/aconteceunovale.com.br\/portal\/#website"},"primaryImageOfPage":{"@id":"https:\/\/aconteceunovale.com.br\/portal\/?p=48738#primaryimage"},"image":{"@id":"https:\/\/aconteceunovale.com.br\/portal\/?p=48738#primaryimage"},"thumbnailUrl":"https:\/\/aconteceunovale.com.br\/portal\/wp-content\/uploads\/2014\/12\/governador_valadares_panoramica.jpg","datePublished":"2014-12-26T15:01:31+00:00","author":{"@id":"https:\/\/aconteceunovale.com.br\/portal\/#\/schema\/person\/633529146f2c94272bef50ac2953d589"},"breadcrumb":{"@id":"https:\/\/aconteceunovale.com.br\/portal\/?p=48738#breadcrumb"},"inLanguage":"pt-BR","potentialAction":[{"@type":"ReadAction","target":["https:\/\/aconteceunovale.com.br\/portal\/?p=48738"]}]},{"@type":"ImageObject","inLanguage":"pt-BR","@id":"https:\/\/aconteceunovale.com.br\/portal\/?p=48738#primaryimage","url":"https:\/\/aconteceunovale.com.br\/portal\/wp-content\/uploads\/2014\/12\/governador_valadares_panoramica.jpg","contentUrl":"https:\/\/aconteceunovale.com.br\/portal\/wp-content\/uploads\/2014\/12\/governador_valadares_panoramica.jpg","width":635,"height":326},{"@type":"BreadcrumbList","@id":"https:\/\/aconteceunovale.com.br\/portal\/?p=48738#breadcrumb","itemListElement":[{"@type":"ListItem","position":1,"name":"In\u00edcio","item":"https:\/\/aconteceunovale.com.br\/portal\/"},{"@type":"ListItem","position":2,"name":"Ap\u00f3s negar dinheiro ao filho, idosa de 71 anos \u00e9 agredida e tem o rosto queimado em Valadares"}]},{"@type":"WebSite","@id":"https:\/\/aconteceunovale.com.br\/portal\/#website","url":"https:\/\/aconteceunovale.com.br\/portal\/","name":"Aconteceu no Vale","description":"Portal de Not\u00edcias","potentialAction":[{"@type":"SearchAction","target":{"@type":"EntryPoint","urlTemplate":"https:\/\/aconteceunovale.com.br\/portal\/?s={search_term_string}"},"query-input":{"@type":"PropertyValueSpecification","valueRequired":true,"valueName":"search_term_string"}}],"inLanguage":"pt-BR"},{"@type":"Person","@id":"https:\/\/aconteceunovale.com.br\/portal\/#\/schema\/person\/633529146f2c94272bef50ac2953d589","name":"Aconteceu no Vale","description":"Equipe de reportagem do Aconteceu no Vale, portal de not\u00edcias do Vale do Jequitinhonha, em Minas Gerais. Cobrimos as 51 cidades do Vale desde 2013. Sugest\u00f5es de pauta e pedidos de corre\u00e7\u00e3o: contato@aconteceunovale.com.br","sameAs":["http:\/\/www.aconteceunovale.com.br"],"url":"https:\/\/aconteceunovale.com.br\/portal\/?author=1"}]}},"_links":{"self":[{"href":"https:\/\/aconteceunovale.com.br\/portal\/index.php?rest_route=\/wp\/v2\/posts\/48738","targetHints":{"allow":["GET"]}}],"collection":[{"href":"https:\/\/aconteceunovale.com.br\/portal\/index.php?rest_route=\/wp\/v2\/posts"}],"about":[{"href":"https:\/\/aconteceunovale.com.br\/portal\/index.php?rest_route=\/wp\/v2\/types\/post"}],"author":[{"embeddable":true,"href":"https:\/\/aconteceunovale.com.br\/portal\/index.php?rest_route=\/wp\/v2\/users\/1"}],"replies":[{"embeddable":true,"href":"https:\/\/aconteceunovale.com.br\/portal\/index.php?rest_route=%2Fwp%2Fv2%2Fcomments&post=48738"}],"version-history":[{"count":0,"href":"https:\/\/aconteceunovale.com.br\/portal\/index.php?rest_route=\/wp\/v2\/posts\/48738\/revisions"}],"wp:featuredmedia":[{"embeddable":true,"href":"https:\/\/aconteceunovale.com.br\/portal\/index.php?rest_route=\/wp\/v2\/media\/47642"}],"wp:attachment":[{"href":"https:\/\/aconteceunovale.com.br\/portal\/index.php?rest_route=%2Fwp%2Fv2%2Fmedia&parent=48738"}],"wp:term":[{"taxonomy":"category","embeddable":true,"href":"https:\/\/aconteceunovale.com.br\/portal\/index.php?rest_route=%2Fwp%2Fv2%2Fcategories&post=48738"},{"taxonomy":"post_tag","embeddable":true,"href":"https:\/\/aconteceunovale.com.br\/portal\/index.php?rest_route=%2Fwp%2Fv2%2Ftags&post=48738"}],"curies":[{"name":"wp","href":"https:\/\/api.w.org\/{rel}","templated":true}]}}