{"id":48736,"date":"2014-12-26T11:55:10","date_gmt":"2014-12-26T14:55:10","guid":{"rendered":"http:\/\/aconteceunovale.com.br\/portal\/?p=48736"},"modified":"2014-12-26T12:07:58","modified_gmt":"2014-12-26T15:07:58","slug":"homem-e-preso-por-ameacar-irma-que-denunciou-estupro-em-almenara","status":"publish","type":"post","link":"https:\/\/aconteceunovale.com.br\/portal\/?p=48736","title":{"rendered":"Homem \u00e9 preso por amea\u00e7ar irm\u00e3 que denunciou estupro em Almenara"},"content":{"rendered":"<h4><strong><em>Homem \u00e9 suspeito de estuprar a irm\u00e3 de 32 anos em Almenara. Crime teria ocorrido em 21 de dezembro, mas foi denunciado nesta quinta-feira (25).<\/em><\/strong><\/h4>\n<p>A Pol\u00edcia Militar de Almenara registrou nessa quinta-feira (25) uma ocorr\u00eancia de estupro que teria ocorrido em 21 de dezembro, na Comunidade Caldeir\u00e3o, zona rural do munic\u00edpio. A v\u00edtima, de 32 anos, teria sido violentada pelo irm\u00e3o de 31 anos, que teria ingerido bebida alco\u00f3lica.<\/p>\n<p>Segundo a pol\u00edcia, ap\u00f3s o estupro, o irm\u00e3o teria amea\u00e7ado a v\u00edtima caso ela contasse o ocorrido, alegando que mataria toda a fam\u00edlia dos dois. Ap\u00f3s contar o caso para os familiares, a mulher denunciou o irm\u00e3o \u00e0 pol\u00edcia nesta quinta-feira.<\/p>\n<p>O suspeito teve pris\u00e3o decretada ap\u00f3s amea\u00e7ar a v\u00edtima na frente dos militares, com os dizeres &#8220;Eu vou preso, mas quando eu sair voc\u00ea vai ver&#8221;. V\u00edtima, autor e testemunhas foram conduzidos a Delegacia para as provid\u00eancias legais e cab\u00edveis para o fato.<\/p>\n<p><img decoding=\"async\" src=\"http:\/\/aconteceunovale.com.br\/portal\/wp-content\/uploads\/2014\/11\/almenara.jpg\" alt=\"\" \/><em>Crime aconteceu no munic\u00edpio de Almenara, no Vale do Jequitinhonha &#8211; Foto: Reprodu\u00e7\u00e3o<\/em><br \/>\n<\/br><\/p>\n<p><strong><em>(Inter TV dos Vales)<\/em><\/strong><\/p>\n","protected":false},"excerpt":{"rendered":"<p>Homem \u00e9 suspeito de estuprar a irm\u00e3 de 32 anos em Almenara. Crime teria ocorrido em 21 de dezembro, mas foi denunciado nesta quinta-feira (25). A Pol\u00edcia Militar de Almenara registrou nessa quinta-feira (25) uma ocorr\u00eancia de estupro que teria ocorrido em 21 de dezembro, na Comunidade Caldeir\u00e3o, zona rural do munic\u00edpio. A v\u00edtima, de [&hellip;]<\/p>\n","protected":false},"author":1,"featured_media":45749,"comment_status":"open","ping_status":"closed","sticky":false,"template":"","format":"standard","meta":{"amp_status":"","footnotes":""},"categories":[120],"tags":[142,27982,27977,27981,27980],"class_list":["post-48736","post","type-post","status-publish","format-standard","has-post-thumbnail","hentry","category-jequi","tag-almenara","tag-comunidade-caldeirao","tag-homem-e-preso-por-ameacar-irma-que-denunciou-estupro-em-almenara","tag-marina-viana-da-silva","tag-pedro-viana-da-silva"],"_links":{"self":[{"href":"https:\/\/aconteceunovale.com.br\/portal\/index.php?rest_route=\/wp\/v2\/posts\/48736","targetHints":{"allow":["GET"]}}],"collection":[{"href":"https:\/\/aconteceunovale.com.br\/portal\/index.php?rest_route=\/wp\/v2\/posts"}],"about":[{"href":"https:\/\/aconteceunovale.com.br\/portal\/index.php?rest_route=\/wp\/v2\/types\/post"}],"author":[{"embeddable":true,"href":"https:\/\/aconteceunovale.com.br\/portal\/index.php?rest_route=\/wp\/v2\/users\/1"}],"replies":[{"embeddable":true,"href":"https:\/\/aconteceunovale.com.br\/portal\/index.php?rest_route=%2Fwp%2Fv2%2Fcomments&post=48736"}],"version-history":[{"count":0,"href":"https:\/\/aconteceunovale.com.br\/portal\/index.php?rest_route=\/wp\/v2\/posts\/48736\/revisions"}],"wp:featuredmedia":[{"embeddable":true,"href":"https:\/\/aconteceunovale.com.br\/portal\/index.php?rest_route=\/wp\/v2\/media\/45749"}],"wp:attachment":[{"href":"https:\/\/aconteceunovale.com.br\/portal\/index.php?rest_route=%2Fwp%2Fv2%2Fmedia&parent=48736"}],"wp:term":[{"taxonomy":"category","embeddable":true,"href":"https:\/\/aconteceunovale.com.br\/portal\/index.php?rest_route=%2Fwp%2Fv2%2Fcategories&post=48736"},{"taxonomy":"post_tag","embeddable":true,"href":"https:\/\/aconteceunovale.com.br\/portal\/index.php?rest_route=%2Fwp%2Fv2%2Ftags&post=48736"}],"curies":[{"name":"wp","href":"https:\/\/api.w.org\/{rel}","templated":true}]}}