{"id":48731,"date":"2014-12-26T11:40:47","date_gmt":"2014-12-26T14:40:47","guid":{"rendered":"http:\/\/aconteceunovale.com.br\/portal\/?p=48731"},"modified":"2014-12-26T11:40:47","modified_gmt":"2014-12-26T14:40:47","slug":"vandalos-colocam-fogo-em-veiculo-da-prefeitura-de-ouro-verde-de-minas","status":"publish","type":"post","link":"https:\/\/aconteceunovale.com.br\/portal\/?p=48731","title":{"rendered":"V\u00e2ndalos colocam fogo em ve\u00edculo da prefeitura de Ouro Verde de Minas"},"content":{"rendered":"<h4><strong><em>Carro estava estacionado no p\u00e1tio de obras da prefeitura. At\u00e9 o momento ningu\u00e9m foi preso.<\/em><\/strong><\/h4>\n<p>Um ve\u00edculo utilizado para transportes de pacientes do Projeto Tratamento Fora de Domic\u00edlio (TFD) foi destru\u00eddo por um inc\u00eandio criminoso na tarde desta quinta-feira, 25 de dezembro, em Ouro Verde de Minas, no Vale do Mucuri. O ve\u00edculo, utilizado principalmente por pessoas que fazem tratamento de hemodi\u00e1lise em outros munic\u00edpios, ficou totalmente destru\u00eddo.<\/p>\n<p><img decoding=\"async\" src=\"http:\/\/aconteceunovale.com.br\/portal\/wp-content\/uploads\/2014\/12\/incendio_criminoso_ouro_verde_de_minas.jpg\" alt=\"\" \/>Ve\u00edculo da Prefeitura de Ouro Verde de Minas ficou totalmente destru\u00eddo &#8211; Foto: Cristiano Dias \/ Inter TV<br \/>\n<\/br><\/p>\n<p>De acordo com o registro de ocorr\u00eancias da Pol\u00edcia Militar, um vigilante da prefeitura acionou a corpora\u00e7\u00e3o por volta das 16 horas e informou que v\u00e2ndalos teriam ateado fogo no Fiat Doblo, que se encontrava estacionado no parque de obras municipal h\u00e1 mais ou menos quatro meses.<\/p>\n<p>Ainda segundo a PM, o vigilante informou que o ve\u00edculo estava inoperante, devido a um acidente ocorrido em data pret\u00e9rita. Volunt\u00e1rios utilizaram \u00e1gua e areia para apagar o fogo.<\/p>\n<p>A Pol\u00edcia Militar iniciou rastreamentos com intuito de localizar e prender os autores, por\u00e9m sem \u00eaxito at\u00e9 o momento. <\/p>\n<h4>Outros casos<\/h4>\n<p>Em mar\u00e7o deste ano, outros quatro ve\u00edculos da prefeitura foram destru\u00eddos por inc\u00eandios criminosos. No dia 21, um \u00f4nibus escolar e uma Kombi foram destru\u00eddos. J\u00e1 no dia 28, v\u00e2ndalos colocaram fogo em dois caminh\u00f5es. <\/p>\n<p>Na \u00e9poca o prefeito da cidade, Geraldo Jos\u00e9 Luiz Lima, informou que o preju\u00edzo era estimado em aproximadamente R$ 300 mil e que n\u00e3o descartava a possibilidade dos crimes terem sido motivados por rixas pol\u00edticas.<\/p>\n","protected":false},"excerpt":{"rendered":"<p>Carro estava estacionado no p\u00e1tio de obras da prefeitura. At\u00e9 o momento ningu\u00e9m foi preso. Um ve\u00edculo utilizado para transportes de pacientes do Projeto Tratamento Fora de Domic\u00edlio (TFD) foi destru\u00eddo por um inc\u00eandio criminoso na tarde desta quinta-feira, 25 de dezembro, em Ouro Verde de Minas, no Vale do Mucuri. O ve\u00edculo, utilizado principalmente [&hellip;]<\/p>\n","protected":false},"author":1,"featured_media":48732,"comment_status":"open","ping_status":"closed","sticky":false,"template":"","format":"standard","meta":{"amp_status":"","footnotes":""},"categories":[122],"tags":[27971,27970,1806,27974,27969,27973,27972],"class_list":["post-48731","post","type-post","status-publish","format-standard","has-post-thumbnail","hentry","category-mucuri","tag-geraldo-jose-luiz-lima","tag-incendios-criminosos-em-ouro-verde-de-minas","tag-ouro-verde-de-minas","tag-prefeitura-de-ouro-verde-de-minas","tag-vandalos-colocam-fogo-em-veiculo-da-prefeitura-de-ouro-verde-de-minas","tag-veiculo-da-prefeitura-de-ouro-verde-de-minas","tag-veiculo-da-prefeitura-de-ouro-verde-de-minas-ficou-totalmente-destruido"],"_links":{"self":[{"href":"https:\/\/aconteceunovale.com.br\/portal\/index.php?rest_route=\/wp\/v2\/posts\/48731","targetHints":{"allow":["GET"]}}],"collection":[{"href":"https:\/\/aconteceunovale.com.br\/portal\/index.php?rest_route=\/wp\/v2\/posts"}],"about":[{"href":"https:\/\/aconteceunovale.com.br\/portal\/index.php?rest_route=\/wp\/v2\/types\/post"}],"author":[{"embeddable":true,"href":"https:\/\/aconteceunovale.com.br\/portal\/index.php?rest_route=\/wp\/v2\/users\/1"}],"replies":[{"embeddable":true,"href":"https:\/\/aconteceunovale.com.br\/portal\/index.php?rest_route=%2Fwp%2Fv2%2Fcomments&post=48731"}],"version-history":[{"count":0,"href":"https:\/\/aconteceunovale.com.br\/portal\/index.php?rest_route=\/wp\/v2\/posts\/48731\/revisions"}],"wp:featuredmedia":[{"embeddable":true,"href":"https:\/\/aconteceunovale.com.br\/portal\/index.php?rest_route=\/wp\/v2\/media\/48732"}],"wp:attachment":[{"href":"https:\/\/aconteceunovale.com.br\/portal\/index.php?rest_route=%2Fwp%2Fv2%2Fmedia&parent=48731"}],"wp:term":[{"taxonomy":"category","embeddable":true,"href":"https:\/\/aconteceunovale.com.br\/portal\/index.php?rest_route=%2Fwp%2Fv2%2Fcategories&post=48731"},{"taxonomy":"post_tag","embeddable":true,"href":"https:\/\/aconteceunovale.com.br\/portal\/index.php?rest_route=%2Fwp%2Fv2%2Ftags&post=48731"}],"curies":[{"name":"wp","href":"https:\/\/api.w.org\/{rel}","templated":true}]}}