{"id":48723,"date":"2014-12-25T22:08:33","date_gmt":"2014-12-26T01:08:33","guid":{"rendered":"http:\/\/aconteceunovale.com.br\/portal\/?p=48723"},"modified":"2014-12-25T22:16:10","modified_gmt":"2014-12-26T01:16:10","slug":"acidente-envolvendo-carro-que-seguia-de-teofilo-otoni-para-sao-paulo-deixa-dois-mortos-na-br-116","status":"publish","type":"post","link":"https:\/\/aconteceunovale.com.br\/portal\/?p=48723","title":{"rendered":"Acidente envolvendo carro que seguia de Te\u00f3filo Otoni para S\u00e3o Paulo deixa dois mortos na BR-116"},"content":{"rendered":"<h4><strong><em>Minas Gerais tem ao menos 33 mortes nas estradas no feriado prolongado. Somente nesta quinta-feira (25) quatro mortes foram registradas em todo o estado.<\/em><\/strong><\/h4>\n<p>O feriado prolongado de Natal est\u00e1 sendo tr\u00e1gico nas estradas mineiras. Pelo menos 33 pessoas j\u00e1 perderam a vida desde a \u00faltima sexta-feira em acidentes. Somente nesta quinta-feira (25), quatro mortes foram registradas no estado. A ocorr\u00eancia mais grave foi na BR-116, em Laranjal, na Regi\u00e3o da Zona da Mata, na batida entre dois carros. Duas pessoas morreram e outras quatro ficaram feridas. <\/p>\n<p><img decoding=\"async\" src=\"http:\/\/aconteceunovale.com.br\/portal\/wp-content\/uploads\/2014\/12\/acidente_laranjal_25_12_1.jpg\" alt=\"\" \/><em>Acidente na BR-116, em Laranjal, deixou dois mortos e quatro feridos &#8211; Foto: Site Silvan Alves<\/em><br \/>\n<\/br><\/p>\n<p>O acidente aconteceu por volta das 9h20. Um Corsa, com placas de S\u00e3o Paulo, seguia de Te\u00f3filo Otoni para a capital paulista. Quando passava pelo km 734, o ve\u00edculo invadiu a contram\u00e3o em uma pequena curva e atingiu de frente um Fiat Uno. Com o impacto, os dois ve\u00edculos foram arremessados para fora da pista. O Corsa ainda caiu em uma ribanceira. <\/p>\n<p>Nos dois ve\u00edculos estavam tr\u00eas pessoas. No Uno, o motorista e a passageira Marluce de Souza Assun\u00e7\u00e3o, que seguia no banco de tr\u00e1s, morreram na hora. Um homem que estava no banco da frente ficou gravemente ferido. No Corsa, o condutor, de 30 anos, ficou preso \u00e0s ferragens e gravemente ferido. Os outros dois ocupantes tamb\u00e9m tiveram ferimentos. Todas as v\u00edtimas foram socorridas pelo Corpo de Bombeiros e m\u00e9dicos do Servi\u00e7o de Atendimento M\u00f3vel de Urg\u00eancia (Samu) e encaminhados para o Hospital S\u00e3o Paulo, em Muria\u00e9. <\/p>\n<p>As causas do acidente ainda s\u00e3o desconhecidas, por\u00e9m, o cansa\u00e7o do condutor do Corsa \u00e9 a causa mais prov\u00e1vel. \u201cO motorista saiu as duas horas da manh\u00e3 de Te\u00f3filo Otoni sem ter dormido. Provavelmente, cochilou ao volante, pois no local onde aconteceu a batida, n\u00e3o tem motivo algum para invadir a pista contr\u00e1ria\u201d, explica o policial rodovi\u00e1rio federal Jo\u00e3o Eduardo Ornelas. <\/p>\n<p><img decoding=\"async\" src=\"http:\/\/aconteceunovale.com.br\/portal\/wp-content\/uploads\/2014\/12\/acidente_laranjal_25_12_2.jpg\" alt=\"\" \/><em>Acidente na BR-116, em Laranjal, deixou dois mortos e quatro feridos &#8211; Foto: Site Silvan Alves<\/em><br \/>\n<\/br><\/p>\n<h4>Em Belo Horizonte<\/h4>\n<p>Mesmo com pouca movimenta\u00e7\u00e3o nas estradas outros acidentes com mortes foram registrados em Minas. Um deles foi nesta madrugada no Anel Rodovi\u00e1rio de Belo Horizonte. Uma moto bateu na traseira de um caminh\u00e3o pr\u00f3ximo ao Bairro Nazar\u00e9, na Regi\u00e3o Nordeste. O condutor morreu e a passageira ficou ferida. <\/p>\n<p>De acordo com a Pol\u00edcia Militar Rodovi\u00e1ria (PMRV), o motociclista seguia no sentido Belo Horizonte \/ Rio de Janeiro quando bateu na traseira do ve\u00edculo de carga que estava no acostamento. As causas do acidente ainda s\u00e3o investigadas. O condutor, que n\u00e3o teve o nome divulgado, morreu na hora. A passageira ficou gravemente ferida e foi levada para o hospital. <\/p>\n<h4>Em Varginha<\/h4>\n<p>Outra ocorr\u00eancia foi no final da manh\u00e3 na MG-456, em Varginha, na Regi\u00e3o Sul de Minas Gerais. Segundo a PMRv, um Palio seguia no sentido Heliodora \/ Lambari quando perdeu o controle da dire\u00e7\u00e3o ao passar pelo km 4. O ve\u00edculo saiu da pista e bateu em um barranco \u00e0s margens da rodovia. O condutor Valdir In\u00e1cio dos Santos, de 37 anos, morreu na hora. Ele estava sozinho no ve\u00edculo. O tr\u00e2nsito n\u00e3o precisou ser interditado. <\/p>\n<h4>Em Uberaba<\/h4>\n<p>A batida entre uma carreta e um carro deixou duas pessoas mortas nessa quarta-feira na MG427, em Uberaba, na Regi\u00e3o do Tri\u00e2ngulo Mineiro. As v\u00edtimas eram uma crian\u00e7a e um homem que estavam em um Gol. Outras duas pessoas ficaram feridas e foram encaminhadas para o hospital.<\/p>\n<p><img decoding=\"async\" src=\"http:\/\/aconteceunovale.com.br\/portal\/wp-content\/uploads\/2014\/12\/acidente_laranjal_25_12_3.jpg\" alt=\"\" \/><em>Acidente na BR-116, em Laranjal, deixou dois mortos e quatro feridos &#8211; Foto: Site Silvan Alves<\/em><br \/>\n<\/br><\/p>\n<p><img decoding=\"async\" src=\"http:\/\/aconteceunovale.com.br\/portal\/wp-content\/uploads\/2014\/12\/acidente_laranjal_25_12_4.jpg\" alt=\"\" \/><em>Acidente na BR-116, em Laranjal, deixou dois mortos e quatro feridos &#8211; Foto: Site Silvan Alves<\/em><br \/>\n<\/br><\/p>\n<p><img decoding=\"async\" src=\"http:\/\/aconteceunovale.com.br\/portal\/wp-content\/uploads\/2014\/12\/acidente_laranjal_25_12_5.jpg\" alt=\"\" \/><em>Acidente na BR-116, em Laranjal, deixou dois mortos e quatro feridos &#8211; Foto: Site Silvan Alves<\/em><br \/>\n<\/br><\/p>\n<p><img decoding=\"async\" src=\"http:\/\/aconteceunovale.com.br\/portal\/wp-content\/uploads\/2014\/12\/acidente_laranjal_25_12_6.jpg\" alt=\"\" \/><em>Acidente na BR-116, em Laranjal, deixou dois mortos e quatro feridos &#8211; Foto: Site Silvan Alves<\/em><br \/>\n<\/br><\/p>\n<p><strong><em>(Fonte: Estado de Minas)<\/em><\/strong><\/p>\n","protected":false},"excerpt":{"rendered":"<p>Minas Gerais tem ao menos 33 mortes nas estradas no feriado prolongado. Somente nesta quinta-feira (25) quatro mortes foram registradas em todo o estado. O feriado prolongado de Natal est\u00e1 sendo tr\u00e1gico nas estradas mineiras. Pelo menos 33 pessoas j\u00e1 perderam a vida desde a \u00faltima sexta-feira em acidentes. Somente nesta quinta-feira (25), quatro mortes [&hellip;]<\/p>\n","protected":false},"author":1,"featured_media":48724,"comment_status":"open","ping_status":"closed","sticky":false,"template":"","format":"standard","meta":{"amp_status":"","footnotes":""},"categories":[122],"tags":[27967,27968,27966,27961,27964,27965,27958,194,27959,27957,1623,4424,27956,27962,27963,1502,164,220,27960,223],"class_list":["post-48723","post","type-post","status-publish","format-standard","has-post-thumbnail","hentry","category-mucuri","tag-acidente-com-corsa-de-teofilo-otoni","tag-acidente-com-corsa-que-seguia-de-teofilo-otoni-para-sao-paulo","tag-acidente-em-laranjal","tag-acidente-envolvendo-carro-que-seguia-de-teofilo-otoni-para-sao-paulo-deixa-dois-mortos-na-br-116","tag-acidentes-no-feriado-de-natala","tag-acidentes-no-feriado-prolongado-de-natal","tag-anel-rodoviario-de-belo-horizonte","tag-belo-horizonte","tag-heliodora","tag-joao-eduardo-ornelas","tag-lambari","tag-laranjal","tag-marluce-de-souza-assuncao","tag-mortes-no-feriado-de-natal","tag-mortes-no-feriado-prolongado-de-natal","tag-muriae","tag-teofilo-otoni","tag-uberaba","tag-valdir-inacio-dos-santos","tag-varginha"],"yoast_head":"<!-- This site is optimized with the Yoast SEO plugin v28.3 - https:\/\/yoast.com\/product\/yoast-seo-wordpress\/ -->\n<title>Acidente envolvendo carro que seguia de Te\u00f3filo Otoni para S\u00e3o Paulo deixa dois mortos na BR-116 - Aconteceu no Vale<\/title>\n<meta name=\"robots\" content=\"index, follow, max-snippet:-1, max-image-preview:large, max-video-preview:-1\" \/>\n<link rel=\"canonical\" href=\"https:\/\/aconteceunovale.com.br\/portal\/?p=48723\" \/>\n<meta property=\"og:locale\" content=\"pt_BR\" \/>\n<meta property=\"og:type\" content=\"article\" \/>\n<meta property=\"og:title\" content=\"Acidente envolvendo carro que seguia de Te\u00f3filo Otoni para S\u00e3o Paulo deixa dois mortos na BR-116 - Aconteceu no Vale\" \/>\n<meta property=\"og:description\" content=\"Minas Gerais tem ao menos 33 mortes nas estradas no feriado prolongado. Somente nesta quinta-feira (25) quatro mortes foram registradas em todo o estado. O feriado prolongado de Natal est\u00e1 sendo tr\u00e1gico nas estradas mineiras. Pelo menos 33 pessoas j\u00e1 perderam a vida desde a \u00faltima sexta-feira em acidentes. Somente nesta quinta-feira (25), quatro mortes [&hellip;]\" \/>\n<meta property=\"og:url\" content=\"https:\/\/aconteceunovale.com.br\/portal\/?p=48723\" \/>\n<meta property=\"og:site_name\" content=\"Aconteceu no Vale\" \/>\n<meta property=\"article:publisher\" content=\"https:\/\/www.facebook.com\/aconteceunovale\/\" \/>\n<meta property=\"article:published_time\" content=\"2014-12-26T01:08:33+00:00\" \/>\n<meta property=\"article:modified_time\" content=\"2014-12-26T01:16:10+00:00\" \/>\n<meta property=\"og:image\" content=\"https:\/\/aconteceunovale.com.br\/portal\/wp-content\/uploads\/2014\/12\/acidente_laranjal_25_12_1.jpg\" \/>\n\t<meta property=\"og:image:width\" content=\"620\" \/>\n\t<meta property=\"og:image:height\" content=\"412\" \/>\n\t<meta property=\"og:image:type\" content=\"image\/jpeg\" \/>\n<meta name=\"author\" content=\"Aconteceu no Vale\" \/>\n<meta name=\"twitter:card\" content=\"summary_large_image\" \/>\n<meta name=\"twitter:creator\" content=\"@noticiadosvales\" \/>\n<meta name=\"twitter:site\" content=\"@noticiadosvales\" \/>\n<meta name=\"twitter:label1\" content=\"Escrito por\" \/>\n\t<meta name=\"twitter:data1\" content=\"Aconteceu no Vale\" \/>\n\t<meta name=\"twitter:label2\" content=\"Est. tempo de leitura\" \/>\n\t<meta name=\"twitter:data2\" content=\"3 minutos\" \/>\n<script type=\"application\/ld+json\" class=\"yoast-schema-graph\">{\"@context\":\"https:\\\/\\\/schema.org\",\"@graph\":[{\"@type\":\"Article\",\"@id\":\"https:\\\/\\\/aconteceunovale.com.br\\\/portal\\\/?p=48723#article\",\"isPartOf\":{\"@id\":\"https:\\\/\\\/aconteceunovale.com.br\\\/portal\\\/?p=48723\"},\"author\":{\"name\":\"Aconteceu no Vale\",\"@id\":\"https:\\\/\\\/aconteceunovale.com.br\\\/portal\\\/#\\\/schema\\\/person\\\/633529146f2c94272bef50ac2953d589\"},\"headline\":\"Acidente envolvendo carro que seguia de Te\u00f3filo Otoni para S\u00e3o Paulo deixa dois mortos na BR-116\",\"datePublished\":\"2014-12-26T01:08:33+00:00\",\"dateModified\":\"2014-12-26T01:16:10+00:00\",\"mainEntityOfPage\":{\"@id\":\"https:\\\/\\\/aconteceunovale.com.br\\\/portal\\\/?p=48723\"},\"wordCount\":691,\"commentCount\":0,\"image\":{\"@id\":\"https:\\\/\\\/aconteceunovale.com.br\\\/portal\\\/?p=48723#primaryimage\"},\"thumbnailUrl\":\"https:\\\/\\\/aconteceunovale.com.br\\\/portal\\\/wp-content\\\/uploads\\\/2014\\\/12\\\/acidente_laranjal_25_12_1.jpg\",\"keywords\":[\"acidente com corsa de te\u00f3filo otoni\",\"acidente com corsa que seguia de te\u00f3filo otoni para s\u00e3o paulo\",\"acidente em laranjal\",\"Acidente envolvendo carro que seguia de Te\u00f3filo Otoni para S\u00e3o Paulo deixa dois mortos na BR-116\",\"acidentes no feriado de natala\",\"acidentes no feriado prolongado de natal\",\"Anel Rodovi\u00e1rio de Belo Horizonte\",\"Belo Horizonte\",\"Heliodora\",\"Jo\u00e3o Eduardo Ornelas\",\"Lambari\",\"Laranjal\",\"Marluce de Souza Assun\u00e7\u00e3o\",\"mortes no feriado de natal\",\"mortes no feriado prolongado de natal\",\"Muria\u00e9\",\"Te\u00f3filo Otoni\",\"Uberaba\",\"Valdir In\u00e1cio dos Santos\",\"Varginha\"],\"articleSection\":[\"Vale do Mucuri\"],\"inLanguage\":\"pt-BR\",\"potentialAction\":[{\"@type\":\"CommentAction\",\"name\":\"Comment\",\"target\":[\"https:\\\/\\\/aconteceunovale.com.br\\\/portal\\\/?p=48723#respond\"]}]},{\"@type\":\"WebPage\",\"@id\":\"https:\\\/\\\/aconteceunovale.com.br\\\/portal\\\/?p=48723\",\"url\":\"https:\\\/\\\/aconteceunovale.com.br\\\/portal\\\/?p=48723\",\"name\":\"Acidente envolvendo carro que seguia de Te\u00f3filo Otoni para S\u00e3o Paulo deixa dois mortos na BR-116 - Aconteceu no Vale\",\"isPartOf\":{\"@id\":\"https:\\\/\\\/aconteceunovale.com.br\\\/portal\\\/#website\"},\"primaryImageOfPage\":{\"@id\":\"https:\\\/\\\/aconteceunovale.com.br\\\/portal\\\/?p=48723#primaryimage\"},\"image\":{\"@id\":\"https:\\\/\\\/aconteceunovale.com.br\\\/portal\\\/?p=48723#primaryimage\"},\"thumbnailUrl\":\"https:\\\/\\\/aconteceunovale.com.br\\\/portal\\\/wp-content\\\/uploads\\\/2014\\\/12\\\/acidente_laranjal_25_12_1.jpg\",\"datePublished\":\"2014-12-26T01:08:33+00:00\",\"dateModified\":\"2014-12-26T01:16:10+00:00\",\"author\":{\"@id\":\"https:\\\/\\\/aconteceunovale.com.br\\\/portal\\\/#\\\/schema\\\/person\\\/633529146f2c94272bef50ac2953d589\"},\"breadcrumb\":{\"@id\":\"https:\\\/\\\/aconteceunovale.com.br\\\/portal\\\/?p=48723#breadcrumb\"},\"inLanguage\":\"pt-BR\",\"potentialAction\":[{\"@type\":\"ReadAction\",\"target\":[\"https:\\\/\\\/aconteceunovale.com.br\\\/portal\\\/?p=48723\"]}]},{\"@type\":\"ImageObject\",\"inLanguage\":\"pt-BR\",\"@id\":\"https:\\\/\\\/aconteceunovale.com.br\\\/portal\\\/?p=48723#primaryimage\",\"url\":\"https:\\\/\\\/aconteceunovale.com.br\\\/portal\\\/wp-content\\\/uploads\\\/2014\\\/12\\\/acidente_laranjal_25_12_1.jpg\",\"contentUrl\":\"https:\\\/\\\/aconteceunovale.com.br\\\/portal\\\/wp-content\\\/uploads\\\/2014\\\/12\\\/acidente_laranjal_25_12_1.jpg\",\"width\":620,\"height\":412},{\"@type\":\"BreadcrumbList\",\"@id\":\"https:\\\/\\\/aconteceunovale.com.br\\\/portal\\\/?p=48723#breadcrumb\",\"itemListElement\":[{\"@type\":\"ListItem\",\"position\":1,\"name\":\"In\u00edcio\",\"item\":\"https:\\\/\\\/aconteceunovale.com.br\\\/portal\\\/\"},{\"@type\":\"ListItem\",\"position\":2,\"name\":\"Acidente envolvendo carro que seguia de Te\u00f3filo Otoni para S\u00e3o Paulo deixa dois mortos na BR-116\"}]},{\"@type\":\"WebSite\",\"@id\":\"https:\\\/\\\/aconteceunovale.com.br\\\/portal\\\/#website\",\"url\":\"https:\\\/\\\/aconteceunovale.com.br\\\/portal\\\/\",\"name\":\"Aconteceu no Vale\",\"description\":\"Portal de Not\u00edcias\",\"potentialAction\":[{\"@type\":\"SearchAction\",\"target\":{\"@type\":\"EntryPoint\",\"urlTemplate\":\"https:\\\/\\\/aconteceunovale.com.br\\\/portal\\\/?s={search_term_string}\"},\"query-input\":{\"@type\":\"PropertyValueSpecification\",\"valueRequired\":true,\"valueName\":\"search_term_string\"}}],\"inLanguage\":\"pt-BR\"},{\"@type\":\"Person\",\"@id\":\"https:\\\/\\\/aconteceunovale.com.br\\\/portal\\\/#\\\/schema\\\/person\\\/633529146f2c94272bef50ac2953d589\",\"name\":\"Aconteceu no Vale\",\"description\":\"Equipe de reportagem do Aconteceu no Vale, portal de not\u00edcias do Vale do Jequitinhonha, em Minas Gerais. Cobrimos as 51 cidades do Vale desde 2013. Sugest\u00f5es de pauta e pedidos de corre\u00e7\u00e3o: contato@aconteceunovale.com.br\",\"sameAs\":[\"http:\\\/\\\/www.aconteceunovale.com.br\"],\"url\":\"https:\\\/\\\/aconteceunovale.com.br\\\/portal\\\/?author=1\"}]}<\/script>\n<!-- \/ Yoast SEO plugin. -->","yoast_head_json":{"title":"Acidente envolvendo carro que seguia de Te\u00f3filo Otoni para S\u00e3o Paulo deixa dois mortos na BR-116 - Aconteceu no Vale","robots":{"index":"index","follow":"follow","max-snippet":"max-snippet:-1","max-image-preview":"max-image-preview:large","max-video-preview":"max-video-preview:-1"},"canonical":"https:\/\/aconteceunovale.com.br\/portal\/?p=48723","og_locale":"pt_BR","og_type":"article","og_title":"Acidente envolvendo carro que seguia de Te\u00f3filo Otoni para S\u00e3o Paulo deixa dois mortos na BR-116 - Aconteceu no Vale","og_description":"Minas Gerais tem ao menos 33 mortes nas estradas no feriado prolongado. Somente nesta quinta-feira (25) quatro mortes foram registradas em todo o estado. O feriado prolongado de Natal est\u00e1 sendo tr\u00e1gico nas estradas mineiras. Pelo menos 33 pessoas j\u00e1 perderam a vida desde a \u00faltima sexta-feira em acidentes. Somente nesta quinta-feira (25), quatro mortes [&hellip;]","og_url":"https:\/\/aconteceunovale.com.br\/portal\/?p=48723","og_site_name":"Aconteceu no Vale","article_publisher":"https:\/\/www.facebook.com\/aconteceunovale\/","article_published_time":"2014-12-26T01:08:33+00:00","article_modified_time":"2014-12-26T01:16:10+00:00","og_image":[{"width":620,"height":412,"url":"https:\/\/aconteceunovale.com.br\/portal\/wp-content\/uploads\/2014\/12\/acidente_laranjal_25_12_1.jpg","type":"image\/jpeg"}],"author":"Aconteceu no Vale","twitter_card":"summary_large_image","twitter_creator":"@noticiadosvales","twitter_site":"@noticiadosvales","twitter_misc":{"Escrito por":"Aconteceu no Vale","Est. tempo de leitura":"3 minutos"},"schema":{"@context":"https:\/\/schema.org","@graph":[{"@type":"Article","@id":"https:\/\/aconteceunovale.com.br\/portal\/?p=48723#article","isPartOf":{"@id":"https:\/\/aconteceunovale.com.br\/portal\/?p=48723"},"author":{"name":"Aconteceu no Vale","@id":"https:\/\/aconteceunovale.com.br\/portal\/#\/schema\/person\/633529146f2c94272bef50ac2953d589"},"headline":"Acidente envolvendo carro que seguia de Te\u00f3filo Otoni para S\u00e3o Paulo deixa dois mortos na BR-116","datePublished":"2014-12-26T01:08:33+00:00","dateModified":"2014-12-26T01:16:10+00:00","mainEntityOfPage":{"@id":"https:\/\/aconteceunovale.com.br\/portal\/?p=48723"},"wordCount":691,"commentCount":0,"image":{"@id":"https:\/\/aconteceunovale.com.br\/portal\/?p=48723#primaryimage"},"thumbnailUrl":"https:\/\/aconteceunovale.com.br\/portal\/wp-content\/uploads\/2014\/12\/acidente_laranjal_25_12_1.jpg","keywords":["acidente com corsa de te\u00f3filo otoni","acidente com corsa que seguia de te\u00f3filo otoni para s\u00e3o paulo","acidente em laranjal","Acidente envolvendo carro que seguia de Te\u00f3filo Otoni para S\u00e3o Paulo deixa dois mortos na BR-116","acidentes no feriado de natala","acidentes no feriado prolongado de natal","Anel Rodovi\u00e1rio de Belo Horizonte","Belo Horizonte","Heliodora","Jo\u00e3o Eduardo Ornelas","Lambari","Laranjal","Marluce de Souza Assun\u00e7\u00e3o","mortes no feriado de natal","mortes no feriado prolongado de natal","Muria\u00e9","Te\u00f3filo Otoni","Uberaba","Valdir In\u00e1cio dos Santos","Varginha"],"articleSection":["Vale do Mucuri"],"inLanguage":"pt-BR","potentialAction":[{"@type":"CommentAction","name":"Comment","target":["https:\/\/aconteceunovale.com.br\/portal\/?p=48723#respond"]}]},{"@type":"WebPage","@id":"https:\/\/aconteceunovale.com.br\/portal\/?p=48723","url":"https:\/\/aconteceunovale.com.br\/portal\/?p=48723","name":"Acidente envolvendo carro que seguia de Te\u00f3filo Otoni para S\u00e3o Paulo deixa dois mortos na BR-116 - Aconteceu no Vale","isPartOf":{"@id":"https:\/\/aconteceunovale.com.br\/portal\/#website"},"primaryImageOfPage":{"@id":"https:\/\/aconteceunovale.com.br\/portal\/?p=48723#primaryimage"},"image":{"@id":"https:\/\/aconteceunovale.com.br\/portal\/?p=48723#primaryimage"},"thumbnailUrl":"https:\/\/aconteceunovale.com.br\/portal\/wp-content\/uploads\/2014\/12\/acidente_laranjal_25_12_1.jpg","datePublished":"2014-12-26T01:08:33+00:00","dateModified":"2014-12-26T01:16:10+00:00","author":{"@id":"https:\/\/aconteceunovale.com.br\/portal\/#\/schema\/person\/633529146f2c94272bef50ac2953d589"},"breadcrumb":{"@id":"https:\/\/aconteceunovale.com.br\/portal\/?p=48723#breadcrumb"},"inLanguage":"pt-BR","potentialAction":[{"@type":"ReadAction","target":["https:\/\/aconteceunovale.com.br\/portal\/?p=48723"]}]},{"@type":"ImageObject","inLanguage":"pt-BR","@id":"https:\/\/aconteceunovale.com.br\/portal\/?p=48723#primaryimage","url":"https:\/\/aconteceunovale.com.br\/portal\/wp-content\/uploads\/2014\/12\/acidente_laranjal_25_12_1.jpg","contentUrl":"https:\/\/aconteceunovale.com.br\/portal\/wp-content\/uploads\/2014\/12\/acidente_laranjal_25_12_1.jpg","width":620,"height":412},{"@type":"BreadcrumbList","@id":"https:\/\/aconteceunovale.com.br\/portal\/?p=48723#breadcrumb","itemListElement":[{"@type":"ListItem","position":1,"name":"In\u00edcio","item":"https:\/\/aconteceunovale.com.br\/portal\/"},{"@type":"ListItem","position":2,"name":"Acidente envolvendo carro que seguia de Te\u00f3filo Otoni para S\u00e3o Paulo deixa dois mortos na BR-116"}]},{"@type":"WebSite","@id":"https:\/\/aconteceunovale.com.br\/portal\/#website","url":"https:\/\/aconteceunovale.com.br\/portal\/","name":"Aconteceu no Vale","description":"Portal de Not\u00edcias","potentialAction":[{"@type":"SearchAction","target":{"@type":"EntryPoint","urlTemplate":"https:\/\/aconteceunovale.com.br\/portal\/?s={search_term_string}"},"query-input":{"@type":"PropertyValueSpecification","valueRequired":true,"valueName":"search_term_string"}}],"inLanguage":"pt-BR"},{"@type":"Person","@id":"https:\/\/aconteceunovale.com.br\/portal\/#\/schema\/person\/633529146f2c94272bef50ac2953d589","name":"Aconteceu no Vale","description":"Equipe de reportagem do Aconteceu no Vale, portal de not\u00edcias do Vale do Jequitinhonha, em Minas Gerais. Cobrimos as 51 cidades do Vale desde 2013. Sugest\u00f5es de pauta e pedidos de corre\u00e7\u00e3o: contato@aconteceunovale.com.br","sameAs":["http:\/\/www.aconteceunovale.com.br"],"url":"https:\/\/aconteceunovale.com.br\/portal\/?author=1"}]}},"_links":{"self":[{"href":"https:\/\/aconteceunovale.com.br\/portal\/index.php?rest_route=\/wp\/v2\/posts\/48723","targetHints":{"allow":["GET"]}}],"collection":[{"href":"https:\/\/aconteceunovale.com.br\/portal\/index.php?rest_route=\/wp\/v2\/posts"}],"about":[{"href":"https:\/\/aconteceunovale.com.br\/portal\/index.php?rest_route=\/wp\/v2\/types\/post"}],"author":[{"embeddable":true,"href":"https:\/\/aconteceunovale.com.br\/portal\/index.php?rest_route=\/wp\/v2\/users\/1"}],"replies":[{"embeddable":true,"href":"https:\/\/aconteceunovale.com.br\/portal\/index.php?rest_route=%2Fwp%2Fv2%2Fcomments&post=48723"}],"version-history":[{"count":0,"href":"https:\/\/aconteceunovale.com.br\/portal\/index.php?rest_route=\/wp\/v2\/posts\/48723\/revisions"}],"wp:featuredmedia":[{"embeddable":true,"href":"https:\/\/aconteceunovale.com.br\/portal\/index.php?rest_route=\/wp\/v2\/media\/48724"}],"wp:attachment":[{"href":"https:\/\/aconteceunovale.com.br\/portal\/index.php?rest_route=%2Fwp%2Fv2%2Fmedia&parent=48723"}],"wp:term":[{"taxonomy":"category","embeddable":true,"href":"https:\/\/aconteceunovale.com.br\/portal\/index.php?rest_route=%2Fwp%2Fv2%2Fcategories&post=48723"},{"taxonomy":"post_tag","embeddable":true,"href":"https:\/\/aconteceunovale.com.br\/portal\/index.php?rest_route=%2Fwp%2Fv2%2Ftags&post=48723"}],"curies":[{"name":"wp","href":"https:\/\/api.w.org\/{rel}","templated":true}]}}