{"id":48715,"date":"2014-12-25T21:26:39","date_gmt":"2014-12-26T00:26:39","guid":{"rendered":"http:\/\/aconteceunovale.com.br\/portal\/?p=48715"},"modified":"2014-12-25T21:26:39","modified_gmt":"2014-12-26T00:26:39","slug":"briga-entre-casais-termina-com-um-homem-ferido-em-governador-valadares","status":"publish","type":"post","link":"https:\/\/aconteceunovale.com.br\/portal\/?p=48715","title":{"rendered":"Briga entre casais termina com um homem ferido em Governador Valadares"},"content":{"rendered":"<h4><strong><em>Casais se encontraram no do Pico da Ibituruna onde teve in\u00edcio a confus\u00e3o. Ainda n\u00e3o se sabe se o homem foi empurrado ou se desequilibrou e caiu.<\/em><\/strong><\/h4>\n<p>Uma briga envolvendo dois casais na tarde desta quinta-feira (25), em Governador Valadares, no Leste de Minas Gerais, deixou uma pessoa ferida. Os casais se encontraram no alto do Pico da Ibituruna onde teve in\u00edcio a confus\u00e3o.<\/p>\n<p>Testemunhas n\u00e3o quiseram gravar entrevista, mas disseram ao Corpo de Bombeiros que a v\u00edtima e a mulher faziam um passeio no alto do pico. Um casal encontrou outras duas pessoas, uma delas, o ex-marido da atual mulher da v\u00edtima. Na sequ\u00eancia, aconteceu uma briga entre dois homens.<\/p>\n<p>Um deles saiu correndo por uma estrada que fica atr\u00e1s de uma das rampas de decolagem de voo livre. Momentos depois ele foi encontrado em um ponto onde a mata \u00e9 fechada e de dif\u00edcil acesso. N\u00e3o se sabe ainda se o rapaz foi empurrado ou se desequilibrou e caiu enquanto corria.<\/p>\n<p>Dez militares do Corpo de Bombeiros participaram do resgate que contou a ajuda de volunt\u00e1rios.  No momento do resgate havia a suspeita de que o homem de 26 anos tivesse fraturado uma das pernas ap\u00f3s a queda. Ele foi encaminhado ao hospital municipal, mas ainda n\u00e3o h\u00e1 informa\u00e7\u00f5es sobre seu estado de sa\u00fade.<\/p>\n<p><img decoding=\"async\" src=\"http:\/\/aconteceunovale.com.br\/portal\/wp-content\/uploads\/2014\/12\/briga_casais_gv.jpg\" alt=\"\" \/><em>Homem foi socorrido pelo Corpo de Bombeiros e encaminhado para o HM &#8211; Foto: Inter TV dos Vales<\/em><br \/>\n<\/br><\/p>\n<p><strong><em>(Inter TV dos Vales)<\/em><\/strong><\/p>\n","protected":false},"excerpt":{"rendered":"<p>Casais se encontraram no do Pico da Ibituruna onde teve in\u00edcio a confus\u00e3o. Ainda n\u00e3o se sabe se o homem foi empurrado ou se desequilibrou e caiu. Uma briga envolvendo dois casais na tarde desta quinta-feira (25), em Governador Valadares, no Leste de Minas Gerais, deixou uma pessoa ferida. Os casais se encontraram no alto [&hellip;]<\/p>\n","protected":false},"author":1,"featured_media":48716,"comment_status":"open","ping_status":"closed","sticky":false,"template":"","format":"standard","meta":{"amp_status":"","footnotes":""},"categories":[121],"tags":[27952,247],"class_list":["post-48715","post","type-post","status-publish","format-standard","has-post-thumbnail","hentry","category-leste","tag-briga-entre-casais-termina-com-um-homem-ferido-em-governador-valadares","tag-governador-valadares"],"_links":{"self":[{"href":"https:\/\/aconteceunovale.com.br\/portal\/index.php?rest_route=\/wp\/v2\/posts\/48715","targetHints":{"allow":["GET"]}}],"collection":[{"href":"https:\/\/aconteceunovale.com.br\/portal\/index.php?rest_route=\/wp\/v2\/posts"}],"about":[{"href":"https:\/\/aconteceunovale.com.br\/portal\/index.php?rest_route=\/wp\/v2\/types\/post"}],"author":[{"embeddable":true,"href":"https:\/\/aconteceunovale.com.br\/portal\/index.php?rest_route=\/wp\/v2\/users\/1"}],"replies":[{"embeddable":true,"href":"https:\/\/aconteceunovale.com.br\/portal\/index.php?rest_route=%2Fwp%2Fv2%2Fcomments&post=48715"}],"version-history":[{"count":0,"href":"https:\/\/aconteceunovale.com.br\/portal\/index.php?rest_route=\/wp\/v2\/posts\/48715\/revisions"}],"wp:featuredmedia":[{"embeddable":true,"href":"https:\/\/aconteceunovale.com.br\/portal\/index.php?rest_route=\/wp\/v2\/media\/48716"}],"wp:attachment":[{"href":"https:\/\/aconteceunovale.com.br\/portal\/index.php?rest_route=%2Fwp%2Fv2%2Fmedia&parent=48715"}],"wp:term":[{"taxonomy":"category","embeddable":true,"href":"https:\/\/aconteceunovale.com.br\/portal\/index.php?rest_route=%2Fwp%2Fv2%2Fcategories&post=48715"},{"taxonomy":"post_tag","embeddable":true,"href":"https:\/\/aconteceunovale.com.br\/portal\/index.php?rest_route=%2Fwp%2Fv2%2Ftags&post=48715"}],"curies":[{"name":"wp","href":"https:\/\/api.w.org\/{rel}","templated":true}]}}