{"id":48707,"date":"2014-12-25T15:05:22","date_gmt":"2014-12-25T18:05:22","guid":{"rendered":"http:\/\/aconteceunovale.com.br\/portal\/?p=48707"},"modified":"2014-12-25T15:06:08","modified_gmt":"2014-12-25T18:06:08","slug":"conta-de-agua-ficara-quase-19-mais-cara-em-governador-valadares","status":"publish","type":"post","link":"https:\/\/aconteceunovale.com.br\/portal\/?p=48707","title":{"rendered":"Conta de \u00e1gua ficar\u00e1 quase 19% mais cara em Governador Valadares"},"content":{"rendered":"<h4><strong><em>Tarifa de \u00e1gua e esgoto ter\u00e1 reajuste de 18,81% em 2015. Populares cobram posicionamento dos vereadores da cidade.<\/em><\/strong><\/h4>\n<p>O projeto da Prefeitura que aumenta em quase 19% o valor da taxa de \u00e1gua e esgoto cobrada pelo Servi\u00e7o Aut\u00f4nomo de \u00c1gua e Esgoto (SAAE) foi aprovado pela C\u00e2mara de Governador Valadares, no Vale do Rio Doce, e est\u00e1 causando pol\u00eamica na cidade.<\/p>\n<p>A popula\u00e7\u00e3o n\u00e3o aceita o aumento e cobra um posicionamento dos vereadores que votaram favor\u00e1veis ao projeto do Executivo. O reajuste real na conta de \u00e1gua ser\u00e1 de 18,81%.<\/p>\n<p>\u201cA gente j\u00e1 sofre com tantas contas e obriga\u00e7\u00f5es no fim do m\u00eas e a\u00ed surge um projeto que ao inv\u00e9s de beneficiar a popula\u00e7\u00e3o vai aumentar as nossas despesas ao final de cada m\u00eas. Ser\u00e1 que esse aumento tinha que ser t\u00e3o alto? N\u00e3o poderia ter um reajuste menor?\u201d, questiona a professora Marisa Cl\u00e1udia Ramos.<\/p>\n<p><img decoding=\"async\" src=\"http:\/\/aconteceunovale.com.br\/portal\/wp-content\/uploads\/2014\/05\/governador_valadares_plantao_regionalizado.jpg\" alt=\"\" \/><em>Conta de \u00e1gua ser\u00e1 18,81% mais cara a partir de 2015 em Governador Valadares &#8211; Foto: Reprodu\u00e7\u00e3o<\/em><br \/>\n<\/br><\/p>\n<p>Na reuni\u00e3o de segunda-feira (22), os parlamentares apresentaram suas justificativas em defesa e contra o aumento, mas por 11 votos a 8 a maioria decidiu pelo reajuste. Gl\u00eadston Guet\u00e3o (PT), que \u00e9 l\u00edder de governo na c\u00e2mara, Padre Paulo (PT), Levi Vieira (PMN), Sargento Ramalho (PTB), Pastora Eliane (DEM), Doutor Marc\u00edlio (PMDB), Cezinha Alvarenga (PRB), Milvinho e Zangado (PROS), Ananias Camel\u00f4 (PSB) e Jos\u00e9 Iderlan (PPS) foram os vereadores que aprovaram o aumento.<\/p>\n<p>Doutor Luciano e Chiquinho (PSDB), Adauto Carteiro e Robinho Mifarreg (PROS), Paulinho Costa (PDT), Iracy de Matos (SDD), Leonardo Gl\u00f3ria e Pedro da Utilar (PSD) foram contra o reajuste na conta de \u00e1gua. O vereador Ricardo Assun\u00e7\u00e3o (PTB) estava viajando e n\u00e3o participou da vota\u00e7\u00e3o.<\/p>\n<p>No documento enviado ao Legislativo pela prefeita Elisa Costa a justificativa do projeto diz que a altera\u00e7\u00e3o \u201cse faz necess\u00e1ria, em virtude da necessidade de melhor adequa\u00e7\u00e3o dos valores apurados e proporcionar condi\u00e7\u00f5es de um servi\u00e7o de qualidade a todos os mun\u00edcipes\u201d.<\/p>\n<p>\u201cN\u00e3o concordo com esse aumento, achei abusivo e ficaremos atentos. Se este reajuste for para melhorar a qualidade do servi\u00e7o prestado, vai ter que ser acompanhado de perto pela popula\u00e7\u00e3o porque o servi\u00e7o que temos hoje est\u00e1 longe do ideal. Ent\u00e3o, vamos aguardar para ver se essa melhoria vem mesmo\u201d, reclama o motorista Jackson Neiva.<\/p>\n<p>O l\u00edder da bancada governista na C\u00e2mara, Gl\u00eadston Guet\u00e3o, defendeu o projeto que reajusta o valor da conta de \u00e1gua. \u201cS\u00e3o 18% de reajuste, que \u00e9 uma recomposi\u00e7\u00e3o que n\u00e3o t\u00ednhamos desde 2006. Al\u00e9m disso, todo o chumbo, produtos qu\u00edmicos e outros materiais usados pelo Saae subiram 30%, 40% e at\u00e9 60%. Mesmo com esse aumento, a conta de \u00e1gua do Saae continua mais barata que a da COPASA. Ent\u00e3o, considero o projeto justo\u201d, disse o vereador.<\/p>\n<p><strong><em>(Inter TV dos Vales)<\/em><\/strong><\/p>\n","protected":false},"excerpt":{"rendered":"<p>Tarifa de \u00e1gua e esgoto ter\u00e1 reajuste de 18,81% em 2015. Populares cobram posicionamento dos vereadores da cidade. O projeto da Prefeitura que aumenta em quase 19% o valor da taxa de \u00e1gua e esgoto cobrada pelo Servi\u00e7o Aut\u00f4nomo de \u00c1gua e Esgoto (SAAE) foi aprovado pela C\u00e2mara de Governador Valadares, no Vale do Rio [&hellip;]<\/p>\n","protected":false},"author":1,"featured_media":29763,"comment_status":"open","ping_status":"closed","sticky":false,"template":"","format":"standard","meta":{"amp_status":"","footnotes":""},"categories":[121],"tags":[27934,27930,27927,27933,27920,27932,27926,1886,27921,247,27937,27931,27938,27923,27928,27922,27925,27936,27939,27935,27924,27941,27929],"class_list":["post-48707","post","type-post","status-publish","format-standard","has-post-thumbnail","hentry","category-leste","tag-adauto-carteiro","tag-ananias-camelo","tag-cezinha-alvarenga","tag-chiquinho","tag-conta-de-agua-ficara-quase-19-mais-cara-em-governador-valadares","tag-doutor-luciano","tag-doutor-marcilio","tag-elisa-costa","tag-gledston-guetao","tag-governador-valadares","tag-iracy-de-matos","tag-jose-iderlan","tag-leonardo-gloria","tag-levi-vieira","tag-milvinho","tag-padre-paulo","tag-pastora-eliane","tag-paulinho-costa","tag-pedro-da-utilar","tag-robinho-mifarreg","tag-sargento-ramalho","tag-vereadores-que-votaram-a-favor-do-aumento-na-conta-de-agua-em-governador-valadares","tag-zangado"],"_links":{"self":[{"href":"https:\/\/aconteceunovale.com.br\/portal\/index.php?rest_route=\/wp\/v2\/posts\/48707","targetHints":{"allow":["GET"]}}],"collection":[{"href":"https:\/\/aconteceunovale.com.br\/portal\/index.php?rest_route=\/wp\/v2\/posts"}],"about":[{"href":"https:\/\/aconteceunovale.com.br\/portal\/index.php?rest_route=\/wp\/v2\/types\/post"}],"author":[{"embeddable":true,"href":"https:\/\/aconteceunovale.com.br\/portal\/index.php?rest_route=\/wp\/v2\/users\/1"}],"replies":[{"embeddable":true,"href":"https:\/\/aconteceunovale.com.br\/portal\/index.php?rest_route=%2Fwp%2Fv2%2Fcomments&post=48707"}],"version-history":[{"count":0,"href":"https:\/\/aconteceunovale.com.br\/portal\/index.php?rest_route=\/wp\/v2\/posts\/48707\/revisions"}],"wp:featuredmedia":[{"embeddable":true,"href":"https:\/\/aconteceunovale.com.br\/portal\/index.php?rest_route=\/wp\/v2\/media\/29763"}],"wp:attachment":[{"href":"https:\/\/aconteceunovale.com.br\/portal\/index.php?rest_route=%2Fwp%2Fv2%2Fmedia&parent=48707"}],"wp:term":[{"taxonomy":"category","embeddable":true,"href":"https:\/\/aconteceunovale.com.br\/portal\/index.php?rest_route=%2Fwp%2Fv2%2Fcategories&post=48707"},{"taxonomy":"post_tag","embeddable":true,"href":"https:\/\/aconteceunovale.com.br\/portal\/index.php?rest_route=%2Fwp%2Fv2%2Ftags&post=48707"}],"curies":[{"name":"wp","href":"https:\/\/api.w.org\/{rel}","templated":true}]}}