{"id":48699,"date":"2014-12-24T20:30:14","date_gmt":"2014-12-24T23:30:14","guid":{"rendered":"http:\/\/aconteceunovale.com.br\/portal\/?p=48699"},"modified":"2014-12-24T20:34:07","modified_gmt":"2014-12-24T23:34:07","slug":"policia-militar-distribui-lembrancas-de-natal-para-criancas-carentes-de-serra-azul-de-minas","status":"publish","type":"post","link":"https:\/\/aconteceunovale.com.br\/portal\/?p=48699","title":{"rendered":"Pol\u00edcia Militar distribui lembran\u00e7as de natal para crian\u00e7as carentes de Serra Azul de Minas"},"content":{"rendered":"<h4><strong><em>270 lembran\u00e7as natalinas foram distribu\u00eddas para crian\u00e7as carentes do munic\u00edpio. A\u00e7\u00e3o serve para aproximar a popula\u00e7\u00e3o com a Pol\u00edcia Militar.<\/em><\/strong><\/h4>\n<p>Proporcionar momentos de alegria para centenas de crian\u00e7as carentes do munic\u00edpio. Esse foi um dos principais objetivos de uma a\u00e7\u00e3o de militares do destacamento de Serra Azul de Minas, com apoio do Conselho Tutelar, realizada nessa ter\u00e7a-feira, 23 de dezembro. <\/p>\n<p>Uma guarni\u00e7\u00e3o, composta pelos Sargentos Lopes e Oliveira e os Soldados Igor e Bruno, distribuiu 270 lembran\u00e7as de natal. De acordo com o Sargento Lopes, a a\u00e7\u00e3o tamb\u00e9m serve para aproximar a popula\u00e7\u00e3o com a corpora\u00e7\u00e3o. &#8220;A a\u00e7\u00e3o preventiva \u00e9 uma forma de aproximar a popula\u00e7\u00e3o com a Pol\u00edcia Militar, principalmente as crian\u00e7as, que passam a ver o policial como uma refer\u00eancia.&#8221;<\/p>\n<p>O trabalho desempenhado pelos militares foi elogiado pela popula\u00e7\u00e3o e autoridades do munic\u00edpio. Ainda segundo Lopes, o destacamento de Serra Azul de Minas tem desenvolvido o policiamento com a aproxima\u00e7\u00e3o com a comunidade em um trabalho de logo prazo. Desta forma os moradores desenvolver\u00e3o confian\u00e7a e coopera\u00e7\u00e3o.<\/p>\n<p><img decoding=\"async\" src=\"http:\/\/aconteceunovale.com.br\/portal\/wp-content\/uploads\/2014\/12\/natal_serra_azul_pm_1.jpg\" alt=\"\" \/><img decoding=\"async\" src=\"http:\/\/aconteceunovale.com.br\/portal\/wp-content\/uploads\/2014\/12\/natal_serra_azul_pm_2.jpg\" alt=\"\" \/><img decoding=\"async\" src=\"http:\/\/aconteceunovale.com.br\/portal\/wp-content\/uploads\/2014\/12\/natal_serra_azul_pm_3.jpg\" alt=\"\" \/><img decoding=\"async\" src=\"http:\/\/aconteceunovale.com.br\/portal\/wp-content\/uploads\/2014\/12\/natal_serra_azul_pm_4.jpg\" alt=\"\" \/><img decoding=\"async\" src=\"http:\/\/aconteceunovale.com.br\/portal\/wp-content\/uploads\/2014\/12\/natal_serra_azul_pm_5.jpg\" alt=\"\" \/><img decoding=\"async\" src=\"http:\/\/aconteceunovale.com.br\/portal\/wp-content\/uploads\/2014\/12\/natal_serra_azul_pm_6.jpg\" alt=\"\" \/><em>Fotos e informa\u00e7\u00f5es da Pol\u00edcia Militar de Serra Azul de Minas<\/em><\/p>\n","protected":false},"excerpt":{"rendered":"<p>270 lembran\u00e7as natalinas foram distribu\u00eddas para crian\u00e7as carentes do munic\u00edpio. A\u00e7\u00e3o serve para aproximar a popula\u00e7\u00e3o com a Pol\u00edcia Militar. Proporcionar momentos de alegria para centenas de crian\u00e7as carentes do munic\u00edpio. Esse foi um dos principais objetivos de uma a\u00e7\u00e3o de militares do destacamento de Serra Azul de Minas, com apoio do Conselho Tutelar, realizada [&hellip;]<\/p>\n","protected":false},"author":1,"featured_media":48700,"comment_status":"open","ping_status":"closed","sticky":false,"template":"","format":"standard","meta":{"amp_status":"","footnotes":""},"categories":[123],"tags":[27919,327],"class_list":["post-48699","post","type-post","status-publish","format-standard","has-post-thumbnail","hentry","category-gerais","tag-policia-militar-distribui-lembrancas-de-natal-para-criancas-carentes-de-serra-azul-de-minas","tag-serra-azul-de-minas"],"_links":{"self":[{"href":"https:\/\/aconteceunovale.com.br\/portal\/index.php?rest_route=\/wp\/v2\/posts\/48699","targetHints":{"allow":["GET"]}}],"collection":[{"href":"https:\/\/aconteceunovale.com.br\/portal\/index.php?rest_route=\/wp\/v2\/posts"}],"about":[{"href":"https:\/\/aconteceunovale.com.br\/portal\/index.php?rest_route=\/wp\/v2\/types\/post"}],"author":[{"embeddable":true,"href":"https:\/\/aconteceunovale.com.br\/portal\/index.php?rest_route=\/wp\/v2\/users\/1"}],"replies":[{"embeddable":true,"href":"https:\/\/aconteceunovale.com.br\/portal\/index.php?rest_route=%2Fwp%2Fv2%2Fcomments&post=48699"}],"version-history":[{"count":0,"href":"https:\/\/aconteceunovale.com.br\/portal\/index.php?rest_route=\/wp\/v2\/posts\/48699\/revisions"}],"wp:featuredmedia":[{"embeddable":true,"href":"https:\/\/aconteceunovale.com.br\/portal\/index.php?rest_route=\/wp\/v2\/media\/48700"}],"wp:attachment":[{"href":"https:\/\/aconteceunovale.com.br\/portal\/index.php?rest_route=%2Fwp%2Fv2%2Fmedia&parent=48699"}],"wp:term":[{"taxonomy":"category","embeddable":true,"href":"https:\/\/aconteceunovale.com.br\/portal\/index.php?rest_route=%2Fwp%2Fv2%2Fcategories&post=48699"},{"taxonomy":"post_tag","embeddable":true,"href":"https:\/\/aconteceunovale.com.br\/portal\/index.php?rest_route=%2Fwp%2Fv2%2Ftags&post=48699"}],"curies":[{"name":"wp","href":"https:\/\/api.w.org\/{rel}","templated":true}]}}