{"id":48693,"date":"2014-12-24T20:00:27","date_gmt":"2014-12-24T23:00:27","guid":{"rendered":"http:\/\/aconteceunovale.com.br\/portal\/?p=48693"},"modified":"2014-12-24T20:00:27","modified_gmt":"2014-12-24T23:00:27","slug":"foragido-da-justica-por-trafico-de-drogas-e-preso-em-coronel-fabriciano","status":"publish","type":"post","link":"https:\/\/aconteceunovale.com.br\/portal\/?p=48693","title":{"rendered":"Foragido da justi\u00e7a por tr\u00e1fico de drogas \u00e9 preso em Coronel Fabriciano"},"content":{"rendered":"<h4><strong><em>Judson Alves tinha um mandado de pris\u00e3o em aberto. Ele foi preso pr\u00f3ximo a um bar no bairro S\u00edlvio Pereira II.<\/em><\/strong><\/h4>\n<p>Judson Alves Teixeira, de 24 anos, que estava foragido da justi\u00e7a, foi preso na tarde desta quarta-feira (24), no bairro S\u00edlvio Pereira II, em Coronel Fabriciano, no Vale do A\u00e7o. De acordo com a Pol\u00edcia Militar, ele tinha um mandado de pris\u00e3o por tr\u00e1fico de drogas em aberto expedido no dia 9 de dezembro.<\/p>\n<p>Ainda segundo informa\u00e7\u00f5es da PM, os militares realizavam um patrulhamento de rotina  quando avistaram Judson pr\u00f3ximo a um bar. Ele foi abordado e ap\u00f3s uma busca no sistema informatizado da pol\u00edcia, os militares tomaram conhecimento que ele era um foragido da justi\u00e7a.<\/p>\n<p>Ele foi preso e encaminhado para o 58\u00ba BPM Batalh\u00e3o da Pol\u00edcia Militar em Coronel Fabriciano.<\/p>\n<p><img decoding=\"async\" src=\"http:\/\/aconteceunovale.com.br\/portal\/wp-content\/uploads\/2014\/12\/foragido_fabriciano.jpg\" alt=\"\" \/><em>Judson Alves era procurado por tr\u00e1fico de drogas (Foto: Wilkson Tarres\/G1)<\/em><br \/>\n<\/br><\/p>\n<p><strong><em>(Inter TV dos Vales)<\/em><\/strong><\/p>\n","protected":false},"excerpt":{"rendered":"<p>Judson Alves tinha um mandado de pris\u00e3o em aberto. Ele foi preso pr\u00f3ximo a um bar no bairro S\u00edlvio Pereira II. Judson Alves Teixeira, de 24 anos, que estava foragido da justi\u00e7a, foi preso na tarde desta quarta-feira (24), no bairro S\u00edlvio Pereira II, em Coronel Fabriciano, no Vale do A\u00e7o. De acordo com a [&hellip;]<\/p>\n","protected":false},"author":1,"featured_media":48694,"comment_status":"open","ping_status":"closed","sticky":false,"template":"","format":"standard","meta":{"amp_status":"","footnotes":""},"categories":[121],"tags":[1524,27917,27916],"class_list":["post-48693","post","type-post","status-publish","format-standard","has-post-thumbnail","hentry","category-leste","tag-coronel-fabriciano","tag-foragido-da-justica-por-trafico-de-drogas-e-preso-em-coronel-fabriciano","tag-judson-alves-teixeira"],"_links":{"self":[{"href":"https:\/\/aconteceunovale.com.br\/portal\/index.php?rest_route=\/wp\/v2\/posts\/48693","targetHints":{"allow":["GET"]}}],"collection":[{"href":"https:\/\/aconteceunovale.com.br\/portal\/index.php?rest_route=\/wp\/v2\/posts"}],"about":[{"href":"https:\/\/aconteceunovale.com.br\/portal\/index.php?rest_route=\/wp\/v2\/types\/post"}],"author":[{"embeddable":true,"href":"https:\/\/aconteceunovale.com.br\/portal\/index.php?rest_route=\/wp\/v2\/users\/1"}],"replies":[{"embeddable":true,"href":"https:\/\/aconteceunovale.com.br\/portal\/index.php?rest_route=%2Fwp%2Fv2%2Fcomments&post=48693"}],"version-history":[{"count":0,"href":"https:\/\/aconteceunovale.com.br\/portal\/index.php?rest_route=\/wp\/v2\/posts\/48693\/revisions"}],"wp:featuredmedia":[{"embeddable":true,"href":"https:\/\/aconteceunovale.com.br\/portal\/index.php?rest_route=\/wp\/v2\/media\/48694"}],"wp:attachment":[{"href":"https:\/\/aconteceunovale.com.br\/portal\/index.php?rest_route=%2Fwp%2Fv2%2Fmedia&parent=48693"}],"wp:term":[{"taxonomy":"category","embeddable":true,"href":"https:\/\/aconteceunovale.com.br\/portal\/index.php?rest_route=%2Fwp%2Fv2%2Fcategories&post=48693"},{"taxonomy":"post_tag","embeddable":true,"href":"https:\/\/aconteceunovale.com.br\/portal\/index.php?rest_route=%2Fwp%2Fv2%2Ftags&post=48693"}],"curies":[{"name":"wp","href":"https:\/\/api.w.org\/{rel}","templated":true}]}}