{"id":48674,"date":"2014-12-23T22:06:36","date_gmt":"2014-12-24T01:06:36","guid":{"rendered":"http:\/\/aconteceunovale.com.br\/portal\/?p=48674"},"modified":"2014-12-23T22:07:21","modified_gmt":"2014-12-24T01:07:21","slug":"policia-militar-prende-dois-suspeitos-de-trafico-de-drogas-em-turmalina","status":"publish","type":"post","link":"https:\/\/aconteceunovale.com.br\/portal\/?p=48674","title":{"rendered":"Pol\u00edcia Militar prende dois suspeitos de tr\u00e1fico de drogas em Turmalina"},"content":{"rendered":"<h4><strong><em>Suspeitos foram presos na Pra\u00e7a do Cruzeiro, no Bairro S\u00e3o Jo\u00e3o Batista. Um carro e uma moto foram apreendidos.<\/em><\/strong><\/h4>\n<p>Dois homens foram presos no in\u00edcio da noite desta ter\u00e7a-feira, 23 de dezembro, por suspeita de tr\u00e1fico de drogas em Turmalina, no Vale do Jequitinhonha. Quantidade de maconha e dois ve\u00edculos foram apreendidos pelos militares.<\/p>\n<p><img decoding=\"async\" src=\"http:\/\/aconteceunovale.com.br\/portal\/wp-content\/uploads\/2014\/12\/apreensao_turmalina_23_12_1.jpg\" alt=\"\" \/><em>Um carro e uma moto foram apreendidos &#8211; Foto: Divulga\u00e7\u00e3o\/Pol\u00edcia Militar de Turmalina<\/em><br \/>\n<\/br><\/p>\n<p>De acordo com informa\u00e7\u00f5es da Pol\u00edcia Militar, ap\u00f3s o recebimento de uma den\u00fancia an\u00f4nima dando conta de que dois indiv\u00edduos estariam traficando drogas na no Bairro S\u00e3o Jo\u00e3o Batista, uma guarni\u00e7\u00e3o, composta pelo Cabo M\u00e1rcio e os Soldados Cordeiro e Gandra, deslocou at\u00e9 a Pra\u00e7a do Cruzeiro, onde avistaram os autores D.A.V, de 24 anos, que estava em um carro, e R.L.S, de 35 anos que estava em uma motocicleta.<\/p>\n<p>Durante as buscas, os militares encontraram com o suspeito D.A.V, um inv\u00f3lucro contendo maconha e um cigarro da mesma subst\u00e2ncia, pronto para uso.<\/p>\n<p>Diante dos fatos, os autores foram presos em flagrante delito e encaminhados \u00e0 Delegacia de Plant\u00e3o para demais provid\u00eancias. Os ve\u00edculos foram rebocados e encaminhados para um p\u00e1tio credenciado.<\/p>\n<p><img decoding=\"async\" src=\"http:\/\/aconteceunovale.com.br\/portal\/wp-content\/uploads\/2014\/12\/apreensao_turmalina_23_12_2.jpg\" alt=\"\" \/><em>Material il\u00edcito estava com um dos autores &#8211; Foto: Divulga\u00e7\u00e3o\/Pol\u00edcia Militar de Turmalina<\/em><\/p>\n","protected":false},"excerpt":{"rendered":"<p>Suspeitos foram presos na Pra\u00e7a do Cruzeiro, no Bairro S\u00e3o Jo\u00e3o Batista. Um carro e uma moto foram apreendidos. Dois homens foram presos no in\u00edcio da noite desta ter\u00e7a-feira, 23 de dezembro, por suspeita de tr\u00e1fico de drogas em Turmalina, no Vale do Jequitinhonha. Quantidade de maconha e dois ve\u00edculos foram apreendidos pelos militares. Um [&hellip;]<\/p>\n","protected":false},"author":1,"featured_media":48675,"comment_status":"open","ping_status":"closed","sticky":false,"template":"","format":"standard","meta":{"amp_status":"","footnotes":""},"categories":[120],"tags":[27886,178],"class_list":["post-48674","post","type-post","status-publish","format-standard","has-post-thumbnail","hentry","category-jequi","tag-policia-militar-prende-dois-suspeitos-de-trafico-de-drogas-em-turmalina","tag-turmalina"],"_links":{"self":[{"href":"https:\/\/aconteceunovale.com.br\/portal\/index.php?rest_route=\/wp\/v2\/posts\/48674","targetHints":{"allow":["GET"]}}],"collection":[{"href":"https:\/\/aconteceunovale.com.br\/portal\/index.php?rest_route=\/wp\/v2\/posts"}],"about":[{"href":"https:\/\/aconteceunovale.com.br\/portal\/index.php?rest_route=\/wp\/v2\/types\/post"}],"author":[{"embeddable":true,"href":"https:\/\/aconteceunovale.com.br\/portal\/index.php?rest_route=\/wp\/v2\/users\/1"}],"replies":[{"embeddable":true,"href":"https:\/\/aconteceunovale.com.br\/portal\/index.php?rest_route=%2Fwp%2Fv2%2Fcomments&post=48674"}],"version-history":[{"count":0,"href":"https:\/\/aconteceunovale.com.br\/portal\/index.php?rest_route=\/wp\/v2\/posts\/48674\/revisions"}],"wp:featuredmedia":[{"embeddable":true,"href":"https:\/\/aconteceunovale.com.br\/portal\/index.php?rest_route=\/wp\/v2\/media\/48675"}],"wp:attachment":[{"href":"https:\/\/aconteceunovale.com.br\/portal\/index.php?rest_route=%2Fwp%2Fv2%2Fmedia&parent=48674"}],"wp:term":[{"taxonomy":"category","embeddable":true,"href":"https:\/\/aconteceunovale.com.br\/portal\/index.php?rest_route=%2Fwp%2Fv2%2Fcategories&post=48674"},{"taxonomy":"post_tag","embeddable":true,"href":"https:\/\/aconteceunovale.com.br\/portal\/index.php?rest_route=%2Fwp%2Fv2%2Ftags&post=48674"}],"curies":[{"name":"wp","href":"https:\/\/api.w.org\/{rel}","templated":true}]}}