{"id":48668,"date":"2014-12-23T21:48:11","date_gmt":"2014-12-24T00:48:11","guid":{"rendered":"http:\/\/aconteceunovale.com.br\/portal\/?p=48668"},"modified":"2014-12-23T21:49:02","modified_gmt":"2014-12-24T00:49:02","slug":"homem-e-morto-em-troca-de-tiros-com-a-policia-militar-em-governador-valadares","status":"publish","type":"post","link":"https:\/\/aconteceunovale.com.br\/portal\/?p=48668","title":{"rendered":"Homem morre em troca de tiros com a Pol\u00edcia Militar em Governador Valadares"},"content":{"rendered":"<h4><strong><em>Ele era fugitivo da penitenci\u00e1ria Francisco Floriano de Paula, segundo a PM. Contra ele havia ainda um mandado de pris\u00e3o em aberto.<\/em><\/strong><\/h4>\n<p>Uma troca de tiros na tarde desta ter\u00e7a-feira (23) entre uma equipe da Pol\u00edcia Militar e um homem de 33 anos, foragido da Justi\u00e7a, resultou em morte, na Rua Manoel Byrro, no Bairro Vila Bretas, em Governador Valadares.<\/p>\n<p><img decoding=\"async\" src=\"http:\/\/aconteceunovale.com.br\/portal\/wp-content\/uploads\/2014\/12\/morre_troca_de_tiros_gv_1.jpg\" alt=\"\" \/><em>Segundo a PM, v\u00edtima era foragida da Justi\u00e7a desde setembro deste ano (Foto: P\u00e1gina GV Alerta)<\/em><br \/>\n<\/br><\/p>\n<p>Segundo informa\u00e7\u00f5es da Pol\u00edcia Militar, Jos\u00e9 Israel Ramos Generoso era condenado e foragido da Justi\u00e7a desde setembro de 2014. Contra ele havia ainda um mandado de pris\u00e3o em aberto. A PM informou que a v\u00edtima cometeu um assalto na Rua Maranh\u00e3o no Bairro de Lourdes, e durante a fuga atirou contra a PM.<\/p>\n<p>\u201cA pol\u00edcia deu ordem de parada e ele desobedeceu. Houve persegui\u00e7\u00e3o e em dado momento ele se virou e atirou contra a guarni\u00e7\u00e3o da pol\u00edcia que revidou. Infelizmente o tiro foi certeiro e a v\u00edtima veio a falecer.\u201d, contou o Major Ryan Figueiredo.<\/p>\n<p>A Pol\u00edcia Militar disse que o caso ser\u00e1 investigado. \u201cPosteriormente ser\u00e1 tomada a decis\u00e3o final, sobre a conduta que a Pol\u00edcia Militar vai adotar em rela\u00e7\u00e3o ao fato. Ser\u00e1 feito um boletim de Ocorr\u00eancia para que as provid\u00eancias sejam tomadas, tanto em rela\u00e7\u00e3o a morte da v\u00edtima, quanto em rela\u00e7\u00e3o a tentativa de homic\u00eddio contra o policial militar e tamb\u00e9m em rela\u00e7\u00e3o ao assalto praticado anteriormente.\u201d, disse o major.<\/p>\n<p><img decoding=\"async\" src=\"http:\/\/aconteceunovale.com.br\/portal\/wp-content\/uploads\/2014\/12\/morre_troca_de_tiros_gv_2.jpg\" alt=\"\" \/><em>Segundo a PM, v\u00edtima era foragida da Justi\u00e7a desde setembro deste ano (Foto: Whashington Rodrigues)<\/em><br \/>\n<\/br><\/p>\n<p><strong><em>(Inter TV dos Vales)<\/em><\/strong><\/p>\n","protected":false},"excerpt":{"rendered":"<p>Ele era fugitivo da penitenci\u00e1ria Francisco Floriano de Paula, segundo a PM. Contra ele havia ainda um mandado de pris\u00e3o em aberto. Uma troca de tiros na tarde desta ter\u00e7a-feira (23) entre uma equipe da Pol\u00edcia Militar e um homem de 33 anos, foragido da Justi\u00e7a, resultou em morte, na Rua Manoel Byrro, no Bairro [&hellip;]<\/p>\n","protected":false},"author":1,"featured_media":48669,"comment_status":"open","ping_status":"closed","sticky":false,"template":"","format":"standard","meta":{"amp_status":"","footnotes":""},"categories":[121],"tags":[247,27881,27885,27883,27882,27884],"class_list":["post-48668","post","type-post","status-publish","format-standard","has-post-thumbnail","hentry","category-leste","tag-governador-valadares","tag-homem-e-morto-em-troca-de-tiros-com-a-policia-militar-em-governador-valadares","tag-homem-morre-em-troca-de-tiros-com-a-policia-militar-em-governador-valadares","tag-homem-morto-pela-policia-em-governador-valadares","tag-jose-israel-ramos-generoso","tag-morto-em-troca-de-tiros-com-a-policia-militar-em-governador-valadares"],"_links":{"self":[{"href":"https:\/\/aconteceunovale.com.br\/portal\/index.php?rest_route=\/wp\/v2\/posts\/48668","targetHints":{"allow":["GET"]}}],"collection":[{"href":"https:\/\/aconteceunovale.com.br\/portal\/index.php?rest_route=\/wp\/v2\/posts"}],"about":[{"href":"https:\/\/aconteceunovale.com.br\/portal\/index.php?rest_route=\/wp\/v2\/types\/post"}],"author":[{"embeddable":true,"href":"https:\/\/aconteceunovale.com.br\/portal\/index.php?rest_route=\/wp\/v2\/users\/1"}],"replies":[{"embeddable":true,"href":"https:\/\/aconteceunovale.com.br\/portal\/index.php?rest_route=%2Fwp%2Fv2%2Fcomments&post=48668"}],"version-history":[{"count":0,"href":"https:\/\/aconteceunovale.com.br\/portal\/index.php?rest_route=\/wp\/v2\/posts\/48668\/revisions"}],"wp:featuredmedia":[{"embeddable":true,"href":"https:\/\/aconteceunovale.com.br\/portal\/index.php?rest_route=\/wp\/v2\/media\/48669"}],"wp:attachment":[{"href":"https:\/\/aconteceunovale.com.br\/portal\/index.php?rest_route=%2Fwp%2Fv2%2Fmedia&parent=48668"}],"wp:term":[{"taxonomy":"category","embeddable":true,"href":"https:\/\/aconteceunovale.com.br\/portal\/index.php?rest_route=%2Fwp%2Fv2%2Fcategories&post=48668"},{"taxonomy":"post_tag","embeddable":true,"href":"https:\/\/aconteceunovale.com.br\/portal\/index.php?rest_route=%2Fwp%2Fv2%2Ftags&post=48668"}],"curies":[{"name":"wp","href":"https:\/\/api.w.org\/{rel}","templated":true}]}}