{"id":48635,"date":"2014-12-23T18:52:02","date_gmt":"2014-12-23T21:52:02","guid":{"rendered":"http:\/\/aconteceunovale.com.br\/portal\/?p=48635"},"modified":"2014-12-23T18:52:02","modified_gmt":"2014-12-23T21:52:02","slug":"cemig-informa-sobre-funcionamento-das-agencias-e-previsao-do-tempo-no-natal","status":"publish","type":"post","link":"https:\/\/aconteceunovale.com.br\/portal\/?p=48635","title":{"rendered":"Cemig informa sobre funcionamento das ag\u00eancias e previs\u00e3o do tempo no Natal"},"content":{"rendered":"<h4><strong><em>Solicita\u00e7\u00f5es de servi\u00e7os e reclama\u00e7\u00f5es podem ser feitas pelo telefone, que funciona 24 horas por dia, ou pela Internet<\/em><\/strong><\/h4>\n<p>A Companhia Energ\u00e9tica de Minas Gerais (Cemig) informa que as ag\u00eancias de atendimento da v\u00e3o funcionar nesta quarta-feira (24\/12), v\u00e9spera de Natal, em meio per\u00edodo, das 8h \u00e0s 12h . Na quinta-feira (25\/12), n\u00e3o haver\u00e1 expediente nas ag\u00eancias da empresa. As ag\u00eancias e postos de atendimento da Cemig voltam a funcionar normalmente em todo o Estado na sexta-feira (26\/12), a partir das 8h, na capital, e 7h30, nos demais locais.<\/p>\n<p>Solicita\u00e7\u00f5es de servi\u00e7os e reclama\u00e7\u00f5es tamb\u00e9m podem ser feitas pelo Fale com a Cemig, no telefone 116 \u2013 que funciona 24 horas por dia. A Ag\u00eancia Virtual, dispon\u00edvel no site da Cemig (<a href=\"http:\/\/www.cemig.com.br\" target=\"_blank\">www.cemig.com.br<\/a>), tamb\u00e9m oferece diversos servi\u00e7os com conforto e seguran\u00e7a para os clientes da companhia.<\/p>\n<p>Pelo celular, tamb\u00e9m \u00e9 poss\u00edvel se comunicar com a Cemig pelo Cemig Torpedo, falta de energia, consultar \u00faltima fatura vencida n\u00e3o paga ou enviar leitura com mensagens de texto (SMS) para o n\u00famero 29810. O servi\u00e7o \u00e9 gratuito.<\/p>\n<h4>Previs\u00e3o do tempo<\/h4>\n<p>A Cemig informa que nestas quarta e quinta-feira, 24 e 25\/12, a converg\u00eancia de umidade do sul da Amaz\u00f4nia, aliada a atua\u00e7\u00e3o de uma frente fria, vai provocar chuvas em parte de Minas Gerais, mais especificamente no Tri\u00e2ngulo, Alto Parana\u00edba, Sul de Minas, Oeste e parte da Zona da Mata, com os maiores volumes ocorrendo na quarta-feira no Sul de Minas.<\/p>\n<p>Em Belo Horizonte e Regi\u00e3o Metropolitana, h\u00e1 previs\u00e3o de chuvas na v\u00e9spera e no Natal, com maior probabilidade de ocorr\u00eancia das chuvas no in\u00edcio da manh\u00e3 e final da tarde. Os maiores acumulados de chuva ocorrer\u00e3o no dia 24, que ter\u00e1 temperaturas variando entre 19 e 28\u00b0C, enquanto que no dia 25 as temperaturas variar\u00e3o entre 19 e 29\u00b0C.<\/p>\n<h4>Interior<\/h4>\n<p>Na quarta-feira, s\u00e3o previstas chuvas para todo o Estado, mas no Sul de Minas, Zona da Mata e Oeste ocorrer\u00e3o os maiores valores, com chuva a qualquer hora do dia. No Noroeste, Tri\u00e2ngulo e regi\u00e3o Central as chuvas tendem a ocorrer no in\u00edcio da manh\u00e3 e no final da tarde. No Norte de Minas e nos Vales do Jequitinhonha, Doce e Mucuri, as chuvas ocorrer\u00e3o isoladamente e a partir do meio da tarde em diante. As temperaturas ficar\u00e3o abaixo dos 30\u00b0C no Tri\u00e2ngulo, Sul, Oeste, Zona da Mata e na regi\u00e3o Central, enquanto que no Norte de Minas e Vales do Jequitinhonha e Mucuri as m\u00e1ximas ficar\u00e3o ligeiramente acima dos 30\u00b0C, mas no Vale do Rio Doce podem passar dos 34\u00b0C.<\/p>\n<h4>Litoral<\/h4>\n<p>O feriado dever\u00e1 ter c\u00e9u com muitas nuvens e chuvas a qualquer hora do dia no litoral do Rio de Janeiro e de S\u00e3o Paulo, mas nos litorais do Esp\u00edrito Santo e sul da Bahia n\u00e3o h\u00e1 previs\u00e3o de chuvas significativas, podendo ocorrer apenas pancadas r\u00e1pidas e isoladas. As temperaturas m\u00e1ximas ficar\u00e3o acima dos 32\u00b0C no Esp\u00edrito Santo e Bahia, ficando abaixo dos 28\u00b0C na maior parte do Rio de Janeiro e S\u00e3o Paulo.<\/p>\n<h4>Cidades hist\u00f3ricas<\/h4>\n<p>O feriado ser\u00e1 de temperaturas baixas e com chuvas em Tiradentes e S\u00e3o Jo\u00e3o Del Rei, onde as temperaturas m\u00e1ximas n\u00e3o devem passar dos 25\u00b0C. J\u00e1 em Ouro Preto e Mariana as chuvas ser\u00e3o de menor intensidade, com tend\u00eancia de ocorrerem no in\u00edcio da manh\u00e3 e final da tarde, mas as temperaturas podem passar dos 27\u00b0C. Em Diamantina n\u00e3o h\u00e1 previs\u00e3o de chuvas significativas e as temperaturas podem chegar aos 28\u00b0C.<\/p>\n","protected":false},"excerpt":{"rendered":"<p>Solicita\u00e7\u00f5es de servi\u00e7os e reclama\u00e7\u00f5es podem ser feitas pelo telefone, que funciona 24 horas por dia, ou pela Internet A Companhia Energ\u00e9tica de Minas Gerais (Cemig) informa que as ag\u00eancias de atendimento da v\u00e3o funcionar nesta quarta-feira (24\/12), v\u00e9spera de Natal, em meio per\u00edodo, das 8h \u00e0s 12h . Na quinta-feira (25\/12), n\u00e3o haver\u00e1 expediente [&hellip;]<\/p>\n","protected":false},"author":1,"featured_media":35562,"comment_status":"open","ping_status":"closed","sticky":false,"template":"","format":"standard","meta":{"amp_status":"","footnotes":""},"categories":[123],"tags":[27801,27803,27802,27806,27804,27805,27807],"class_list":["post-48635","post","type-post","status-publish","format-standard","has-post-thumbnail","hentry","category-gerais","tag-cemig-informa-sobre-funcionamento-das-agencias-e-previsao-do-tempo-no-natal","tag-cemig-com-br","tag-previsao-do-tempo-no-natal","tag-previsao-do-tempo-para-o-natal","tag-previsao-do-tempo-para-o-natal-em-minas-gerais","tag-previsao-do-tempo-para-o-natal-no-interior-de-minas","tag-previsao-do-tempo-para-o-natal-no-litoral"],"_links":{"self":[{"href":"https:\/\/aconteceunovale.com.br\/portal\/index.php?rest_route=\/wp\/v2\/posts\/48635","targetHints":{"allow":["GET"]}}],"collection":[{"href":"https:\/\/aconteceunovale.com.br\/portal\/index.php?rest_route=\/wp\/v2\/posts"}],"about":[{"href":"https:\/\/aconteceunovale.com.br\/portal\/index.php?rest_route=\/wp\/v2\/types\/post"}],"author":[{"embeddable":true,"href":"https:\/\/aconteceunovale.com.br\/portal\/index.php?rest_route=\/wp\/v2\/users\/1"}],"replies":[{"embeddable":true,"href":"https:\/\/aconteceunovale.com.br\/portal\/index.php?rest_route=%2Fwp%2Fv2%2Fcomments&post=48635"}],"version-history":[{"count":0,"href":"https:\/\/aconteceunovale.com.br\/portal\/index.php?rest_route=\/wp\/v2\/posts\/48635\/revisions"}],"wp:featuredmedia":[{"embeddable":true,"href":"https:\/\/aconteceunovale.com.br\/portal\/index.php?rest_route=\/wp\/v2\/media\/35562"}],"wp:attachment":[{"href":"https:\/\/aconteceunovale.com.br\/portal\/index.php?rest_route=%2Fwp%2Fv2%2Fmedia&parent=48635"}],"wp:term":[{"taxonomy":"category","embeddable":true,"href":"https:\/\/aconteceunovale.com.br\/portal\/index.php?rest_route=%2Fwp%2Fv2%2Fcategories&post=48635"},{"taxonomy":"post_tag","embeddable":true,"href":"https:\/\/aconteceunovale.com.br\/portal\/index.php?rest_route=%2Fwp%2Fv2%2Ftags&post=48635"}],"curies":[{"name":"wp","href":"https:\/\/api.w.org\/{rel}","templated":true}]}}