{"id":48632,"date":"2014-12-23T18:49:18","date_gmt":"2014-12-23T21:49:18","guid":{"rendered":"http:\/\/aconteceunovale.com.br\/portal\/?p=48632"},"modified":"2014-12-23T18:49:18","modified_gmt":"2014-12-23T21:49:18","slug":"presos-de-montes-claros-se-apresentam-na-1a-cantata-de-natal-com-o-coral-vozes-da-liberdade","status":"publish","type":"post","link":"https:\/\/aconteceunovale.com.br\/portal\/?p=48632","title":{"rendered":"Presos de Montes Claros se apresentam na 1\u00aa Cantata de Natal com o coral Vozes da Liberdade"},"content":{"rendered":"<h4><strong><em>Evento que reuniu familiares dos detentos com o objetivo de ressocializa\u00e7\u00e3o foi realizado nesta ter\u00e7a-feira (23), no Pres\u00eddio Regional de Montes Claros<\/em><\/strong><\/h4>\n<p>O coral Vozes da Liberdade \u00e9 um projeto idealizado pelos assistentes sociais do pres\u00eddio e \u00e9 formado por 18 detentos. H\u00e1 cerca de dois meses, eles participam de aulas de m\u00fasica e ensaios com policiais militares que integram a banda do Batalh\u00e3o de Pol\u00edcia Militar de Montes Claros. O evento ocorreu dentro da unidade prisional e reuniu familiares dos detentos.<\/p>\n<p><img decoding=\"async\" src=\"http:\/\/aconteceunovale.com.br\/portal\/wp-content\/uploads\/2014\/12\/presos-de-montes-claros-se-apresentam-na-1a-cantata-de-natal.jpg\" alt=\"\" \/><em>Cantata de Natal ocorreu dentro da unidade prisional e reuniu familiares dos detentos &#8211; Foto: Divulga\u00e7\u00e3o<\/em><br \/>\n<\/br><\/p>\n<p>O coral \u00e9 uma das a\u00e7\u00f5es que visam a ressocializa\u00e7\u00e3o dos detentos que cumprem pena na unidade. \u201cO objetivo da Cantata \u00e9 promover a ressocializa\u00e7\u00e3o no pres\u00eddio de Montes Claros e mostrar aos internos que existem caminhos para mudan\u00e7as. A m\u00fasica \u00e9 essencial nesse processo, pois nos mostra a capacidade de musicaliza\u00e7\u00e3o de cada reeducando\u201d, ressaltou  a diretora de Atendimento da unidade, Camila Rocha.<\/p>\n<p>Para o detento Ednilson Nascimento, foi um orgulho participar da Cantata e receber o p\u00fablico na unidade. \u201cMe senti honrado em me apresentar para o p\u00fablico de fora e, principalmente, para as v\u00e1rias fam\u00edlias que vieram. N\u00f3s sabemos que, no lugar que nos encontramos, temos que ter coisas novas, at\u00e9 para encher a nossa mente e n\u00e3o deix\u00e1-la ociosa e a m\u00fasica \u00e9 um desses pontos fortes.\u201d<\/p>\n<p>A diretora de Atendimento, Camila Rocha, destacou, tamb\u00e9m, a relev\u00e2ncia para os detentos de terem se apresentado na v\u00e9spera do Natal. \u201c\u00c9 um projeto novo e eles se esfor\u00e7aram muito nesses \u00faltimos dois meses. N\u00e3o havia data melhor do que a v\u00e9spera de natal para mostrarmos todo o talento dos reeducandos do Pres\u00eddio Regional de Montes Claros.\u201d<\/p>\n<p>De acordo com o diretor-geral da unidade, Wanderson Fabiano de Souza, a a\u00e7\u00e3o faz parte de um projeto maior de integra\u00e7\u00e3o entre presos, fam\u00edlia e servidores. \u201cFoi muito importante para os detentos a vinda das fam\u00edlias. Essa primeira Cantata fechou um ciclo de todo um trabalho para promover a uni\u00e3o entre os detentos e seus parentes. E foi essencial a a\u00e7\u00e3o dos t\u00e9cnicos da unidade, dos volunt\u00e1rios e dos maestros que os ensaiaram todo esse tempo\u201d.<\/p>\n<p><em>(Ag\u00eancia Minas)<\/em><\/p>\n","protected":false},"excerpt":{"rendered":"<p>Evento que reuniu familiares dos detentos com o objetivo de ressocializa\u00e7\u00e3o foi realizado nesta ter\u00e7a-feira (23), no Pres\u00eddio Regional de Montes Claros O coral Vozes da Liberdade \u00e9 um projeto idealizado pelos assistentes sociais do pres\u00eddio e \u00e9 formado por 18 detentos. H\u00e1 cerca de dois meses, eles participam de aulas de m\u00fasica e ensaios [&hellip;]<\/p>\n","protected":false},"author":1,"featured_media":48633,"comment_status":"open","ping_status":"closed","sticky":false,"template":"","format":"standard","meta":{"amp_status":"","footnotes":""},"categories":[1236],"tags":[27799,27798,210,9414,27797,27800],"class_list":["post-48632","post","type-post","status-publish","format-standard","has-post-thumbnail","hentry","category-norte_de_minas","tag-camila-rocha","tag-ednilson-nascimento","tag-montes-claros","tag-presidio-regional-de-montes-claros","tag-presos-de-montes-claros-se-apresentam-na-1a-cantata-de-natal-com-o-coral-vozes-da-liberdade","tag-wanderson-fabiano-de-souza"],"_links":{"self":[{"href":"https:\/\/aconteceunovale.com.br\/portal\/index.php?rest_route=\/wp\/v2\/posts\/48632","targetHints":{"allow":["GET"]}}],"collection":[{"href":"https:\/\/aconteceunovale.com.br\/portal\/index.php?rest_route=\/wp\/v2\/posts"}],"about":[{"href":"https:\/\/aconteceunovale.com.br\/portal\/index.php?rest_route=\/wp\/v2\/types\/post"}],"author":[{"embeddable":true,"href":"https:\/\/aconteceunovale.com.br\/portal\/index.php?rest_route=\/wp\/v2\/users\/1"}],"replies":[{"embeddable":true,"href":"https:\/\/aconteceunovale.com.br\/portal\/index.php?rest_route=%2Fwp%2Fv2%2Fcomments&post=48632"}],"version-history":[{"count":0,"href":"https:\/\/aconteceunovale.com.br\/portal\/index.php?rest_route=\/wp\/v2\/posts\/48632\/revisions"}],"wp:featuredmedia":[{"embeddable":true,"href":"https:\/\/aconteceunovale.com.br\/portal\/index.php?rest_route=\/wp\/v2\/media\/48633"}],"wp:attachment":[{"href":"https:\/\/aconteceunovale.com.br\/portal\/index.php?rest_route=%2Fwp%2Fv2%2Fmedia&parent=48632"}],"wp:term":[{"taxonomy":"category","embeddable":true,"href":"https:\/\/aconteceunovale.com.br\/portal\/index.php?rest_route=%2Fwp%2Fv2%2Fcategories&post=48632"},{"taxonomy":"post_tag","embeddable":true,"href":"https:\/\/aconteceunovale.com.br\/portal\/index.php?rest_route=%2Fwp%2Fv2%2Ftags&post=48632"}],"curies":[{"name":"wp","href":"https:\/\/api.w.org\/{rel}","templated":true}]}}