{"id":48626,"date":"2014-12-23T18:42:13","date_gmt":"2014-12-23T21:42:13","guid":{"rendered":"http:\/\/aconteceunovale.com.br\/portal\/?p=48626"},"modified":"2014-12-23T18:44:16","modified_gmt":"2014-12-23T21:44:16","slug":"inscricoes-para-mais-de-19-294-vagas-no-servico-publico-mineiro-vao-ate-a-segunda-quinzena-de-janeiro","status":"publish","type":"post","link":"https:\/\/aconteceunovale.com.br\/portal\/?p=48626","title":{"rendered":"Inscri\u00e7\u00f5es para mais de 19.294 vagas no servi\u00e7o p\u00fablico mineiro v\u00e3o at\u00e9 a segunda quinzena de janeiro"},"content":{"rendered":"<h4><strong><em>Os concursos oferecem oportunidades para doc\u00eancia nas \u00e1reas de Educa\u00e7\u00e3o, Seguran\u00e7a e Defesa Social, Ensino Superior e Ci\u00eancia e Tecnologia<\/em><\/strong><\/h4>\n<p>O\u00a0<a href=\"http:\/\/www.mg.gov.br\/governomg\/ecp\/comunidade.do?app=governomg\" target=\"_blank\">Governo de Minas<\/a>\u00a0est\u00e1 com 19.294 oportunidades para diversas carreiras do servi\u00e7o p\u00fablico Estadual da\u00a0<a href=\"https:\/\/www.educacao.mg.gov.br\/\" target=\"_blank\">Secretaria de Estado de Educa\u00e7\u00e3o (SEE)<\/a>,<a href=\"https:\/\/www.policiamilitar.mg.gov.br\/portal-pm\/principal.action\" target=\"_blank\">Pol\u00edcia Militar (PMMG)<\/a>,\u00a0<a href=\"http:\/\/www.uemg.br\/\" target=\"_blank\">Universidade do Estado de Minas Gerais (UEMG)<\/a>\u00a0e\u00a0<a href=\"http:\/\/www.fha.mg.gov.br\/\" target=\"_blank\">Funda\u00e7\u00e3o Helena Antipoff (FHA)<\/a>. S\u00e3o oito editais, sendo tr\u00eas &#8211; SEE\/ Ensino Ind\u00edgena, UEMG e PM \u2013 com inscri\u00e7\u00f5es at\u00e9 15 de janeiro de 2015. Os demais \u2013 SEE\/Ensino Regular, FHA, SEE\/Ensino Especial, SEE\/Conservat\u00f3rio Musica, SEE\/Ensino Religioso \u2013 t\u00eam prazo at\u00e9 o pr\u00f3ximo dia 11.<\/p>\n<p>Todos os editais est\u00e3o dispon\u00edveis no\u00a0<a href=\"http:\/\/www.ibfc.org.br\/\" target=\"_blank\">site\u00a0<\/a>do Instituto Brasileiro de Forma\u00e7\u00e3o e Capacita\u00e7\u00e3o (IBFC), entidade que realiza a gest\u00e3o dos concursos, e tamb\u00e9m na\u00a0<a href=\"http:\/\/www.planejamento.mg.gov.br\/\" target=\"_blank\">p\u00e1gina<\/a>\u00a0da Secretaria de Estado de Planejamento e Gest\u00e3o (Seplag).<\/p>\n<p><img decoding=\"async\" src=\"http:\/\/aconteceunovale.com.br\/portal\/wp-content\/uploads\/2014\/12\/seplag_1.jpg\" alt=\"\" \/><img decoding=\"async\" src=\"http:\/\/aconteceunovale.com.br\/portal\/wp-content\/uploads\/2014\/12\/seplag_2.jpg\" alt=\"\" \/><\/p>\n","protected":false},"excerpt":{"rendered":"<p>Os concursos oferecem oportunidades para doc\u00eancia nas \u00e1reas de Educa\u00e7\u00e3o, Seguran\u00e7a e Defesa Social, Ensino Superior e Ci\u00eancia e Tecnologia O\u00a0Governo de Minas\u00a0est\u00e1 com 19.294 oportunidades para diversas carreiras do servi\u00e7o p\u00fablico Estadual da\u00a0Secretaria de Estado de Educa\u00e7\u00e3o (SEE),Pol\u00edcia Militar (PMMG),\u00a0Universidade do Estado de Minas Gerais (UEMG)\u00a0e\u00a0Funda\u00e7\u00e3o Helena Antipoff (FHA). S\u00e3o oito editais, sendo tr\u00eas [&hellip;]<\/p>\n","protected":false},"author":1,"featured_media":13951,"comment_status":"open","ping_status":"closed","sticky":false,"template":"","format":"standard","meta":{"amp_status":"","footnotes":""},"categories":[123],"tags":[700,27796,27795,13334,26378,26043,26044,27794,27792,27793],"class_list":["post-48626","post","type-post","status-publish","format-standard","has-post-thumbnail","hentry","category-gerais","tag-concurso-publico","tag-concurso-publico-da-fha","tag-concurso-publico-da-fundacao-helena-antipoff","tag-concurso-publico-da-policia-militar-de-minas-gerais","tag-concurso-publico-da-secretaria-de-educacao-de-minas-gerais","tag-concurso-publico-da-uemg","tag-concurso-publico-da-universidade-do-estado-de-minas-gerais","tag-concurso-publico-minas-gerais","tag-inscricoes-para-mais-de-19-294-vagas-no-servico-publico-mineiro-vao-ate-a-segunda-quinzena-de-janeiro","tag-inscricoes-para-oito-editais-de-quatro-secretarias-vao-ate-a-segunda-quinzena-de-janeiro"],"_links":{"self":[{"href":"https:\/\/aconteceunovale.com.br\/portal\/index.php?rest_route=\/wp\/v2\/posts\/48626","targetHints":{"allow":["GET"]}}],"collection":[{"href":"https:\/\/aconteceunovale.com.br\/portal\/index.php?rest_route=\/wp\/v2\/posts"}],"about":[{"href":"https:\/\/aconteceunovale.com.br\/portal\/index.php?rest_route=\/wp\/v2\/types\/post"}],"author":[{"embeddable":true,"href":"https:\/\/aconteceunovale.com.br\/portal\/index.php?rest_route=\/wp\/v2\/users\/1"}],"replies":[{"embeddable":true,"href":"https:\/\/aconteceunovale.com.br\/portal\/index.php?rest_route=%2Fwp%2Fv2%2Fcomments&post=48626"}],"version-history":[{"count":0,"href":"https:\/\/aconteceunovale.com.br\/portal\/index.php?rest_route=\/wp\/v2\/posts\/48626\/revisions"}],"wp:featuredmedia":[{"embeddable":true,"href":"https:\/\/aconteceunovale.com.br\/portal\/index.php?rest_route=\/wp\/v2\/media\/13951"}],"wp:attachment":[{"href":"https:\/\/aconteceunovale.com.br\/portal\/index.php?rest_route=%2Fwp%2Fv2%2Fmedia&parent=48626"}],"wp:term":[{"taxonomy":"category","embeddable":true,"href":"https:\/\/aconteceunovale.com.br\/portal\/index.php?rest_route=%2Fwp%2Fv2%2Fcategories&post=48626"},{"taxonomy":"post_tag","embeddable":true,"href":"https:\/\/aconteceunovale.com.br\/portal\/index.php?rest_route=%2Fwp%2Fv2%2Ftags&post=48626"}],"curies":[{"name":"wp","href":"https:\/\/api.w.org\/{rel}","templated":true}]}}