{"id":48623,"date":"2014-12-23T14:25:30","date_gmt":"2014-12-23T17:25:30","guid":{"rendered":"http:\/\/aconteceunovale.com.br\/portal\/?p=48623"},"modified":"2014-12-23T14:25:30","modified_gmt":"2014-12-23T17:25:30","slug":"nilson-fidelis-e-eleito-presidente-da-camara-de-sao-joao-evangelista","status":"publish","type":"post","link":"https:\/\/aconteceunovale.com.br\/portal\/?p=48623","title":{"rendered":"Nilson Fidelis \u00e9 eleito presidente da C\u00e2mara de S\u00e3o Jo\u00e3o Evangelista"},"content":{"rendered":"<h4><strong><em>Chapa composta por Nilson Fidelis, Agnaldo do PT e Celso Maia recebeu o apoio de nove vereadores do munic\u00edpio.<\/em><\/strong><\/h4>\n<p>O vereador Nilson Geraldo Fidelis (PR) foi eleito nessa segunda-feira, 22 de dezembro, presidente da C\u00e2mara Municipal de S\u00e3o Jo\u00e3o Evangelista. A chapa vencedora, composta por Nilson, como presidente, Agnaldo Pereira dos Santos (PT), como vice-presidente, e Celso Magalh\u00e3es Guerra (PSDB), como secret\u00e1rio, recebeu apoio de nove dos onze vereadores do munic\u00edpio.<\/p>\n<p><img decoding=\"async\" src=\"http:\/\/aconteceunovale.com.br\/portal\/wp-content\/uploads\/2014\/12\/nilson_presidente.jpg\" alt=\"\" \/><em>Nilson Fidelis recebeu o apoio de nove dos onze vereadores do munic\u00edpio &#8211; Foto: Divulga\u00e7\u00e3o<\/em><br \/>\n<\/br><\/p>\n<p>Em nota divulgada, o novo presidente agradeceu o apoio dos colegas vereadores e refor\u00e7ou o compromisso de juntos trabalharem por melhores condi\u00e7\u00f5es de vida para o povo evangelistano. <\/p>\n<p>Fidelis tamb\u00e9m prometeu disponibilizar instrumentos que possibilitem a popula\u00e7\u00e3o maior acesso a C\u00e2mara do munic\u00edpio, buscando sempre o di\u00e1logo entre os parlamentares e os moradores de S\u00e3o Jo\u00e3o Evangelista. \u201cA C\u00e2mara Municipal ter\u00e1 sempre seu dono. Ela pertence ao povo de S\u00e3o Jo\u00e3o Evangelista!\u201d, disse.<\/p>\n<p>\u201cA nova mesa diretora far\u00e1 com certeza um trabalho transparente nas a\u00e7\u00f5es administrativas e bastante participativa nas discuss\u00f5es e a\u00e7\u00f5es para o desenvolvimento de nosso munic\u00edpio. A C\u00e2mara Municipal n\u00e3o pode ficar restrita somente nas atribui\u00e7\u00f5es legislativas, analisando projetos de leis, com indica\u00e7\u00f5es e atender os seus eleitores. N\u00f3s vereadores temos uma grande responsabilidade neste momento pol\u00edtico. A nossa popula\u00e7\u00e3o n\u00e3o pode viver s\u00f3 de esperan\u00e7as, vamos propor aos colegas novos desafios e trazer para dentro da C\u00e2mara as discuss\u00f5es que v\u00e3o de encontro \u00e0s necessidades de nossa gente, convidando os diversos segmentos da sociedade e realizar encontros para discutirmos projetos de desenvolvimento do munic\u00edpio.\u201d, completou o presidente eleito.<\/p>\n<p>De acordo com Nilson Fidelis, s\u00f3 assim ser\u00e1 poss\u00edvel tornar realidade os muitos e poss\u00edveis sonhos e anseios da popula\u00e7\u00e3o de S\u00e3o Jo\u00e3o Evangelista.<\/p>\n","protected":false},"excerpt":{"rendered":"<p>Chapa composta por Nilson Fidelis, Agnaldo do PT e Celso Maia recebeu o apoio de nove vereadores do munic\u00edpio. O vereador Nilson Geraldo Fidelis (PR) foi eleito nessa segunda-feira, 22 de dezembro, presidente da C\u00e2mara Municipal de S\u00e3o Jo\u00e3o Evangelista. A chapa vencedora, composta por Nilson, como presidente, Agnaldo Pereira dos Santos (PT), como vice-presidente, [&hellip;]<\/p>\n","protected":false},"author":1,"featured_media":48624,"comment_status":"open","ping_status":"closed","sticky":false,"template":"","format":"standard","meta":{"amp_status":"","footnotes":""},"categories":[121],"tags":[27790,27786,27788,27787,27791,27785,27789,162],"class_list":["post-48623","post","type-post","status-publish","format-standard","has-post-thumbnail","hentry","category-leste","tag-agnaldo-pereira-dos-santos","tag-camara-de-sao-joao-evangelista","tag-camara-de-vereadores-de-sao-joao-evangelista","tag-camara-municipal-de-sao-joao-evangelista","tag-celso-magalhaes-guerra","tag-nilson-fidelis-e-eleito-presidente-da-camara-de-sao-joao-evangelista","tag-nilson-geraldo-fidelis","tag-sao-joao-evangelista"],"_links":{"self":[{"href":"https:\/\/aconteceunovale.com.br\/portal\/index.php?rest_route=\/wp\/v2\/posts\/48623","targetHints":{"allow":["GET"]}}],"collection":[{"href":"https:\/\/aconteceunovale.com.br\/portal\/index.php?rest_route=\/wp\/v2\/posts"}],"about":[{"href":"https:\/\/aconteceunovale.com.br\/portal\/index.php?rest_route=\/wp\/v2\/types\/post"}],"author":[{"embeddable":true,"href":"https:\/\/aconteceunovale.com.br\/portal\/index.php?rest_route=\/wp\/v2\/users\/1"}],"replies":[{"embeddable":true,"href":"https:\/\/aconteceunovale.com.br\/portal\/index.php?rest_route=%2Fwp%2Fv2%2Fcomments&post=48623"}],"version-history":[{"count":0,"href":"https:\/\/aconteceunovale.com.br\/portal\/index.php?rest_route=\/wp\/v2\/posts\/48623\/revisions"}],"wp:featuredmedia":[{"embeddable":true,"href":"https:\/\/aconteceunovale.com.br\/portal\/index.php?rest_route=\/wp\/v2\/media\/48624"}],"wp:attachment":[{"href":"https:\/\/aconteceunovale.com.br\/portal\/index.php?rest_route=%2Fwp%2Fv2%2Fmedia&parent=48623"}],"wp:term":[{"taxonomy":"category","embeddable":true,"href":"https:\/\/aconteceunovale.com.br\/portal\/index.php?rest_route=%2Fwp%2Fv2%2Fcategories&post=48623"},{"taxonomy":"post_tag","embeddable":true,"href":"https:\/\/aconteceunovale.com.br\/portal\/index.php?rest_route=%2Fwp%2Fv2%2Ftags&post=48623"}],"curies":[{"name":"wp","href":"https:\/\/api.w.org\/{rel}","templated":true}]}}