{"id":48620,"date":"2014-12-23T13:38:46","date_gmt":"2014-12-23T16:38:46","guid":{"rendered":"http:\/\/aconteceunovale.com.br\/portal\/?p=48620"},"modified":"2014-12-23T13:38:46","modified_gmt":"2014-12-23T16:38:46","slug":"malacacheta-realiza-segunda-edicao-do-projeto-pacto-pela-vida","status":"publish","type":"post","link":"https:\/\/aconteceunovale.com.br\/portal\/?p=48620","title":{"rendered":"Malacacheta realiza segunda edi\u00e7\u00e3o do Projeto Pacto pela Vida"},"content":{"rendered":"<h4><em><strong>Principal objetivo do projeto \u00e9 a educa\u00e7\u00e3o no tr\u00e2nsito e preven\u00e7\u00e3o de acidentes. Confira a programa\u00e7\u00e3o.<\/strong><\/em><\/h4>\n<p>Iniciaram na manh\u00e3 desta ter\u00e7a-feira, 23 de dezembro, as atividades da segunda edi\u00e7\u00e3o do Projeto Pacto Pela Vida, em Malacacheta, no Vale do Mucuri. Idealizado pelo jovem Leandro Sila, juntamente com volunt\u00e1rios e a Pol\u00edcia Militar, o programa tem como principais objetivos dar dicas de educa\u00e7\u00e3o no tr\u00e2nsito, preven\u00e7\u00e3o de acidentes e outros assuntos relacionados \u00e0 seguran\u00e7a p\u00fablica. <\/p>\n<p>Em 2014, os trabalhos ser\u00e3o realizados nesta ter\u00e7a e amanh\u00e3, quarta-feira, em toda a \u00e1rea urbana do munic\u00edpio, que possui uma popula\u00e7\u00e3o de 18776 habitantes, de acordo com o IBGE.<\/p>\n<p>Confira abaixo a programa\u00e7\u00e3o:<\/p>\n<p><strong>Dia 23\/12\/2014 (ter\u00e7a-feira)<\/strong><br \/>\n&#8211; 08h30: Caf\u00e9 da manh\u00e3 e entrega de camisetas<br \/>\n&#8211; 09h00: Instru\u00e7\u00e3o aos volunt\u00e1rios ministrada por militares<br \/>\n&#8211; 09h30: In\u00edcio da exposi\u00e7\u00e3o de materiais de sinaliza\u00e7\u00e3o da Pol\u00edcia Militar e blitz educativa<br \/>\n&#8211; 11h30: Encerramento<\/p>\n<p><img decoding=\"async\" src=\"http:\/\/aconteceunovale.com.br\/portal\/wp-content\/uploads\/2014\/12\/pacto_pela_vida_malaca_1_dia.jpg\" alt=\"\" \/><em>In\u00edcio das atividades nesta ter\u00e7a-feira (23) &#8211; Foto: Leandro Silva\/Divulga\u00e7\u00e3o<\/em><br \/>\n<\/br><\/p>\n<p><strong>Dia 24\/12\/2014 (quarta-feira)<\/strong><br \/>\n&#8211; 09h00: Caf\u00e9 da manh\u00e3<br \/>\n&#8211; 09h30: In\u00edcio da blitz educativa<br \/>\n&#8211; 10h30: Visita a pontos estrat\u00e9gicos para dar dicas de seguran\u00e7a<br \/>\n&#8211; 11h30: Encerramento<\/p>\n<p>O Projeto Pacto pela Vida de Malacacheta conta com o apoio do Rotary Club, Pol\u00edcia Militar, Pol\u00edcia Rodovi\u00e1ria Federal, Com\u00e9rcio Local, Portal Aconteceu no Vale e Emissoras de R\u00e1dio e TV. <\/p>\n","protected":false},"excerpt":{"rendered":"<p>Principal objetivo do projeto \u00e9 a educa\u00e7\u00e3o no tr\u00e2nsito e preven\u00e7\u00e3o de acidentes. Confira a programa\u00e7\u00e3o. Iniciaram na manh\u00e3 desta ter\u00e7a-feira, 23 de dezembro, as atividades da segunda edi\u00e7\u00e3o do Projeto Pacto Pela Vida, em Malacacheta, no Vale do Mucuri. Idealizado pelo jovem Leandro Sila, juntamente com volunt\u00e1rios e a Pol\u00edcia Militar, o programa tem [&hellip;]<\/p>\n","protected":false},"author":1,"featured_media":48621,"comment_status":"open","ping_status":"closed","sticky":false,"template":"","format":"standard","meta":{"amp_status":"","footnotes":""},"categories":[122],"tags":[27784,226,27780,27781,27783,27782],"class_list":["post-48620","post","type-post","status-publish","format-standard","has-post-thumbnail","hentry","category-mucuri","tag-leandro-silva","tag-malacacheta","tag-malacacheta-realiza-segunda-edicao-do-projeto-pacto-pela-vida","tag-projeto-pacto-pela-vida","tag-projeto-pacto-pela-vida-de-malacacheta","tag-projeto-pacto-pela-vida-em-malacacheta"],"_links":{"self":[{"href":"https:\/\/aconteceunovale.com.br\/portal\/index.php?rest_route=\/wp\/v2\/posts\/48620","targetHints":{"allow":["GET"]}}],"collection":[{"href":"https:\/\/aconteceunovale.com.br\/portal\/index.php?rest_route=\/wp\/v2\/posts"}],"about":[{"href":"https:\/\/aconteceunovale.com.br\/portal\/index.php?rest_route=\/wp\/v2\/types\/post"}],"author":[{"embeddable":true,"href":"https:\/\/aconteceunovale.com.br\/portal\/index.php?rest_route=\/wp\/v2\/users\/1"}],"replies":[{"embeddable":true,"href":"https:\/\/aconteceunovale.com.br\/portal\/index.php?rest_route=%2Fwp%2Fv2%2Fcomments&post=48620"}],"version-history":[{"count":0,"href":"https:\/\/aconteceunovale.com.br\/portal\/index.php?rest_route=\/wp\/v2\/posts\/48620\/revisions"}],"wp:featuredmedia":[{"embeddable":true,"href":"https:\/\/aconteceunovale.com.br\/portal\/index.php?rest_route=\/wp\/v2\/media\/48621"}],"wp:attachment":[{"href":"https:\/\/aconteceunovale.com.br\/portal\/index.php?rest_route=%2Fwp%2Fv2%2Fmedia&parent=48620"}],"wp:term":[{"taxonomy":"category","embeddable":true,"href":"https:\/\/aconteceunovale.com.br\/portal\/index.php?rest_route=%2Fwp%2Fv2%2Fcategories&post=48620"},{"taxonomy":"post_tag","embeddable":true,"href":"https:\/\/aconteceunovale.com.br\/portal\/index.php?rest_route=%2Fwp%2Fv2%2Ftags&post=48620"}],"curies":[{"name":"wp","href":"https:\/\/api.w.org\/{rel}","templated":true}]}}