{"id":48606,"date":"2014-12-23T12:36:01","date_gmt":"2014-12-23T15:36:01","guid":{"rendered":"http:\/\/aconteceunovale.com.br\/portal\/?p=48606"},"modified":"2014-12-23T12:36:01","modified_gmt":"2014-12-23T15:36:01","slug":"livre-se-dos-engarrafamentos-fuja-das-perigosas-rodovias-mineiras-e-viaje-de-trem","status":"publish","type":"post","link":"https:\/\/aconteceunovale.com.br\/portal\/?p=48606","title":{"rendered":"Livre-se dos engarrafamentos, fuja das perigosas rodovias mineiras e viaje de trem"},"content":{"rendered":"<h4><strong><em>Estrada de Ferro Vit\u00f3ria a Minas (EFVM) opera \u00fanico trem de passageiros di\u00e1rio no Brasil que liga duas regi\u00f5es metropolitanas: Cariacica (ES) e Belo Horizonte. Frota nova conquista os mineiros.<\/em><\/strong><\/h4>\n<p>Todo mundo sabe que o mineiro invade o Esp\u00edrito Santo nas f\u00e9rias. A proposta \u00e9 que esta \u201ctomada de territ\u00f3rio\u201d seja feita de maneira diferente. Livre-se dos engarrafamentos, fuja das curvas e da perigosa BR-262, deixe o carro em casa e embarque na aventura de chegar \u00e0 praia por meio dos trilhos. A Estrada de Ferro Vit\u00f3ria a Minas (EFVM), da Vale, opera o \u00fanico trem de passageiros di\u00e1rio no Brasil e liga Vit\u00f3ria, no Esp\u00edrito Santo, e Belo Horizonte, em Minas. Em funcionamento desde 1907, o servi\u00e7o incentiva o turismo e transporta cerca de um milh\u00e3o de passageiros por ano com seguran\u00e7a e conforto. O trajeto percorre belas paisagens e passa por pontos hist\u00f3ricos, como as cidades coloniais \u00e0s margens do Rio Piracicaba e do Rio Doce, em Minas, at\u00e9 chegar ao litoral capixaba.<\/p>\n<p><img decoding=\"async\" src=\"http:\/\/aconteceunovale.com.br\/portal\/wp-content\/uploads\/2014\/12\/trem_vale.jpg\" alt=\"\" \/><em>Durante toda a viagem, passageiro se depara com lindas paisagens &#8211; Foto: Divulga\u00e7\u00e3o\/Vale<\/em><br \/>\n<\/br><\/p>\n<p>Rafael Fachetti, supervisor do trem de passageiros da EFVM, conta que este \u00e9 \u201cum ano especial para o trem\u201d e de felicidade por ter sido inaugurado novos e modernos carros de passageiros com infraestrutura e tecnologia que garantem mais conforto aos usu\u00e1rios. \u201cAgora, n\u00e3o h\u00e1 mais janelas, os vag\u00f5es s\u00e3o 100% vedados, t\u00eam ar-condicionado e tratamento ac\u00fastico em todas as classes (executiva e econ\u00f4mica)\u201d, enumera. Os investimentos da Vale para a aquisi\u00e7\u00e3o dos vag\u00f5es foram de US$ 80 milh\u00f5es. Foram comprados 56 novos carros (10 de classe executiva, 30 de classe econ\u00f4mica, al\u00e9m de carros restaurante, lanchonete, gerador e vag\u00e3o exclusivo para portadores de necessidades especiais \u2013 cadeirante e pessoas com dificuldade de locomo\u00e7\u00e3o). H\u00e1 servi\u00e7o de bordo em todos os ambientes. Vale destacar que as cadeiras t\u00eam mesinhas e tomada para o uso de computador ou recarga do celular. N\u00e3o h\u00e1 Wi-fi porque ainda n\u00e3o h\u00e1 disponibilidade de sinal.<\/p>\n<p>A viagem completa tem 664 quil\u00f4metros e dura cerca de 13 horas. Mas n\u00e3o \u00e9 para se assustar. Fachetti garante que o trajeto n\u00e3o \u00e9 cansativo. \u201cO tempo passa voando. Al\u00e9m da garantia do conforto, o trajeto \u00e9 agrad\u00e1vel, com paisagens bel\u00edssimas, vistas maravilhosas das regi\u00f5es montanhosas, pontes&#8230; Sem falar na seguran\u00e7a. Temos zero de ocorr\u00eancia, nenhum acidente registrado e nada de engarrafamento. E servi\u00e7o de bordo com caf\u00e9 da manh\u00e3, almo\u00e7o e jantar com pre\u00e7o atrativo e card\u00e1pio variado\u201d.<\/p>\n<h4>Passagens<\/h4>\n<p>O supervisor conta que a procura cresce durante o per\u00edodo das festas de fim de ano e, por isso, h\u00e1 um aumento de 55% na oferta de carros. \u201cA demanda \u00e9 principalmente de grupos, de fam\u00edlia e amigos. Mas o p\u00fablico \u00e9 sempre variado. Os pre\u00e7os das passagens s\u00e3o excelentes e recomendo comprar com anteced\u00eancia, porque de dezembro at\u00e9 o fim do carnaval temos dias com passagens esgotadas. Ainda mais com a facilidade de comprar pela internet\u201d, comenta. Durante o deslocamento, h\u00e1 diversas paradas, mas Fachetti lembra que s\u00e3o basicamente para embarque e desembarque de passageiros, j\u00e1 que o itiner\u00e1rio \u00e9 fixo e h\u00e1 hor\u00e1rio a ser cumprido.<\/p>\n<h4>Servi\u00e7o<\/h4>\n<p><strong>Onde ficar?<\/strong><\/p>\n<p><em>>> Hor\u00e1rios<\/em><br \/>\nTodos os dias, dois trens de passageiros circulam pela EFVM: um sai de Cariacica, na Regi\u00e3o Metropolitana de Vit\u00f3ria (ES), \u00e0s 7h, e chega a Belo Horizonte (MG), \u00e0s 20h10. O outro parte da capital mineira \u00e0s 7h30 e encerra a viagem \u00e0s 20h30. A EFVM disp\u00f5e de um servi\u00e7o adicional que faz o percurso entre as cidades de Itabira e Nova Era, ambas em Minas, e faz conex\u00e3o com os dois trens da linha principal.<\/p>\n<p><em>>> Passagem<\/em><br \/>\nA partir de 2 de janeiro, a passagem na classe econ\u00f4mica entre Belo Horizonte e Vit\u00f3ria custar\u00e1 R$ 62. Na classe executiva, o valor \u00e9 R$ 95.<\/p>\n<p><em>>> Venda<\/em><br \/>\nAl\u00e9m de poder comprar passagens em mais de 30 pontos ao longo da linha, o passageiro pode adquirir bilhetes pela internet, por meio de cart\u00e3o de cr\u00e9dito. Para isso, \u00e9 preciso entrar no link da Estrada de<br \/>\nFerro Vit\u00f3ria a Minas pelo endere\u00e7o eletr\u00f4nico www.vale.com\/tremdepassageiros.<\/p>\n<p><em>>> Conforto<\/em><br \/>\n&#8211; 664 quil\u00f4metros \u00e9 o percurso completo do Trem de Passageiros<br \/>\n&#8211; 30 pontos de embarque e desembarque<br \/>\n&#8211; 42 munic\u00edpios atendidos<br \/>\n&#8211; 1 milh\u00e3o de passageiros transportados por ano (m\u00e9dia hist\u00f3rica)<\/p>\n<h4>Cidades hist\u00f3ricas<\/h4>\n<p>Turistas e mineiros t\u00eam outra op\u00e7\u00e3o de viagem sobre os trilhos em Minas. Com 18 quil\u00f4metros de extens\u00e3o, o Trem da Vale ajuda a contar a hist\u00f3ria e difundir a cultura e as belezas naturais entre as cidades hist\u00f3ricas de Ouro Preto e Mariana, na Regi\u00e3o Central do estado. Todo o complexo arquitet\u00f4nico, do qual o trem faz parte, foi revitalizado em 2006 e abrange duas esta\u00e7\u00f5es, al\u00e9m de uma completa estrutura de entretenimento. Com a demanda das f\u00e9rias, o passeio tur\u00edstico ter\u00e1 mais hor\u00e1rios dispon\u00edveis este m\u00eas e em janeiro. Al\u00e9m dos dias normais de circula\u00e7\u00e3o (sexta-feira, s\u00e1bado e domingo), em cinco quintas-feiras haver\u00e1 circula\u00e7\u00e3o de um trem partindo de Ouro Preto e outro de Mariana. Os dias de viagem extra s\u00e3o 8, 15, 22 e 29 de janeiro. At\u00e9 10 de fevereiro ser\u00e3o 96 viagens. Nas quintas-feiras, o trem partir\u00e1 de Ouro Preto \u00e0s 10h e de Mariana \u00e0s 15h. Nas sextas e s\u00e1bados, a composi\u00e7\u00e3o parte de Ouro Preto \u00e0s 10h e \u00e0s 14h30, e de Mariana \u00e0s 13h e \u00e0s 16h. <\/p>\n<p>Aos domingos, ser\u00e3o cinco op\u00e7\u00f5es: partindo de Ouro Preto \u00e0s 10h, 13h30 e \u00e0s 16h30, e de Mariana \u00e0s 11h30 e \u00e0s 15h. A viagem dura cerca de uma hora e passa por vales, t\u00faneis, cachoeiras e pared\u00f5es de pedras, cen\u00e1rios t\u00edpicos de Minas. O trem tem capacidade para 300 pessoas. As passagens convencionais custam R$ 40 (ida) e R$ 56 (ida e volta). No vag\u00e3o panor\u00e2mico, as viagens custam R$ 60 (ida) e R$ 80 (ida e volta). Estudantes e maiores de 60 anos, com documentos, pagam meia-passagem. Crian\u00e7as at\u00e9 5 anos n\u00e3o pagam, e de 6 a 12 pagam meia. Os bilhetes podem ser adquiridos nas esta\u00e7\u00f5es ferrovi\u00e1rias de Ouro Preto e Mariana, ou no Centro Cultural e Tur\u00edstico da Fiemg, na Pra\u00e7a Tiradentes, em Ouro Preto. Mais informa\u00e7\u00f5es: <a href=\"http:\/\/www.tremdavale.org\" target=\"_blank\">www.tremdavale.org<\/a> ou pelo telefone (31) 3551-7705, que pode ser usado para fazer reservas de quarta a s\u00e1bado, das 9h \u00e0s 17h.<\/p>\n<p><strong><em>(Fonte: Estado de Minas)<\/em><\/strong><\/p>\n","protected":false},"excerpt":{"rendered":"<p>Estrada de Ferro Vit\u00f3ria a Minas (EFVM) opera \u00fanico trem de passageiros di\u00e1rio no Brasil que liga duas regi\u00f5es metropolitanas: Cariacica (ES) e Belo Horizonte. Frota nova conquista os mineiros. Todo mundo sabe que o mineiro invade o Esp\u00edrito Santo nas f\u00e9rias. A proposta \u00e9 que esta \u201ctomada de territ\u00f3rio\u201d seja feita de maneira diferente. [&hellip;]<\/p>\n","protected":false},"author":1,"featured_media":48607,"comment_status":"open","ping_status":"closed","sticky":false,"template":"","format":"standard","meta":{"amp_status":"","footnotes":""},"categories":[123],"tags":[194,15869,27765,1018,27760,26413,27761,27764,27762,2910,27763,27766],"class_list":["post-48606","post","type-post","status-publish","format-standard","has-post-thumbnail","hentry","category-gerais","tag-belo-horizonte","tag-cariacica","tag-comprar-passagens-trem-da-vale","tag-destaque","tag-efvm","tag-estrada-de-ferro-vitoria-a-minas","tag-estrada-de-ferro-vitoria-a-minas-opera-unico-trem-de-passageiros-diario-no-brasil-que-liga-duas-regioes-metropolitanas","tag-passagens-trem-da-vale","tag-rafael-fachetti","tag-vale","tag-viagem-de-trem-da-vale","tag-viajar-de-trem-de-minas-para-o-espirito-santo"],"_links":{"self":[{"href":"https:\/\/aconteceunovale.com.br\/portal\/index.php?rest_route=\/wp\/v2\/posts\/48606","targetHints":{"allow":["GET"]}}],"collection":[{"href":"https:\/\/aconteceunovale.com.br\/portal\/index.php?rest_route=\/wp\/v2\/posts"}],"about":[{"href":"https:\/\/aconteceunovale.com.br\/portal\/index.php?rest_route=\/wp\/v2\/types\/post"}],"author":[{"embeddable":true,"href":"https:\/\/aconteceunovale.com.br\/portal\/index.php?rest_route=\/wp\/v2\/users\/1"}],"replies":[{"embeddable":true,"href":"https:\/\/aconteceunovale.com.br\/portal\/index.php?rest_route=%2Fwp%2Fv2%2Fcomments&post=48606"}],"version-history":[{"count":0,"href":"https:\/\/aconteceunovale.com.br\/portal\/index.php?rest_route=\/wp\/v2\/posts\/48606\/revisions"}],"wp:featuredmedia":[{"embeddable":true,"href":"https:\/\/aconteceunovale.com.br\/portal\/index.php?rest_route=\/wp\/v2\/media\/48607"}],"wp:attachment":[{"href":"https:\/\/aconteceunovale.com.br\/portal\/index.php?rest_route=%2Fwp%2Fv2%2Fmedia&parent=48606"}],"wp:term":[{"taxonomy":"category","embeddable":true,"href":"https:\/\/aconteceunovale.com.br\/portal\/index.php?rest_route=%2Fwp%2Fv2%2Fcategories&post=48606"},{"taxonomy":"post_tag","embeddable":true,"href":"https:\/\/aconteceunovale.com.br\/portal\/index.php?rest_route=%2Fwp%2Fv2%2Ftags&post=48606"}],"curies":[{"name":"wp","href":"https:\/\/api.w.org\/{rel}","templated":true}]}}