{"id":48599,"date":"2014-12-23T11:44:04","date_gmt":"2014-12-23T14:44:04","guid":{"rendered":"http:\/\/aconteceunovale.com.br\/portal\/?p=48599"},"modified":"2014-12-23T11:44:04","modified_gmt":"2014-12-23T14:44:04","slug":"previsao-do-tempo-para-minas-gerais-nesta-terca-feira-23-de-dezembro","status":"publish","type":"post","link":"https:\/\/aconteceunovale.com.br\/portal\/?p=48599","title":{"rendered":"Previs\u00e3o do tempo para Minas Gerais nesta ter\u00e7a-feira, 23 de dezembro"},"content":{"rendered":"<h4><strong><em>O tempo fica chuvoso no Tri\u00e2ngulo, Oeste, Sul, Campo das Vertentes e Zona da Mata<\/em><\/strong><\/h4>\n<p>Nesta ter\u00e7a-feira (23\/12), o tempo fica chuvoso no Tri\u00e2ngulo, Oeste, Sul, Campo das Vertentes e Zona da Mata. No Vale do Rio Doce, Metropolitana de Belo Horizonte, Central Mineira e Noroeste, o c\u00e9u fica nublado a encoberto com pancadas de chuva e trovoadas isoladas. As temperaturas diurnas ficam em ligeira diminui\u00e7\u00e3o, devido ao aumento das nuvens. Em Belo Horizonte, o c\u00e9u fica nublado a encoberto com pancadas de chuva que podem vir acompanhadas de trovoadas isoladas e rajadas de vento ocasionais, e as temperaturas oscilam entre 19 e 27\u00b0C.<\/p>\n<p>No per\u00edodo de Natal (24 e 25\/12), \u00e1reas de instabilidade atmosf\u00e9ricas dever\u00e3o perder for\u00e7a, mas ainda h\u00e1 condi\u00e7\u00f5es de pancadas de chuva nos setores noroeste, oeste, sudoeste, sul e sudeste de Minas Gerais. H\u00e1 possibilidade de chuvas isoladas no centro-leste mineiro. Nos demais setores do estado, o tempo ficar\u00e1 est\u00e1vel. Em Belo Horizonte, h\u00e1 possibilidade de chuvas isoladas, principalmente na v\u00e9spera natalina.<\/p>\n","protected":false},"excerpt":{"rendered":"<p>O tempo fica chuvoso no Tri\u00e2ngulo, Oeste, Sul, Campo das Vertentes e Zona da Mata Nesta ter\u00e7a-feira (23\/12), o tempo fica chuvoso no Tri\u00e2ngulo, Oeste, Sul, Campo das Vertentes e Zona da Mata. No Vale do Rio Doce, Metropolitana de Belo Horizonte, Central Mineira e Noroeste, o c\u00e9u fica nublado a encoberto com pancadas de [&hellip;]<\/p>\n","protected":false},"author":1,"featured_media":15765,"comment_status":"open","ping_status":"closed","sticky":false,"template":"","format":"standard","meta":{"amp_status":"","footnotes":""},"categories":[123],"tags":[1839,27747,27338,27079,27337,27336,27748],"class_list":["post-48599","post","type-post","status-publish","format-standard","has-post-thumbnail","hentry","category-gerais","tag-previsao-do-tempo-para-minas-gerais","tag-previsao-do-tempo-para-minas-gerais-nesta-terca-feira-23-de-dezembro","tag-previsao-do-tempo-para-o-campo-das-vertentes","tag-previsao-do-tempo-para-o-oeste-de-minas","tag-previsao-do-tempo-para-o-sul-de-minas","tag-previsao-do-tempo-para-o-triangulo-mineiro","tag-previsao-do-tempo-para-o-zona-da-mata-mineira"],"_links":{"self":[{"href":"https:\/\/aconteceunovale.com.br\/portal\/index.php?rest_route=\/wp\/v2\/posts\/48599","targetHints":{"allow":["GET"]}}],"collection":[{"href":"https:\/\/aconteceunovale.com.br\/portal\/index.php?rest_route=\/wp\/v2\/posts"}],"about":[{"href":"https:\/\/aconteceunovale.com.br\/portal\/index.php?rest_route=\/wp\/v2\/types\/post"}],"author":[{"embeddable":true,"href":"https:\/\/aconteceunovale.com.br\/portal\/index.php?rest_route=\/wp\/v2\/users\/1"}],"replies":[{"embeddable":true,"href":"https:\/\/aconteceunovale.com.br\/portal\/index.php?rest_route=%2Fwp%2Fv2%2Fcomments&post=48599"}],"version-history":[{"count":0,"href":"https:\/\/aconteceunovale.com.br\/portal\/index.php?rest_route=\/wp\/v2\/posts\/48599\/revisions"}],"wp:featuredmedia":[{"embeddable":true,"href":"https:\/\/aconteceunovale.com.br\/portal\/index.php?rest_route=\/wp\/v2\/media\/15765"}],"wp:attachment":[{"href":"https:\/\/aconteceunovale.com.br\/portal\/index.php?rest_route=%2Fwp%2Fv2%2Fmedia&parent=48599"}],"wp:term":[{"taxonomy":"category","embeddable":true,"href":"https:\/\/aconteceunovale.com.br\/portal\/index.php?rest_route=%2Fwp%2Fv2%2Fcategories&post=48599"},{"taxonomy":"post_tag","embeddable":true,"href":"https:\/\/aconteceunovale.com.br\/portal\/index.php?rest_route=%2Fwp%2Fv2%2Ftags&post=48599"}],"curies":[{"name":"wp","href":"https:\/\/api.w.org\/{rel}","templated":true}]}}