{"id":48591,"date":"2014-12-23T10:47:23","date_gmt":"2014-12-23T13:47:23","guid":{"rendered":"http:\/\/aconteceunovale.com.br\/portal\/?p=48591"},"modified":"2014-12-23T10:47:23","modified_gmt":"2014-12-23T13:47:23","slug":"cemig-realiza-obras-na-rede-eletrica-de-capelinha-4","status":"publish","type":"post","link":"https:\/\/aconteceunovale.com.br\/portal\/?p=48591","title":{"rendered":"Cemig realiza obras na rede el\u00e9trica de Capelinha"},"content":{"rendered":"<p>A Companhia Energ\u00e9tica de Minas Gerais (Cemig) informa que, na pr\u00f3xima segunda-feira(29\/12) realizar\u00e1 obra na Rede de Distribui\u00e7\u00e3o Urbana em Capelinha.<\/p>\n<p>Essa obra que vai tornar a rede mais segura, garantindo uma maior confiabilidade do fornecimento de energia para a popula\u00e7\u00e3o, a ind\u00fastria e o com\u00e9rcio local.<\/p>\n<p>Para executar esse trabalho com seguran\u00e7a, ser\u00e1 necess\u00e1rio interromper o fornecimento de energia de 10h \u00e0s 14h, nos seguintes endere\u00e7os:<\/p>\n<p>&#8211; Avenida Joaquim Alves Vieira, entre n\u00fameros 33 e 811<br \/>\n&#8211; Rua Jos\u00e9 P. Figueiredo, entre n\u00fameros 512 e 858<br \/>\n&#8211; Rua Bahia, entre n\u00fameros 4 e 100<br \/>\n&#8211; Rua Olinto Barbosa, entre n\u00fameros 50 e 280<br \/>\n&#8211; Rua S\u00e3o Jos\u00e9, n\u00famero 179<br \/>\n&#8211; Rua Sebastiao Vieira Otoni, entre n\u00fameros 35 e 190<br \/>\n&#8211; Rua Arlindo J. Oliveira, entre n\u00fameros 1 e 999<br \/>\n&#8211; Rua Jo\u00e3o Alfredo, entre n\u00fameros 560 e 823<br \/>\n&#8211; Rua Herculano Pimenta, entre n\u00fameros 205 e 465<br \/>\n&#8211; Rua Pedro Oliveira Neves, entre N\u00fameros 242 e 340<br \/>\n&#8211; Rua Manoel Luiz Pego, entre n\u00fameros 58 e 1251<br \/>\n&#8211; Rua Juiz de Fora, entre n\u00fameros 26 e 261<br \/>\n&#8211; Rua Jo\u00e3o Ant\u00f4nio Gomes de Mel, entre n\u00fameros 9 e 422<br \/>\n&#8211; Rua Campos Sales, entre n\u00fameros 14 e 688<br \/>\n&#8211; Rua Juca Soyer, entre n\u00fameros 9 e 53 e entre 56 e 362<br \/>\n&#8211; Rua Nono Pimenta, entre n\u00fameros 56 e 503<br \/>\n&#8211; Rua Jo\u00e3o M. de Carvalho, entre n\u00fameros 11 e 30, Centro<br \/>\n&#8211; Avenida Joaquim Alves Vieira, entre n\u00fameros 228 e 1125<br \/>\n&#8211; Avenida Nossa Senhora das Gra\u00e7as, entre n\u00fameros 6 e 560<br \/>\n&#8211; Rua Rosa Otoni, entre n\u00fameros 303 e 665<br \/>\n&#8211; Rua Maria Moreira Andrade, entre n\u00fameros 37 e 860, Ac\u00e1cias<br \/>\n&#8211; Rua Timbiras, entre n\u00fameros 55 e 241<br \/>\n&#8211; Rua Dom Pedro I, entre n\u00fameros 121 e 217<br \/>\n&#8211; Rua Carlos Prates, entre n\u00fameros 170 e 824, Vila Oper\u00e1ria<br \/>\n&#8211; Rua Campos Sales, n\u00famero 279<br \/>\n&#8211; Rua Eust\u00e1quio F. Santos, entre n\u00fameros 2 e 363, Burac\u00e3o<br \/>\n&#8211; Rua Sebasti\u00e3o Vieira Otoni, n\u00fameros 45 e 112, Com. Cachoeira da Fuma\u00e7a<\/p>\n<p>Durante esse per\u00edodo, caso precise executar algum servi\u00e7o na instala\u00e7\u00e3o el\u00e9trica interna, o consumidor dever\u00e1 desligar antes a chave geral (disjuntor) para sua seguran\u00e7a.<\/p>\n<p>Esclarecemos que em fun\u00e7\u00e3o da complexidade dos servi\u00e7os a serem executados poder\u00e1 ocorrer atraso no hor\u00e1rio previsto ou cancelamento deste desligamento sem aviso pr\u00e9vio. Por medida de seguran\u00e7a todos os equipamentos devem ser considerados energizados durante o per\u00edodo mencionado. Caso os servi\u00e7os de melhoria sejam conclu\u00eddos antes do hor\u00e1rio indicado o fornecimento de energia el\u00e9trica ser\u00e1 restabelecido.<\/p>\n","protected":false},"excerpt":{"rendered":"<p>A Companhia Energ\u00e9tica de Minas Gerais (Cemig) informa que, na pr\u00f3xima segunda-feira(29\/12) realizar\u00e1 obra na Rede de Distribui\u00e7\u00e3o Urbana em Capelinha. Essa obra que vai tornar a rede mais segura, garantindo uma maior confiabilidade do fornecimento de energia para a popula\u00e7\u00e3o, a ind\u00fastria e o com\u00e9rcio local. Para executar esse trabalho com seguran\u00e7a, ser\u00e1 necess\u00e1rio [&hellip;]<\/p>\n","protected":false},"author":1,"featured_media":24001,"comment_status":"open","ping_status":"closed","sticky":false,"template":"","format":"standard","meta":{"amp_status":"","footnotes":""},"categories":[120],"tags":[132,7706,26910,27739,27740],"class_list":["post-48591","post","type-post","status-publish","format-standard","has-post-thumbnail","hentry","category-jequi","tag-capelinha","tag-cemig-realiza-obras-na-rede-eletrica-de-capelinha","tag-falta-de-energia-em-capelinha","tag-obras-da-cemig-em-capelinha","tag-obras-na-rede-eletrica-de-capelinha"],"_links":{"self":[{"href":"https:\/\/aconteceunovale.com.br\/portal\/index.php?rest_route=\/wp\/v2\/posts\/48591","targetHints":{"allow":["GET"]}}],"collection":[{"href":"https:\/\/aconteceunovale.com.br\/portal\/index.php?rest_route=\/wp\/v2\/posts"}],"about":[{"href":"https:\/\/aconteceunovale.com.br\/portal\/index.php?rest_route=\/wp\/v2\/types\/post"}],"author":[{"embeddable":true,"href":"https:\/\/aconteceunovale.com.br\/portal\/index.php?rest_route=\/wp\/v2\/users\/1"}],"replies":[{"embeddable":true,"href":"https:\/\/aconteceunovale.com.br\/portal\/index.php?rest_route=%2Fwp%2Fv2%2Fcomments&post=48591"}],"version-history":[{"count":0,"href":"https:\/\/aconteceunovale.com.br\/portal\/index.php?rest_route=\/wp\/v2\/posts\/48591\/revisions"}],"wp:featuredmedia":[{"embeddable":true,"href":"https:\/\/aconteceunovale.com.br\/portal\/index.php?rest_route=\/wp\/v2\/media\/24001"}],"wp:attachment":[{"href":"https:\/\/aconteceunovale.com.br\/portal\/index.php?rest_route=%2Fwp%2Fv2%2Fmedia&parent=48591"}],"wp:term":[{"taxonomy":"category","embeddable":true,"href":"https:\/\/aconteceunovale.com.br\/portal\/index.php?rest_route=%2Fwp%2Fv2%2Fcategories&post=48591"},{"taxonomy":"post_tag","embeddable":true,"href":"https:\/\/aconteceunovale.com.br\/portal\/index.php?rest_route=%2Fwp%2Fv2%2Ftags&post=48591"}],"curies":[{"name":"wp","href":"https:\/\/api.w.org\/{rel}","templated":true}]}}