{"id":48589,"date":"2014-12-23T10:39:46","date_gmt":"2014-12-23T13:39:46","guid":{"rendered":"http:\/\/aconteceunovale.com.br\/portal\/?p=48589"},"modified":"2014-12-23T10:39:46","modified_gmt":"2014-12-23T13:39:46","slug":"plantao-do-samu-no-norte-de-minas-gerais-22-de-dezembro-de-2014","status":"publish","type":"post","link":"https:\/\/aconteceunovale.com.br\/portal\/?p=48589","title":{"rendered":"Plant\u00e3o do Samu no Norte de Minas Gerais &#8211; 22 de dezembro de 2014"},"content":{"rendered":"<h4><strong><em>Segunda-feira, 22 de dezembro de 2014<\/em><\/strong><\/h4>\n<p>A unidade do SAMU de Montes Claros realizou na segunda-feira, 22\/12, 39 atendimentos, sendo 30 casos cl\u00ednicos, 8 em decorr\u00eancia de acidentes de tr\u00e2nsito, e 01 por agress\u00e3o f\u00edsica.<\/p>\n<p>Por volta das 12h, a unidade do Samu foi acionada para atendimento a v\u00edtimas de acidente ocorrido na MG-122, sentido para Jana\u00faba. Quatro pessoas da mesma fam\u00edlia viajavam de S\u00e3o Paulo para Bom Jesus da Lapa, quando o motorista perdeu o controle do ve\u00edculo, rodou e saiu da pista, batendo numa \u00e1rvore.  Um menino de 2 anos foi arremessado para fora do carro e morreu no local. Outra menina, de 3 anos, a m\u00e3e, de 33 anos, e o pai, de 41 anos, ficaram feridos e levados para a Santa Casa, em Montes Claros.<\/p>\n<p>\u00c0s 20h40, a unidade do Samu foi acionada para atendimento a um homem de 39 anos, que transitava de moto no bairro Alto S\u00e3o Jo\u00e3o e ficou ferido ap\u00f3s colidir contra um carro. Ele se queixava de dor lombar e apresentava escoria\u00e7\u00f5es nos bra\u00e7os, sem sinais de fratura.<\/p>\n<p>Por volta das 19h45 desta, uma mulher de 19 anos ficou ferida em uma colis\u00e3o entre moto e carreta ocorrida na Avenida Ipanema, bairro Vila Regina. Ela conduzia a moto e apresentava ferimento na cabe\u00e7a e apresentava escoria\u00e7\u00f5es no p\u00e9 esquerdo e na m\u00e3o direita. Se queixando de dor tor\u00e1cica.<\/p>\n<p>\u00c0s 17h30, a unidade do Samu foi acionada para atendimento a um homem de 34 anos que transitava de moto na rua Dr. Veloso, regi\u00e3o central de Montes Claros, e ficou ferido ao colidir contra um carro. Ele deambulava no local e apresentava escoria\u00e7\u00f5es nos bra\u00e7os e pernas.<\/p>\n<p>Uma mulher de 48 anos ficou ferida ap\u00f3s colidir de moto contra um carro por volta das 17h, na Avenida Geraldo Athayde, bairro Alto S\u00e3o Jo\u00e3o. Ela se queixava de dor nos bra\u00e7os, sem sinal de fratura ou outros ferimentos.<\/p>\n<p>\u00c0s 14h, a unidade do Samu foi acionada para atendimento a um homem de 74 anos que foi atropelado carro na Avenida Joao Luiz de Almeida, Vila Guilhermina. Ele se queixava de dor no f\u00eamur direito.<\/p>\n<p>Duas pessoas ficaram feridas em um acidente envolvendo duas motos ocorrido por volta das 13 horas, na Rua Primeiro Centen\u00e1rio, bairro C\u00e2ndida C\u00e2mara. O condutor de uma das motos, de 31 anos, apresentava escoria\u00e7\u00f5es no cotovelo esquerdo e se queixava de Dori intensa na regi\u00e3o lombar.  O condutor da outra moto, de 18 anos, sofreu pequenas escoria\u00e7\u00f5es.<\/p>\n<p>\u00c0s 4h, a unidade do Samu foi acionada para atendimento a um homem de 36 anos que sofreu agress\u00e3o f\u00edsica no bairro Alto S\u00e3o Jo\u00e3o. Ele apresentava corte contuso na cabe\u00e7a.<\/p>\n<p>Em todas as ocorr\u00eancias os feridos receberam os primeiros atendimentos no local e foram encaminhados ao hospital para avalia\u00e7\u00e3o.<\/p>\n","protected":false},"excerpt":{"rendered":"<p>Segunda-feira, 22 de dezembro de 2014 A unidade do SAMU de Montes Claros realizou na segunda-feira, 22\/12, 39 atendimentos, sendo 30 casos cl\u00ednicos, 8 em decorr\u00eancia de acidentes de tr\u00e2nsito, e 01 por agress\u00e3o f\u00edsica. Por volta das 12h, a unidade do Samu foi acionada para atendimento a v\u00edtimas de acidente ocorrido na MG-122, sentido [&hellip;]<\/p>\n","protected":false},"author":1,"featured_media":46383,"comment_status":"open","ping_status":"closed","sticky":false,"template":"","format":"standard","meta":{"amp_status":"","footnotes":""},"categories":[1236],"tags":[210,27738,18629,21139,4040],"class_list":["post-48589","post","type-post","status-publish","format-standard","has-post-thumbnail","hentry","category-norte_de_minas","tag-montes-claros","tag-plantao-do-samu-no-norte-de-minas-gerais-22-de-dezembro-de-2014","tag-samu-de-montes-claros","tag-samu-do-norte-de-minas","tag-samu-macro-norte"],"_links":{"self":[{"href":"https:\/\/aconteceunovale.com.br\/portal\/index.php?rest_route=\/wp\/v2\/posts\/48589","targetHints":{"allow":["GET"]}}],"collection":[{"href":"https:\/\/aconteceunovale.com.br\/portal\/index.php?rest_route=\/wp\/v2\/posts"}],"about":[{"href":"https:\/\/aconteceunovale.com.br\/portal\/index.php?rest_route=\/wp\/v2\/types\/post"}],"author":[{"embeddable":true,"href":"https:\/\/aconteceunovale.com.br\/portal\/index.php?rest_route=\/wp\/v2\/users\/1"}],"replies":[{"embeddable":true,"href":"https:\/\/aconteceunovale.com.br\/portal\/index.php?rest_route=%2Fwp%2Fv2%2Fcomments&post=48589"}],"version-history":[{"count":0,"href":"https:\/\/aconteceunovale.com.br\/portal\/index.php?rest_route=\/wp\/v2\/posts\/48589\/revisions"}],"wp:featuredmedia":[{"embeddable":true,"href":"https:\/\/aconteceunovale.com.br\/portal\/index.php?rest_route=\/wp\/v2\/media\/46383"}],"wp:attachment":[{"href":"https:\/\/aconteceunovale.com.br\/portal\/index.php?rest_route=%2Fwp%2Fv2%2Fmedia&parent=48589"}],"wp:term":[{"taxonomy":"category","embeddable":true,"href":"https:\/\/aconteceunovale.com.br\/portal\/index.php?rest_route=%2Fwp%2Fv2%2Fcategories&post=48589"},{"taxonomy":"post_tag","embeddable":true,"href":"https:\/\/aconteceunovale.com.br\/portal\/index.php?rest_route=%2Fwp%2Fv2%2Ftags&post=48589"}],"curies":[{"name":"wp","href":"https:\/\/api.w.org\/{rel}","templated":true}]}}