{"id":48570,"date":"2014-12-22T18:08:53","date_gmt":"2014-12-22T21:08:53","guid":{"rendered":"http:\/\/aconteceunovale.com.br\/portal\/?p=48570"},"modified":"2014-12-22T18:27:39","modified_gmt":"2014-12-22T21:27:39","slug":"crianca-de-um-ano-morre-em-acidente-na-mg-122-no-norte-de-minas","status":"publish","type":"post","link":"https:\/\/aconteceunovale.com.br\/portal\/?p=48570","title":{"rendered":"Crian\u00e7a de um ano morre em acidente na MG-122, no Norte de Minas"},"content":{"rendered":"<h4><strong><em>Motorista perdeu o controle do ve\u00edculo e bateu em uma \u00e1rvore. Casal e a outra filha, de 3 anos, ficaram feridos.<\/em><\/strong><\/h4>\n<p>Uma crian\u00e7a de um ano morreu em um grave acidente ocorrido no in\u00edcio da tarde desta segunda-feira, 22 de dezembro, na MG-112, pr\u00f3ximo ao trevo de Jana\u00faba, no Norte de Minas Gerais.<\/p>\n<p>De acordo com a Assessoria de Comunica\u00e7\u00e3o do Servi\u00e7o de Atendimento M\u00f3vel de Urg\u00eancia do Norte de Minas (SAMU Macro Norte), quatro pessoas da mesma fam\u00edlia viajavam no ve\u00edculo, quando o motorista teria perdido o controle direcional e batido em uma \u00e1rvore, ap\u00f3s rodar na pista.<\/p>\n<p>Com o impacto da batida, um beb\u00ea de apenas um ano ficou gravemente ferido e morreu no local. O pai dela e condutor do ve\u00edculo, Newton Cardoso de Souza, de 42 anos, a m\u00e3e, Raimunda Santos Cardoso, de 35 anos, e uma crian\u00e7a, de 3 anos, filha do casal, ficaram feridos. Eles foram socorridos por equipes do SAMU e encaminhados para atendimento m\u00e9dico na Santa Casa de Montes Claros.<\/p>\n<p><img decoding=\"async\" src=\"http:\/\/aconteceunovale.com.br\/portal\/wp-content\/uploads\/2014\/12\/acidente_janauba_22_12_1.jpg\" alt=\"\" \/><em>Acidente aconteceu pr\u00f3ximo ao trevo de Jana\u00faba &#8211; Foto: Divulga\u00e7\u00e3o\/SAMU<\/em><br \/>\n<\/br><\/p>\n<p><img decoding=\"async\" src=\"http:\/\/aconteceunovale.com.br\/portal\/wp-content\/uploads\/2014\/12\/acidente_janauba_22_12_2.jpg\" alt=\"\" \/><em>Acidente aconteceu pr\u00f3ximo ao trevo de Jana\u00faba &#8211; Foto: Divulga\u00e7\u00e3o\/SAMU<\/em><br \/>\n<\/br><\/p>\n<p><img decoding=\"async\" src=\"http:\/\/aconteceunovale.com.br\/portal\/wp-content\/uploads\/2014\/12\/acidente_janauba_22_12_3.jpg\" alt=\"\" \/><em>V\u00edtimas foram socorridas pelo SAMU e encaminhadas para Montes Claros &#8211; Foto: Divulga\u00e7\u00e3o\/SAMU<\/em><br \/>\n<\/br><\/p>\n<p><img decoding=\"async\" src=\"http:\/\/aconteceunovale.com.br\/portal\/wp-content\/uploads\/2014\/12\/acidente_janauba_22_12_4.jpg\" alt=\"\" \/><em>Acidente aconteceu pr\u00f3ximo ao trevo de Jana\u00faba &#8211; Foto: Divulga\u00e7\u00e3o\/SAMU<\/em><\/p>\n","protected":false},"excerpt":{"rendered":"<p>Motorista perdeu o controle do ve\u00edculo e bateu em uma \u00e1rvore. Casal e a outra filha, de 3 anos, ficaram feridos. Uma crian\u00e7a de um ano morreu em um grave acidente ocorrido no in\u00edcio da tarde desta segunda-feira, 22 de dezembro, na MG-112, pr\u00f3ximo ao trevo de Jana\u00faba, no Norte de Minas Gerais. De acordo [&hellip;]<\/p>\n","protected":false},"author":1,"featured_media":48571,"comment_status":"open","ping_status":"closed","sticky":false,"template":"","format":"standard","meta":{"amp_status":"","footnotes":""},"categories":[1236],"tags":[27712,27714,27707,27709,27711,9852,27710,27703,27701,27705,27704,27702,1018,27706,27708,27713],"class_list":["post-48570","post","type-post","status-publish","format-standard","has-post-thumbnail","hentry","category-norte_de_minas","tag-acidente-com-familia-de-santo-andre","tag-acidente-com-familia-de-santo-andre-que-seguia-para-a-bahia","tag-acidente-com-newton-cardoso-de-souza","tag-acidente-com-raimunda-santos-cardoso","tag-acidente-com-veiculo-de-santo-andre","tag-acidente-em-janauba","tag-acidente-proximo-do-trevo-de-janauba","tag-crianca-de-um-ano-morre-em-acidente-em-janauba","tag-crianca-de-um-ano-morre-em-acidente-na-mg-122","tag-crianca-de-um-ano-morre-em-acidente-na-mg-122-em-janauba","tag-crianca-de-um-ano-morre-em-acidente-na-mg-122-no-norte-de-minas","tag-crianca-de-um-ano-morre-em-acidente-no-norte-de-minas","tag-destaque","tag-newton-cardoso-de-souza","tag-raimunda-santos-cardoso","tag-santo-andre"],"_links":{"self":[{"href":"https:\/\/aconteceunovale.com.br\/portal\/index.php?rest_route=\/wp\/v2\/posts\/48570","targetHints":{"allow":["GET"]}}],"collection":[{"href":"https:\/\/aconteceunovale.com.br\/portal\/index.php?rest_route=\/wp\/v2\/posts"}],"about":[{"href":"https:\/\/aconteceunovale.com.br\/portal\/index.php?rest_route=\/wp\/v2\/types\/post"}],"author":[{"embeddable":true,"href":"https:\/\/aconteceunovale.com.br\/portal\/index.php?rest_route=\/wp\/v2\/users\/1"}],"replies":[{"embeddable":true,"href":"https:\/\/aconteceunovale.com.br\/portal\/index.php?rest_route=%2Fwp%2Fv2%2Fcomments&post=48570"}],"version-history":[{"count":0,"href":"https:\/\/aconteceunovale.com.br\/portal\/index.php?rest_route=\/wp\/v2\/posts\/48570\/revisions"}],"wp:featuredmedia":[{"embeddable":true,"href":"https:\/\/aconteceunovale.com.br\/portal\/index.php?rest_route=\/wp\/v2\/media\/48571"}],"wp:attachment":[{"href":"https:\/\/aconteceunovale.com.br\/portal\/index.php?rest_route=%2Fwp%2Fv2%2Fmedia&parent=48570"}],"wp:term":[{"taxonomy":"category","embeddable":true,"href":"https:\/\/aconteceunovale.com.br\/portal\/index.php?rest_route=%2Fwp%2Fv2%2Fcategories&post=48570"},{"taxonomy":"post_tag","embeddable":true,"href":"https:\/\/aconteceunovale.com.br\/portal\/index.php?rest_route=%2Fwp%2Fv2%2Ftags&post=48570"}],"curies":[{"name":"wp","href":"https:\/\/api.w.org\/{rel}","templated":true}]}}