{"id":48567,"date":"2014-12-22T17:54:29","date_gmt":"2014-12-22T20:54:29","guid":{"rendered":"http:\/\/aconteceunovale.com.br\/portal\/?p=48567"},"modified":"2014-12-22T17:54:29","modified_gmt":"2014-12-22T20:54:29","slug":"prefeito-do-leste-de-minas-improvisa-gabinete-na-praca-em-protesto-por-mais-seguranca","status":"publish","type":"post","link":"https:\/\/aconteceunovale.com.br\/portal\/?p=48567","title":{"rendered":"Prefeito do Leste de Minas improvisa gabinete na pra\u00e7a em protesto por mais seguran\u00e7a"},"content":{"rendered":"<h4><strong><em>Genil Mata, prefeito de Central de Minas, foi quem tomou a medida. Prefeito protocolou a\u00e7\u00e3o civil p\u00fablica contra o estado pedindo mais policiais.<\/em><\/strong><\/h4>\n<p>O munic\u00edpio de Central de Minas, no Leste de Minas Gerais tem pouco mais de 7 mil habitantes, segundo o IBGE. Em m\u00e9dia, a Pol\u00edcia Militar (PM) registra anualmente oito ocorr\u00eancias de furto, mas em 2014 esse n\u00famero mais que dobrou. At\u00e9 agora foram 18. Tr\u00eas delas s\u00f3 na \u00faltima semana.<\/p>\n<p>A preocupa\u00e7\u00e3o com novos assaltos na cidade \u00e9 t\u00e3o grande que o prefeito Genil Mata da Cruz improvisou um gabinete no meio da rua. A mudan\u00e7a aconteceu na semana passada e visa chamar a aten\u00e7\u00e3o para o problema do munic\u00edpio. Em novembro, a prefeitura de Central de Minas protocolou uma a\u00e7\u00e3o civil p\u00fablica contra o estado pedindo mais policiais.<\/p>\n<p>\u201cEsta a\u00e7\u00e3o civil prop\u00f5e que o n\u00famero de policiais na cidade passe de seis para 13. O n\u00famero de militares n\u00e3o \u00e9 suficiente para suprir a demanda do munic\u00edpio e dos distritos. \u00c0s vezes chegamos a ficar 11 horas sem policiais e muitos sequer moram aqui. Por isso, como protesto, o gabinete vai ficar no meio da rua at\u00e9 o dia 31 de dezembro\u201d, garante o prefeito Genil Mata.<\/p>\n<p>O comandante do 2\u00ba Grupamento da Pol\u00edcia Militar, sargento \u00c9lio Puluseno, respons\u00e1vel pelo patrulhamento na cidade, reconhece o problema. &#8220;Nas 11 horas em que o munic\u00edpio fica sem policiamento, s\u00e3o os militares de outras cidades que atendem as ocorr\u00eancias e \u00e9 dif\u00edcil fazer contato por telefone com a PM porque o 190 n\u00e3o funciona direito&#8221;, reconhece o comandante.<\/p>\n<p>Em contato com a reportagem a Secretaria de Estado de Defesa Social (Seds) disse que o respons\u00e1vel pelo assunto seria a Pol\u00edcia Militar de Minas Gerais. Na PM, a responsabilidade foi repassada ao grupamento de Central de Minas.<\/p>\n<p><img decoding=\"async\" src=\"http:\/\/aconteceunovale.com.br\/portal\/wp-content\/uploads\/2014\/12\/prefeito_genil_protesta.jpg\" alt=\"\" \/><em>Prefeito Genil Mata da Cruz vai despachar de um gabinete improvisado na pra\u00e7a at\u00e9 o \u00faltimo dia do ano (Foto: Ad\u00e3o de Freitas \/ Reprodu\u00e7\u00e3o Inter TV dos Vales)<\/em><br \/>\n<\/br><\/p>\n<p><strong><em>(Fonte: Inter TV dos Vales)<\/em><\/strong><\/p>\n","protected":false},"excerpt":{"rendered":"<p>Genil Mata, prefeito de Central de Minas, foi quem tomou a medida. Prefeito protocolou a\u00e7\u00e3o civil p\u00fablica contra o estado pedindo mais policiais. O munic\u00edpio de Central de Minas, no Leste de Minas Gerais tem pouco mais de 7 mil habitantes, segundo o IBGE. Em m\u00e9dia, a Pol\u00edcia Militar (PM) registra anualmente oito ocorr\u00eancias de [&hellip;]<\/p>\n","protected":false},"author":1,"featured_media":48568,"comment_status":"open","ping_status":"closed","sticky":false,"template":"","format":"standard","meta":{"amp_status":"","footnotes":""},"categories":[121],"tags":[1671,27698,27697,25186,27700,27699],"class_list":["post-48567","post","type-post","status-publish","format-standard","has-post-thumbnail","hentry","category-leste","tag-central-de-minas","tag-elio-puluseno","tag-genil-mata","tag-genil-mata-da-cruz","tag-prefeito-de-central-de-minas-improvisa-gabinete-na-praca-em-protesto-por-mais-seguranca","tag-prefeito-do-leste-de-minas-improvisa-gabinete-na-praca-em-protesto-por-mais-seguranca"],"_links":{"self":[{"href":"https:\/\/aconteceunovale.com.br\/portal\/index.php?rest_route=\/wp\/v2\/posts\/48567","targetHints":{"allow":["GET"]}}],"collection":[{"href":"https:\/\/aconteceunovale.com.br\/portal\/index.php?rest_route=\/wp\/v2\/posts"}],"about":[{"href":"https:\/\/aconteceunovale.com.br\/portal\/index.php?rest_route=\/wp\/v2\/types\/post"}],"author":[{"embeddable":true,"href":"https:\/\/aconteceunovale.com.br\/portal\/index.php?rest_route=\/wp\/v2\/users\/1"}],"replies":[{"embeddable":true,"href":"https:\/\/aconteceunovale.com.br\/portal\/index.php?rest_route=%2Fwp%2Fv2%2Fcomments&post=48567"}],"version-history":[{"count":0,"href":"https:\/\/aconteceunovale.com.br\/portal\/index.php?rest_route=\/wp\/v2\/posts\/48567\/revisions"}],"wp:featuredmedia":[{"embeddable":true,"href":"https:\/\/aconteceunovale.com.br\/portal\/index.php?rest_route=\/wp\/v2\/media\/48568"}],"wp:attachment":[{"href":"https:\/\/aconteceunovale.com.br\/portal\/index.php?rest_route=%2Fwp%2Fv2%2Fmedia&parent=48567"}],"wp:term":[{"taxonomy":"category","embeddable":true,"href":"https:\/\/aconteceunovale.com.br\/portal\/index.php?rest_route=%2Fwp%2Fv2%2Fcategories&post=48567"},{"taxonomy":"post_tag","embeddable":true,"href":"https:\/\/aconteceunovale.com.br\/portal\/index.php?rest_route=%2Fwp%2Fv2%2Ftags&post=48567"}],"curies":[{"name":"wp","href":"https:\/\/api.w.org\/{rel}","templated":true}]}}