{"id":48558,"date":"2014-12-22T17:08:48","date_gmt":"2014-12-22T20:08:48","guid":{"rendered":"http:\/\/aconteceunovale.com.br\/portal\/?p=48558"},"modified":"2014-12-22T17:10:04","modified_gmt":"2014-12-22T20:10:04","slug":"prazo-para-justificar-ausencia-ao-segundo-turno-termina-nesta-sexta-feira-26","status":"publish","type":"post","link":"https:\/\/aconteceunovale.com.br\/portal\/?p=48558","title":{"rendered":"Prazo para justificar aus\u00eancia ao segundo turno termina nesta sexta-feira (26)"},"content":{"rendered":"<p>Sexta-feira (26) \u00e9 o\u00a0<b>\u00faltimo dia<\/b>\u00a0para quem n\u00e3o votou e nem justificou a sua aus\u00eancia \u00e0s urnas no segundo turno das Elei\u00e7\u00f5es 2014 \u2013 26 de outubro \u2013 regularizar a sua situa\u00e7\u00e3o perante a Justi\u00e7a Eleitoral. O eleitor nesta situa\u00e7\u00e3o deve procurar o cart\u00f3rio eleitoral mais pr\u00f3ximo e apresentar o\u00a0<b>formul\u00e1rio de Requerimento de Justificativa Eleitoral<\/b>\u00a0preenchido, acompanhado de documento que comprove a impossibilidade de comparecimento ao pleito (um atestado m\u00e9dico, por exemplo). A justificativa tamb\u00e9m pode ser enviada pelos Correios ao juiz da Zona Eleitoral onde o eleitor est\u00e1 inscrito.<\/p>\n<p>O Requerimento de Justificativa Eleitoral, dispon\u00edvel para o eleitor em todos os cart\u00f3rios eleitorais, tamb\u00e9m pode ser impresso pelo <a href=\"http:\/\/www.tre-mg.jus.br\/eleitor\/requerimento-de-justificativa-eleitoral\">site do TRE-MG<\/a>. O preenchimento deve ser feito com\u00a0<b>bastante aten\u00e7\u00e3o<\/b>, j\u00e1 que, caso haja algum dado incorreto ou que n\u00e3o permita a identifica\u00e7\u00e3o do eleitor, a justificativa n\u00e3o ser\u00e1 considerada v\u00e1lida. \u00c9 importante lembrar que\u00a0<b>a justificativa vale apenas para um turno\u00a0<\/b>e o prazo para justificar a aus\u00eancia ao primeiro turno \u2013 5 de outubro \u2013 terminou no dia 5 de dezembro.<\/p>\n<p>Al\u00e9m do formul\u00e1rio preenchido e do documento que justifique a aus\u00eancia, o eleitor tamb\u00e9m deve levar ao cart\u00f3rio eleitoral um documento oficial com foto. Aquele que n\u00e3o estiver quite com a Justi\u00e7a Eleitoral sofre algumas\u00a0<b>limita\u00e7\u00f5es<\/b>, como a impossibilidade de emiss\u00e3o de documentos e de posse em cargo p\u00fablico. O eleitor que n\u00e3o votou, n\u00e3o justificou e nem pagou as multas referentes a tr\u00eas turnos consecutivos pode ter o seu t\u00edtulo cancelado.<\/p>\n<h4><b>Hor\u00e1rios de atendimento nos cart\u00f3rios<\/b><\/h4>\n<p>O eleitor que precisar comparecer \u00e0s Centrais de Atendimento \u00a0em\u00a0<b>Belo Horizonte<\/b>\u00a0para justificar pode faz\u00ea-lo, at\u00e9 o dia 26 de dezembro,\u00a0<b>das 8h \u00e0s 17h<\/b>. No\u00a0<b>interior<\/b>\u00a0do Estado, o atendimento ser\u00e1 das\u00a0<b>13h \u00e0s 17h<\/b>.<\/p>\n<p>Qualquer d\u00favida pode ser tirada por meio do\u00a0<b>Disque-Eleitor<\/b>\u00a0(148 ou 3291-0004), que atende no hor\u00e1rio normal,\u00a0<b>das 7h \u00e0s 19h<\/b>. \u00c9 importante lembrar que que n\u00e3o haver\u00e1 expediente nos dias 24 e 25.<\/p>\n<h4><b>Eleitor no exterior<\/b><\/h4>\n<p>O eleitor que n\u00e3o votou no primeiro e\/ou no segundo turno das Elei\u00e7\u00f5es 2014 porque estava no exterior tem o prazo de\u00a0<b>30 dias<\/b>, contados do seu retorno ao pa\u00eds, para justificar a aus\u00eancia. Nesse caso, ele deve apresentar as passagens e\/ou o passaporte, de modo a comprovar que estava fora do pa\u00eds nas datas dos pleitos.<\/p>\n<h4><b>Absten\u00e7\u00f5es<\/b><\/h4>\n<p>No segundo turno das Elei\u00e7\u00f5es 2014, 12.012.050 (78,83%) eleitores mineiros compareceram \u00e0s urnas, representando um \u00edndice de 21,17% de absten\u00e7\u00e3o. Em Belo Horizonte, 1.537.846 (80,55%) eleitores votaram, e a absten\u00e7\u00e3o representou 19,45%. No Brasil, o comparecimento \u00e0s urnas foi de 112.683.879 (78,89%) eleitores, enquanto o \u00edndice de absten\u00e7\u00e3o ficou em 21,11%. Outras informa\u00e7\u00f5es pelo Disque-Eleitor (148).<\/p>\n<p><em>(Fonte: Tribunal Regional Eleitoral de Minas Gerais)<\/em><\/p>\n","protected":false},"excerpt":{"rendered":"<p>Sexta-feira (26) \u00e9 o\u00a0\u00faltimo dia\u00a0para quem n\u00e3o votou e nem justificou a sua aus\u00eancia \u00e0s urnas no segundo turno das Elei\u00e7\u00f5es 2014 \u2013 26 de outubro \u2013 regularizar a sua situa\u00e7\u00e3o perante a Justi\u00e7a Eleitoral. O eleitor nesta situa\u00e7\u00e3o deve procurar o cart\u00f3rio eleitoral mais pr\u00f3ximo e apresentar o\u00a0formul\u00e1rio de Requerimento de Justificativa Eleitoral\u00a0preenchido, acompanhado [&hellip;]<\/p>\n","protected":false},"author":1,"featured_media":48559,"comment_status":"open","ping_status":"closed","sticky":false,"template":"","format":"standard","meta":{"amp_status":"","footnotes":""},"categories":[6],"tags":[27685,27684,27683,27686],"class_list":["post-48558","post","type-post","status-publish","format-standard","has-post-thumbnail","hentry","category-br","tag-justificar-voto-segundo-turno","tag-prazo-para-justificar-ausencia-ao-segundo-turno-termina-nesta-sexta-feira","tag-prazo-para-justificar-ausencia-ao-segundo-turno-termina-nesta-sexta-feira-26","tag-prazo-para-justificar-voto-segundo-turno"],"_links":{"self":[{"href":"https:\/\/aconteceunovale.com.br\/portal\/index.php?rest_route=\/wp\/v2\/posts\/48558","targetHints":{"allow":["GET"]}}],"collection":[{"href":"https:\/\/aconteceunovale.com.br\/portal\/index.php?rest_route=\/wp\/v2\/posts"}],"about":[{"href":"https:\/\/aconteceunovale.com.br\/portal\/index.php?rest_route=\/wp\/v2\/types\/post"}],"author":[{"embeddable":true,"href":"https:\/\/aconteceunovale.com.br\/portal\/index.php?rest_route=\/wp\/v2\/users\/1"}],"replies":[{"embeddable":true,"href":"https:\/\/aconteceunovale.com.br\/portal\/index.php?rest_route=%2Fwp%2Fv2%2Fcomments&post=48558"}],"version-history":[{"count":0,"href":"https:\/\/aconteceunovale.com.br\/portal\/index.php?rest_route=\/wp\/v2\/posts\/48558\/revisions"}],"wp:featuredmedia":[{"embeddable":true,"href":"https:\/\/aconteceunovale.com.br\/portal\/index.php?rest_route=\/wp\/v2\/media\/48559"}],"wp:attachment":[{"href":"https:\/\/aconteceunovale.com.br\/portal\/index.php?rest_route=%2Fwp%2Fv2%2Fmedia&parent=48558"}],"wp:term":[{"taxonomy":"category","embeddable":true,"href":"https:\/\/aconteceunovale.com.br\/portal\/index.php?rest_route=%2Fwp%2Fv2%2Fcategories&post=48558"},{"taxonomy":"post_tag","embeddable":true,"href":"https:\/\/aconteceunovale.com.br\/portal\/index.php?rest_route=%2Fwp%2Fv2%2Ftags&post=48558"}],"curies":[{"name":"wp","href":"https:\/\/api.w.org\/{rel}","templated":true}]}}