{"id":48555,"date":"2014-12-22T17:02:07","date_gmt":"2014-12-22T20:02:07","guid":{"rendered":"http:\/\/aconteceunovale.com.br\/portal\/?p=48555"},"modified":"2014-12-22T17:02:07","modified_gmt":"2014-12-22T20:02:07","slug":"justica-autoriza-saida-temporaria-de-fim-de-ano-para-mais-de-3-mil-presos-em-minas","status":"publish","type":"post","link":"https:\/\/aconteceunovale.com.br\/portal\/?p=48555","title":{"rendered":"Justi\u00e7a autoriza sa\u00edda tempor\u00e1ria de fim de ano para mais de 3 mil presos em Minas"},"content":{"rendered":"<h4><strong><em>Detentos em regime semiaberto e aberto t\u00eam direito a passar 35 dias por ano com a fam\u00edlia<\/em><\/strong><\/h4>\n<p>O benef\u00edcio de passar as festas de fim de ano com a fam\u00edlia foi autorizado para 3.355 presos em Minas, que deixam as pris\u00f5es nesta semana.<\/p>\n<p>A Justi\u00e7a concede o benef\u00edcio para detentos que cumprem pena nos regimes semiaberto e aberto e que tenham bom comportamento.<\/p>\n<p>Em 2014, s\u00e3o 2.534 sa\u00eddas tempor\u00e1rias no Natal e outras 821 no R\u00e9veillon, segundo a SEDS (Secretaria Estadual de Defesa Social).<\/p>\n<p>Cada sa\u00edda tem dura\u00e7\u00e3o de sete dias, per\u00edodo que o preso passa integralmente com a fam\u00edlia. S\u00e3o Concedidas cinco sa\u00eddas ao longo do ano, totalizando 35 dias, e que normalmente s\u00e3o cumpridas durante a P\u00e1scoa e dias das m\u00e3es. Caso n\u00e3o se reapresente ao final do per\u00edodo, o detento \u00e9 considerado foragido e perde direito ao benef\u00edcio. <strong>(R7)<\/strong><\/p>\n","protected":false},"excerpt":{"rendered":"<p>Detentos em regime semiaberto e aberto t\u00eam direito a passar 35 dias por ano com a fam\u00edlia O benef\u00edcio de passar as festas de fim de ano com a fam\u00edlia foi autorizado para 3.355 presos em Minas, que deixam as pris\u00f5es nesta semana. A Justi\u00e7a concede o benef\u00edcio para detentos que cumprem pena nos regimes [&hellip;]<\/p>\n","protected":false},"author":1,"featured_media":48556,"comment_status":"open","ping_status":"closed","sticky":false,"template":"","format":"standard","meta":{"amp_status":"","footnotes":""},"categories":[123],"tags":[27680,27679,27682,27681],"class_list":["post-48555","post","type-post","status-publish","format-standard","has-post-thumbnail","hentry","category-gerais","tag-induto-de-natal-e-ano-novo","tag-justica-autoriza-saida-temporaria-de-fim-de-ano-para-mais-de-3-mil-presos-em-minas","tag-saida-temporaria-de-presos-para-as-festas-de-fim-de-ano","tag-saida-temporaria-de-presos-para-o-natal-e-ano-novo"],"_links":{"self":[{"href":"https:\/\/aconteceunovale.com.br\/portal\/index.php?rest_route=\/wp\/v2\/posts\/48555","targetHints":{"allow":["GET"]}}],"collection":[{"href":"https:\/\/aconteceunovale.com.br\/portal\/index.php?rest_route=\/wp\/v2\/posts"}],"about":[{"href":"https:\/\/aconteceunovale.com.br\/portal\/index.php?rest_route=\/wp\/v2\/types\/post"}],"author":[{"embeddable":true,"href":"https:\/\/aconteceunovale.com.br\/portal\/index.php?rest_route=\/wp\/v2\/users\/1"}],"replies":[{"embeddable":true,"href":"https:\/\/aconteceunovale.com.br\/portal\/index.php?rest_route=%2Fwp%2Fv2%2Fcomments&post=48555"}],"version-history":[{"count":0,"href":"https:\/\/aconteceunovale.com.br\/portal\/index.php?rest_route=\/wp\/v2\/posts\/48555\/revisions"}],"wp:featuredmedia":[{"embeddable":true,"href":"https:\/\/aconteceunovale.com.br\/portal\/index.php?rest_route=\/wp\/v2\/media\/48556"}],"wp:attachment":[{"href":"https:\/\/aconteceunovale.com.br\/portal\/index.php?rest_route=%2Fwp%2Fv2%2Fmedia&parent=48555"}],"wp:term":[{"taxonomy":"category","embeddable":true,"href":"https:\/\/aconteceunovale.com.br\/portal\/index.php?rest_route=%2Fwp%2Fv2%2Fcategories&post=48555"},{"taxonomy":"post_tag","embeddable":true,"href":"https:\/\/aconteceunovale.com.br\/portal\/index.php?rest_route=%2Fwp%2Fv2%2Ftags&post=48555"}],"curies":[{"name":"wp","href":"https:\/\/api.w.org\/{rel}","templated":true}]}}