{"id":48551,"date":"2014-12-22T16:57:23","date_gmt":"2014-12-22T19:57:23","guid":{"rendered":"http:\/\/aconteceunovale.com.br\/portal\/?p=48551"},"modified":"2014-12-22T16:57:58","modified_gmt":"2014-12-22T19:57:58","slug":"justica-de-minas-gerais-manda-prender-o-cantor-latino","status":"publish","type":"post","link":"https:\/\/aconteceunovale.com.br\/portal\/?p=48551","title":{"rendered":"Justi\u00e7a de Minas Gerais manda prender o cantor Latino"},"content":{"rendered":"<h4><strong><em>A agenda de shows foi exclu\u00edda do site oficial e artista pode ser preso em outros estados.<\/em><\/strong><\/h4>\n<p>A ordem \u00e9 pelo n\u00e3o pagamento de pens\u00e3o aliment\u00edcia de uma filha de seis anos, que teve com uma cabeleireira de Manhua\u00e7u, na Zona da Mata.<\/p>\n<p>A Justi\u00e7a vai enviar a notifica\u00e7\u00e3o para os estados do Rio e S\u00e3o Paulo, onde o cantor tem resid\u00eancia. Caso n\u00e3o seja encontrado, ser\u00e1 considerado foragido. A agenda oficial de shows foi exclu\u00edda do site oficial do cantor e ele n\u00e3o foi localizado ainda para falar sobre o assunto.<\/p>\n<p>O cantor tem processos movidos contra ele por conta de pens\u00f5es aliment\u00edcias que estariam atrasadas. Neusimar Cosendei, Jack Blandy e Glaucia Deneno, entraram na justi\u00e7a com o pedido de pens\u00e3o, que segundo Latino n\u00e3o poderia ser pago nem com ele trabalhando todos os dias.<\/p>\n<p>&#8220;Nem fazendo show todos os dias eu conseguiria pagar o que pedem. Elas n\u00e3o querem aproxima\u00e7\u00e3o de pai e, sim, viver de pens\u00e3o. At\u00e9 tr\u00eas sal\u00e1rios m\u00ednimos eu pago porque \u00e9 justo quando se junta os dois lados. Tr\u00eas meus e tr\u00eas delas. Mais do que isso \u00e9 extors\u00e3o. Prefiro ser preso a ver isso acontecer&#8221;, desabafa.<\/p>\n<p>Latino prefere manter sigilo sobre o andamento dos processos. &#8220;Tudo corre em segredo de Justi\u00e7a. Estou orientado por meus advogados. Todos esses filhos s\u00e3o reconhecidos, sim! S\u00f3 n\u00e3o sou idiota para ficar pagando o que elas querem. Pago tr\u00eas sal\u00e1rios m\u00ednimos para cada, e \u00e9 isso que me comporta. O problema \u00e9 que ningu\u00e9m quer trabalhar. Elas querem viver das minhas pens\u00f5es&#8221;, diz.<\/p>\n<p>Cantor conta ainda que j\u00e1 pensou em criar os tr\u00eas filhos envolvidos nos processos. &#8220;\u00c9 o que eu vou fazer j\u00e1, j\u00e1. Pedir a guarda delas&#8221;, desafia.<\/p>\n<p><img decoding=\"async\" src=\"http:\/\/aconteceunovale.com.br\/portal\/wp-content\/uploads\/2014\/12\/latino_prisao.jpg\" alt=\"\" \/><em>Latino poder\u00e1 ser preso por n\u00e3o pagar pens\u00e3o aliment\u00edcia &#8211; Foto: Reprodu\u00e7\u00e3o<\/em><br \/>\n<\/br><\/p>\n<p><strong><em>(Fonte: Jornal da Alterosa e Di\u00e1rio do A\u00e7o)<\/em><\/strong><\/p>\n","protected":false},"excerpt":{"rendered":"<p>A agenda de shows foi exclu\u00edda do site oficial e artista pode ser preso em outros estados. A ordem \u00e9 pelo n\u00e3o pagamento de pens\u00e3o aliment\u00edcia de uma filha de seis anos, que teve com uma cabeleireira de Manhua\u00e7u, na Zona da Mata. A Justi\u00e7a vai enviar a notifica\u00e7\u00e3o para os estados do Rio e [&hellip;]<\/p>\n","protected":false},"author":1,"featured_media":48552,"comment_status":"open","ping_status":"closed","sticky":false,"template":"","format":"standard","meta":{"amp_status":"","footnotes":""},"categories":[123],"tags":[27675,27674,27673,27677,27676,27678,209,27672],"class_list":["post-48551","post","type-post","status-publish","format-standard","has-post-thumbnail","hentry","category-gerais","tag-cantor-latino-podera-ser-preso","tag-glaucia-deneno","tag-jack-blandy","tag-justica-de-minas-gerais-manda-prender-o-cantor-latino","tag-justica-mineira-manda-prender-o-cantor-latino","tag-latino-podera-ser-preso-por-nao-pagar-pensao-alimenticia","tag-manhuacu","tag-neusimar-cosendei"],"_links":{"self":[{"href":"https:\/\/aconteceunovale.com.br\/portal\/index.php?rest_route=\/wp\/v2\/posts\/48551","targetHints":{"allow":["GET"]}}],"collection":[{"href":"https:\/\/aconteceunovale.com.br\/portal\/index.php?rest_route=\/wp\/v2\/posts"}],"about":[{"href":"https:\/\/aconteceunovale.com.br\/portal\/index.php?rest_route=\/wp\/v2\/types\/post"}],"author":[{"embeddable":true,"href":"https:\/\/aconteceunovale.com.br\/portal\/index.php?rest_route=\/wp\/v2\/users\/1"}],"replies":[{"embeddable":true,"href":"https:\/\/aconteceunovale.com.br\/portal\/index.php?rest_route=%2Fwp%2Fv2%2Fcomments&post=48551"}],"version-history":[{"count":0,"href":"https:\/\/aconteceunovale.com.br\/portal\/index.php?rest_route=\/wp\/v2\/posts\/48551\/revisions"}],"wp:featuredmedia":[{"embeddable":true,"href":"https:\/\/aconteceunovale.com.br\/portal\/index.php?rest_route=\/wp\/v2\/media\/48552"}],"wp:attachment":[{"href":"https:\/\/aconteceunovale.com.br\/portal\/index.php?rest_route=%2Fwp%2Fv2%2Fmedia&parent=48551"}],"wp:term":[{"taxonomy":"category","embeddable":true,"href":"https:\/\/aconteceunovale.com.br\/portal\/index.php?rest_route=%2Fwp%2Fv2%2Fcategories&post=48551"},{"taxonomy":"post_tag","embeddable":true,"href":"https:\/\/aconteceunovale.com.br\/portal\/index.php?rest_route=%2Fwp%2Fv2%2Ftags&post=48551"}],"curies":[{"name":"wp","href":"https:\/\/api.w.org\/{rel}","templated":true}]}}