{"id":48543,"date":"2014-12-22T11:58:14","date_gmt":"2014-12-22T14:58:14","guid":{"rendered":"http:\/\/aconteceunovale.com.br\/portal\/?p=48543"},"modified":"2014-12-22T11:58:14","modified_gmt":"2014-12-22T14:58:14","slug":"dilma-diz-que-vai-consultar-ministerio-publico-antes-de-anunciar-novos-ministros","status":"publish","type":"post","link":"https:\/\/aconteceunovale.com.br\/portal\/?p=48543","title":{"rendered":"Dilma diz que vai consultar Minist\u00e9rio P\u00fablico antes de anunciar novos ministros"},"content":{"rendered":"<p>A presidenta Dilma Rousseff disse hoje (22) que vai anunciar os novos ministros de seu governo at\u00e9 o pr\u00f3ximo dia 29 e antecipou que far\u00e1 consultas ao Minist\u00e9rio P\u00fablico (MP) antes de decidir. \u201cEu consultarei o MP mais uma vez. Para qualquer pessoa que for indicar, eu consultarei\u201d, afirmou<\/p>\n<p>A sinaliza\u00e7\u00e3o esperada pelo governo \u00e9 sobre nomes citados nas dela\u00e7\u00f5es premiadas de presos pela Opera\u00e7\u00e3o Lava Jato, da Pol\u00edcia Federal, que investiga irregularidades em neg\u00f3cios da Petrobras. Durante caf\u00e9 da manh\u00e3 com jornalistas, Dilma lembrou que tem pedido informa\u00e7\u00f5es ao \u00f3rg\u00e3o, mas completou: \u201cEu s\u00f3 quero que me diga sim ou n\u00e3o. N\u00e3o quero saber o que eles n\u00e3o podem me dizer\u201d.<\/p>\n<p>Ainda em rela\u00e7\u00e3o \u00e0s den\u00fancias envolvendo a estatal, ela informou que vai anunciar, depois dos ministros empossados, o segundo escal\u00e3o do governo que envolve diretorias de bancos e inst\u00e2ncias consultivas, como o Conselho de Administra\u00e7\u00e3o da Petrobras.<\/p>\n<p>\u201cAt\u00e9 por considera\u00e7\u00e3o com o novo ministro. Sem ter nomeado o ministro de Minas e Energia, como eu indico um conselho que \u00e9 subordinado a ele?\u201d, explicou. Dilma voltou a afirmar que n\u00e3o pretende trocar a presidenta da Petrobras, Gra\u00e7a Foster, e manifestou confian\u00e7a na atual dirigente da estatal. \u201cTem que ter prova apresentada sobre qualquer conduta da presidente. Eu conhe\u00e7o a Gra\u00e7a Foster, sei da sua seriedade e lisura. \u00c9 importante saber qual \u00e9 a prova. N\u00e3o vejo nenhum ind\u00edcio de irregularidade na diretoria da Petrobras\u201d, acrescentou.<\/p>\n<p>A presidenta defendeu que as investiga\u00e7\u00f5es continuem, mas classificou como \u201csimplistas\u201d as suspeitas de que Gra\u00e7a Foster sabia das irregularidades por ocupar o maior cargo da empresa. A mesma express\u00e3o foi usada para as cr\u00edticas \u00e0s indica\u00e7\u00f5es pol\u00edticas de alguns cargos. \u201cEu n\u00e3o vou demonizar indica\u00e7\u00f5es pol\u00edticas. \u00c9 de um simplismo grotesco. O problema do Brasil n\u00e3o \u00e9 se s\u00e3o pol\u00edticos ou t\u00e9cnicos. Ningu\u00e9m est\u00e1 acima do bem e do mal\u201d, avaliou.<\/p>\n<p>Dilma disse que foram \u201cabsurdos os volumes de dinheiro de alguns funcion\u00e1rios. Acho que as pessoas que participam de irregularidades t\u00eam que ser punidas\u201d, disse.<\/p>\n<p><strong><em>(Ag\u00eancia Minas)<\/em><\/strong><\/p>\n","protected":false},"excerpt":{"rendered":"<p>A presidenta Dilma Rousseff disse hoje (22) que vai anunciar os novos ministros de seu governo at\u00e9 o pr\u00f3ximo dia 29 e antecipou que far\u00e1 consultas ao Minist\u00e9rio P\u00fablico (MP) antes de decidir. \u201cEu consultarei o MP mais uma vez. Para qualquer pessoa que for indicar, eu consultarei\u201d, afirmou A sinaliza\u00e7\u00e3o esperada pelo governo \u00e9 [&hellip;]<\/p>\n","protected":false},"author":1,"featured_media":42591,"comment_status":"open","ping_status":"closed","sticky":false,"template":"","format":"standard","meta":{"amp_status":"","footnotes":""},"categories":[6],"tags":[27654,2162,27657,27655,27656,18095],"class_list":["post-48543","post","type-post","status-publish","format-standard","has-post-thumbnail","hentry","category-br","tag-dilma-diz-que-vai-consultar-ministerio-publico-antes-de-anunciar-novos-ministros","tag-dilma-rousseff","tag-graca-foster","tag-ministerio-publico","tag-ministros","tag-operacao-lava-jato"],"_links":{"self":[{"href":"https:\/\/aconteceunovale.com.br\/portal\/index.php?rest_route=\/wp\/v2\/posts\/48543","targetHints":{"allow":["GET"]}}],"collection":[{"href":"https:\/\/aconteceunovale.com.br\/portal\/index.php?rest_route=\/wp\/v2\/posts"}],"about":[{"href":"https:\/\/aconteceunovale.com.br\/portal\/index.php?rest_route=\/wp\/v2\/types\/post"}],"author":[{"embeddable":true,"href":"https:\/\/aconteceunovale.com.br\/portal\/index.php?rest_route=\/wp\/v2\/users\/1"}],"replies":[{"embeddable":true,"href":"https:\/\/aconteceunovale.com.br\/portal\/index.php?rest_route=%2Fwp%2Fv2%2Fcomments&post=48543"}],"version-history":[{"count":0,"href":"https:\/\/aconteceunovale.com.br\/portal\/index.php?rest_route=\/wp\/v2\/posts\/48543\/revisions"}],"wp:featuredmedia":[{"embeddable":true,"href":"https:\/\/aconteceunovale.com.br\/portal\/index.php?rest_route=\/wp\/v2\/media\/42591"}],"wp:attachment":[{"href":"https:\/\/aconteceunovale.com.br\/portal\/index.php?rest_route=%2Fwp%2Fv2%2Fmedia&parent=48543"}],"wp:term":[{"taxonomy":"category","embeddable":true,"href":"https:\/\/aconteceunovale.com.br\/portal\/index.php?rest_route=%2Fwp%2Fv2%2Fcategories&post=48543"},{"taxonomy":"post_tag","embeddable":true,"href":"https:\/\/aconteceunovale.com.br\/portal\/index.php?rest_route=%2Fwp%2Fv2%2Ftags&post=48543"}],"curies":[{"name":"wp","href":"https:\/\/api.w.org\/{rel}","templated":true}]}}